{"id":24309,"date":"2021-09-30T19:24:08","date_gmt":"2021-09-30T19:24:08","guid":{"rendered":"https:\/\/blog.ilgiornale.it\/franza\/?p=24309"},"modified":"2021-09-30T19:24:08","modified_gmt":"2021-09-30T19:24:08","slug":"gigi-guadagnucci-sculture-tra-bianco-e-colore-lomaggio-allo-scultore-al-forte-leopoldo-i-a-forte-dei-marmi","status":"publish","type":"post","link":"https:\/\/blog.ilgiornale.it\/franza\/2021\/09\/30\/gigi-guadagnucci-sculture-tra-bianco-e-colore-lomaggio-allo-scultore-al-forte-leopoldo-i-a-forte-dei-marmi\/","title":{"rendered":"Gigi Guadagnucci, sculture tra bianco e colore.  L\u2019omaggio allo scultore al Forte Leopoldo I a Forte dei Marmi."},"content":{"rendered":"<p><strong><a href=\"https:\/\/blog.ilgiornale.it\/franza\/files\/2021\/09\/gigi.gif\"><img loading=\"lazy\" class=\"alignleft size-full wp-image-24310\" src=\"https:\/\/blog.ilgiornale.it\/franza\/files\/2021\/09\/gigi.gif\" alt=\"\" width=\"220\" height=\"311\" \/><\/a>Gigi G<\/strong><strong>u<\/strong><strong>adagnucci (Massa 1915 &#8211; 2013). \u00a0La sfida del bianco all\u2019universo del colore<\/strong>\u00a0\u00e8 il progetto che la Societ\u00e0 di Belle Arti, con il Patrocinio del<a href=\"https:\/\/blog.ilgiornale.it\/franza\/files\/2021\/09\/Gudagnucci-e1633029320366.jpg\"><img loading=\"lazy\" class=\"size-full wp-image-24311 alignright\" src=\"https:\/\/blog.ilgiornale.it\/franza\/files\/2021\/09\/Gudagnucci-e1633029320366.jpg\" alt=\"\" width=\"420\" height=\"236\" \/><\/a> Comune di Forte dei Marmi e in collaborazione\u00a0con Villa Bertelli, propone dal 18 \u00a0settembre 2021 (visitabile fino al 7 novembre 2021) negli spazi del Forte Leopoldo I, simbolo della Citt\u00e0 toscana.<\/p>\n<p>&nbsp;<\/p>\n<p><strong>Attraverso una mirata selezione di circa quindici sculture provenienti dallo studio dell\u2019artista versiliese,<\/strong>\u00a0la mostra mette in risalto la produzione astratta parigina, a partire dalla fine degli anni Cinquanta. \u201c<strong>Scoperta\u201d da Claude Rivi\u00e8re e ammirata da Marc Gaillard e Pierre Courthion, che definisce Gigi Guadagnucci \u201cpoeta della forma\u201d<\/strong>\u00a0apprezzando \u201ci suoi sogni e i suoi umori, i suoi dubbi e le sue convinzioni, la sua ragione di vita, la sua passione, il suo genio\u201d, l\u2019opera di Guadagnucci si \u00e8 nutrita del fervore artistico respirato a Montparnasse, a contatto con gli interpreti delle tendenze pi\u00f9 aggiornate del momento: da Giacometti a Zadkine, da Klein e Tinguely, da Moore, Lipchitz sino a Marini.<\/p>\n<p>Un progetto che, a otto anni dalla morte e a tredici dall\u2019ultima personale alla Galleria Forni di Bologna, invita a riconsiderare l\u2019opera di Guadagnucci tra le pi\u00f9 originali del suo tempo per l\u2019estro creativo nella trasfigurazione della <a href=\"https:\/\/blog.ilgiornale.it\/franza\/files\/2021\/09\/d8177fa655c23718ca8b90a2fd160f11_gigiguadagnucci-e1633029354470.jpg\"><img loading=\"lazy\" class=\"wp-image-24312 alignright\" src=\"https:\/\/blog.ilgiornale.it\/franza\/files\/2021\/09\/d8177fa655c23718ca8b90a2fd160f11_gigiguadagnucci-e1633029354470.jpg\" alt=\"\" width=\"227\" height=\"312\" \/><\/a>realt\u00e0, secondo le linee e le immagini della <a href=\"https:\/\/blog.ilgiornale.it\/franza\/files\/2021\/09\/Museo-Guadagnucci-buono-e1633029392342.jpg\"><img loading=\"lazy\" class=\"alignleft  wp-image-24313\" src=\"https:\/\/blog.ilgiornale.it\/franza\/files\/2021\/09\/Museo-Guadagnucci-buono-e1633029392342.jpg\" alt=\"\" width=\"345\" height=\"203\" \/><\/a>contemporaneit\u00e0.<\/p>\n<p>Nella concentrazione di forme protese nell\u2019aria alla ricerca di una dimensione che ne esalti l\u2019armonia, la mostra restituisce il profilo di un artista di grande talento, raffinato ed elegante che, forgiatosi nella \u201cbella montagna di marmo\u201d, dov\u2019\u00e8 nato e cresciuto, plasma con audacia una materia con la quale l\u2019uomo da sempre si confronta, rendendola leggera e delicata, al limite dell\u2019impalpabile, trasformandola \u201cnelle pi\u00f9 svariate figure &#8211; sono parole dello scultore &#8211; in epidermidi di fanciulle appena sbocciate, in trasparenze di petali di fiori attraversati dai raggi del sole e cambiati in molti colori, in meteore bianchissime anche, in lame sensuali e folli di velocit\u00e0, di ieri, di oggi, di sempre\u201d.<\/p>\n<p>\u00c8 il pensiero che sta dietro ad un lavoro estremamente sofisticato, che la mostra esalta con originalit\u00e0, contrapponendo, in una sorta di sfida, il candore assoluto di quelle form<a href=\"https:\/\/blog.ilgiornale.it\/franza\/files\/2021\/09\/received-1916316755264816-1.jpg\"><img loading=\"lazy\" class=\"alignleft  wp-image-24314\" src=\"https:\/\/blog.ilgiornale.it\/franza\/files\/2021\/09\/received-1916316755264816-1.jpg\" alt=\"\" width=\"284\" height=\"213\" srcset=\"https:\/\/blog.ilgiornale.it\/franza\/files\/2021\/09\/received-1916316755264816-1.jpg 550w, https:\/\/blog.ilgiornale.it\/franza\/files\/2021\/09\/received-1916316755264816-1-300x225.jpg 300w\" sizes=\"(max-width: 284px) 100vw, 284px\" \/><\/a>e aeree alla vivezza di una straordinaria galleria di nature morte \u2013 anch\u2019esse prestiti eccezionali, esposte al primo piano &#8211; dove ad imporsi \u00e8 invece il colore.<\/p>\n<p><img loading=\"lazy\" class=\" wp-image-24315 alignright\" src=\"https:\/\/blog.ilgiornale.it\/franza\/files\/2021\/09\/opere-guadagnucci-ph-amici-e1633029471948.jpg\" alt=\"\" width=\"336\" height=\"224\" \/><\/p>\n<p><strong>In realt\u00e0, l\u2019ossimoro estetico generato dall\u2019affiancamento ai lavori di Guadagnucci delle raffigurazioni silenti di Donghi, De Chirico, De Pisis, Ghiglia, Lloyd, Longoni e di altri protagonisti del Novecento che nella natura morta hanno trasferito parte dell\u2019interiorit\u00e0 e percezione visiva non \u00e8 pi\u00f9 di tanto provocatorio, vista la comune ricerca di plasticit\u00e0, eleganza e purezza assoluta.<\/strong><\/p>\n<p><strong>Carlo Franza <\/strong><\/p>\n<p>&nbsp;<\/p>\n<p><strong>\u00a0<\/strong><\/p>\n<p>&nbsp;<\/p>\n","protected":false},"excerpt":{"rendered":"<p><p>Gigi Guadagnucci (Massa 1915 &#8211; 2013). \u00a0La sfida del bianco all\u2019universo del colore\u00a0\u00e8 il progetto che la Societ\u00e0 di Belle Arti, con il Patrocinio del Comune di Forte dei Marmi e in collaborazione\u00a0con Villa Bertelli, propone dal 18 \u00a0settembre 2021 (visitabile fino al 7 novembre 2021) negli spazi del Forte Leopoldo I, simbolo della Citt\u00e0 toscana. &nbsp; Attraverso una mirata selezione di circa quindici sculture provenienti dallo studio dell\u2019artista versiliese,\u00a0la mostra mette in risalto la produzione astratta parigina, a partire dalla fine degli anni Cinquanta. \u201cScoperta\u201d da Claude Rivi\u00e8re e ammirata da Marc Gaillard e Pierre Courthion, che definisce Gigi [&hellip;]<\/p>\n&nbsp;&nbsp;<div class=\"readmore\"><a href=\"https:\/\/blog.ilgiornale.it\/franza\/2021\/09\/30\/gigi-guadagnucci-sculture-tra-bianco-e-colore-lomaggio-allo-scultore-al-forte-leopoldo-i-a-forte-dei-marmi\/\">Continua a leggere...<\/a><\/div><\/p>","protected":false},"author":1009,"featured_media":0,"comment_status":"open","ping_status":"closed","sticky":false,"template":"","format":"standard","meta":[],"categories":[44800,59246,59281,53889,53888,53709,53710,9894,10357,28386,44545,44441,87,44697,26,17505,35188,28369,17494],"tags":[420124,420125,420126,420123,355195],"_links":{"self":[{"href":"https:\/\/blog.ilgiornale.it\/franza\/wp-json\/wp\/v2\/posts\/24309"}],"collection":[{"href":"https:\/\/blog.ilgiornale.it\/franza\/wp-json\/wp\/v2\/posts"}],"about":[{"href":"https:\/\/blog.ilgiornale.it\/franza\/wp-json\/wp\/v2\/types\/post"}],"author":[{"embeddable":true,"href":"https:\/\/blog.ilgiornale.it\/franza\/wp-json\/wp\/v2\/users\/1009"}],"replies":[{"embeddable":true,"href":"https:\/\/blog.ilgiornale.it\/franza\/wp-json\/wp\/v2\/comments?post=24309"}],"version-history":[{"count":1,"href":"https:\/\/blog.ilgiornale.it\/franza\/wp-json\/wp\/v2\/posts\/24309\/revisions"}],"predecessor-version":[{"id":24316,"href":"https:\/\/blog.ilgiornale.it\/franza\/wp-json\/wp\/v2\/posts\/24309\/revisions\/24316"}],"wp:attachment":[{"href":"https:\/\/blog.ilgiornale.it\/franza\/wp-json\/wp\/v2\/media?parent=24309"}],"wp:term":[{"taxonomy":"category","embeddable":true,"href":"https:\/\/blog.ilgiornale.it\/franza\/wp-json\/wp\/v2\/categories?post=24309"},{"taxonomy":"post_tag","embeddable":true,"href":"https:\/\/blog.ilgiornale.it\/franza\/wp-json\/wp\/v2\/tags?post=24309"}],"curies":[{"name":"wp","href":"https:\/\/api.w.org\/{rel}","templated":true}]}}