{"id":24510,"date":"2021-10-21T20:41:16","date_gmt":"2021-10-21T20:41:16","guid":{"rendered":"https:\/\/blog.ilgiornale.it\/franza\/?p=24510"},"modified":"2021-10-21T20:42:03","modified_gmt":"2021-10-21T20:42:03","slug":"linstallazione-artistica-di-nudo-dellartista-spencer-tunick-nel-paesaggio-desertico-intorno-ad-arad","status":"publish","type":"post","link":"https:\/\/blog.ilgiornale.it\/franza\/2021\/10\/21\/linstallazione-artistica-di-nudo-dellartista-spencer-tunick-nel-paesaggio-desertico-intorno-ad-arad\/","title":{"rendered":"L\u2019installazione artistica di nudo dell\u2019artista Spencer Tunick nel paesaggio desertico intorno ad ARAD."},"content":{"rendered":"<p><strong><a href=\"https:\/\/blog.ilgiornale.it\/franza\/files\/2021\/10\/CDER2RK2QZGYPLQZZFT6VLERXY.jpg\"><img loading=\"lazy\" class=\"alignleft wp-image-24511\" src=\"https:\/\/blog.ilgiornale.it\/franza\/files\/2021\/10\/CDER2RK2QZGYPLQZZFT6VLERXY.jpg\" alt=\"\" width=\"451\" height=\"319\" srcset=\"https:\/\/blog.ilgiornale.it\/franza\/files\/2021\/10\/CDER2RK2QZGYPLQZZFT6VLERXY.jpg 829w, https:\/\/blog.ilgiornale.it\/franza\/files\/2021\/10\/CDER2RK2QZGYPLQZZFT6VLERXY-300x212.jpg 300w, https:\/\/blog.ilgiornale.it\/franza\/files\/2021\/10\/CDER2RK2QZGYPLQZZFT6VLERXY-768x543.jpg 768w\" sizes=\"(max-width: 451px) 100vw, 451px\" \/><\/a>Duecento persone tra uomini e donne, con il corpo nudo dipinto di bianco, hanno partecipato nel sud d\u2019Israele vicino al Mar Morto, nella zona di Arad, all\u2019ultimo progetto dell\u2019artista americano Spencer Tunick. Il 54enne artista, famoso per le sue foto di massa di nudi scattate in tutto il mondo, \u00e8 stato invitato dalle autorit\u00e0 per la terza volta a riprendere lo specchio d\u2019acqua che si ritira.<\/strong> La prima volta che aveva fotografato il Mar Morto era un decennio fa e aveva coinvolto un migliaio di modelli nudi, ripresi sulle rive del lago salato, prima di tornarci cinque anni dopo. Il progetto artistico ha suscitato alcune critiche tra i pi\u00f9 conservatori nello Stato ebraico, ma ha ricevuto il finanziamento del ministero del Turismo e della citt\u00e0 di Arad.\u00a0L\u2019installazione fotografica \u00e8 stata progettata per supportare l\u2019istituzione del nuovo\u00a0Museo del Mar Morto ad Arad e per contribuire alla promozione delle zone pi\u00f9 suggestive, ma forse ancora in parte<a href=\"https:\/\/blog.ilgiornale.it\/franza\/files\/2021\/10\/061934018-ed16aba5-6cdd-4aaa-8272-28f4a676f254-e1634848805885.jpg\"><img loading=\"lazy\" class=\" wp-image-24516 alignright\" src=\"https:\/\/blog.ilgiornale.it\/franza\/files\/2021\/10\/061934018-ed16aba5-6cdd-4aaa-8272-28f4a676f254-e1634848805885.jpg\" alt=\"\" width=\"489\" height=\"275\" \/><\/a> sconosciute al grande pubblico, del sud del Paese. In collaborazione con il Ministero del Turismo israeliano, il Comune di Arad, il Dead Sea Revival Project, l\u2019artista americano \u00e8 tornato nella regione del Mar Morto dopo due precedenti installazioni che hanno ottenuto riconoscimenti internazionali.<\/p>\n<p>Tunick ha realizzato installazioni, tra le altre, a New York, Londra, Vienna, Barcellona e Sydney: oggi, Arad si unisce a questa illustre lista ospitando l\u2019artista grazie al Ministero del Turismo di Israele. L\u2019evento \u00e8 durato circa tre ore, durante le quali l\u2019artista ha posizionato i modelli volontari e la macchina fotografica, in base allo sfondo e alla luce. Scopo dell\u2019iniziativa \u00e8 attirare l\u2019attenzione sull\u2019importanza di preservare e tutelare il Mar Morto, nonch\u00e9 sull\u2019istituzione del Museo del Mar Morto che sar\u00e0 costruito ad Arad, sotto l\u2019iniziativa e la guida di Ari Fruchter che ha reclutato Tunick per la campagna promozionale. E\u2019 interessante sapere perch\u00e9 \u00e8 stata scelta questa zona per ospitare Tunick, principalmente \u00a0per la sua vicinanza al Mar Morto e il suo potenziale turistico. Vanta 1.500 camere in bed and breakfast, hotel e ostelli, numerosi percorsi escursionistici e ciclabili, ed \u00e8 vicina a numerose attrazioni turistiche internazionali della zona, come Masada, il Mar Morto e Tel Arad.<\/p>\n<p><strong><a href=\"https:\/\/blog.ilgiornale.it\/franza\/files\/2021\/10\/unnamed-1-97.jpg\"><img loading=\"lazy\" class=\"alignleft size-full wp-image-24513\" src=\"https:\/\/blog.ilgiornale.it\/franza\/files\/2021\/10\/unnamed-1-97.jpg\" alt=\"\" width=\"600\" height=\"270\" srcset=\"https:\/\/blog.ilgiornale.it\/franza\/files\/2021\/10\/unnamed-1-97.jpg 600w, https:\/\/blog.ilgiornale.it\/franza\/files\/2021\/10\/unnamed-1-97-300x135.jpg 300w\" sizes=\"(max-width: 600px) 100vw, 600px\" \/><\/a>Ecco cosa hanno detto in merito all\u2019installazione di Spencer Tunich, le personalit\u00e0 istituzionali israeliane. Il ministro del Turismo Yoel Razvozov ha detto<\/strong>: \u201cOgni immagine pubblicata dall\u2019artista rappresenta una spinta turistica per Israele. Milioni di persone da tutto il mondo vedono la bellezza e il potenziale turistico di Arad e del Mar Morto. Mentre Israele apre i cieli ai turisti vaccinati, non vediamo l\u2019ora di accoglierli ancora una volta nei paesaggi unici della regione del Mar Morto, una delle principali destinazioni turistiche di Israele\u201d.<a href=\"https:\/\/blog.ilgiornale.it\/franza\/files\/2021\/10\/OIF.jpg\"><img loading=\"lazy\" class=\"size-full wp-image-24514 alignright\" src=\"https:\/\/blog.ilgiornale.it\/franza\/files\/2021\/10\/OIF.jpg\" alt=\"\" width=\"474\" height=\"267\" srcset=\"https:\/\/blog.ilgiornale.it\/franza\/files\/2021\/10\/OIF.jpg 474w, https:\/\/blog.ilgiornale.it\/franza\/files\/2021\/10\/OIF-300x169.jpg 300w\" sizes=\"(max-width: 474px) 100vw, 474px\" \/><\/a><\/p>\n<p><strong>Ecco le parole del sindaco di Arad Nisan Ben Hamo<\/strong>: \u201cSiamo orgogliosi di ospitare un artista di tale levatura come Spencer Tunick. Abbiamo dimostrato che Arad \u00e8 bella dall\u2019esterno e dall\u2019interno, una citt\u00e0 democratica, liberale e pluralista con comunit\u00e0 e culture diverse\u201d.<\/p>\n<p><strong><a href=\"https:\/\/blog.ilgiornale.it\/franza\/files\/2021\/10\/israele-morto-mar-tunick-spencer-r022-e1634848850509.jpg\"><img loading=\"lazy\" class=\"alignleft wp-image-24517\" src=\"https:\/\/blog.ilgiornale.it\/franza\/files\/2021\/10\/israele-morto-mar-tunick-spencer-r022-e1634848850509.jpg\" alt=\"\" width=\"452\" height=\"301\" \/><\/a>E ancora la direttrice dell\u2019ufficio nazionale israeliano del turismo a Milano Kalanit Goren Perry:<\/strong> \u201cPochi posti nel mondo ospitano paesaggi di cos\u00ec grande bellezza e hanno l\u2019ardimento di partecipare ad un\u2019installazione cos\u00ec particolare. Siamo fieri di aver contributo a questa buona causa in modo cos\u00ec originale, potendo cos\u00ec far conoscere al pubblico italiano un luogo ricco di storia, cultura e natura come la citt\u00e0 di Arad\u201d.<\/p>\n<p><strong>L\u2019artista Spencer Tunick ha dichiarato: <\/strong>\u201c\u00c8 difficile nascondere il fatto che il Mar Morto sta scomparendo e l\u2019istituzione del Museo del Mar Morto \u00e8 il nostro modo per creare consapevolezza di questo fatto. La mia visita in Israele \u00e8 stata un\u2019esperienza unica \u2013 prima di tutto per me \u2013 e sono sempre felice di tornare qui e fotografare nell\u2019unico paese del Medio Oriente che consente un\u2019arte come questa\u201d.<\/p>\n<p><strong>Il capo del Consiglio regionale di Tamar Nir Wanger ha affermato:<\/strong> \u201cIl Consiglio regionale di Tamar ha investito milioni di shekel negli ultimi anni in questioni relative all\u2019estinzione del Mar Morto e alla sensibilizzazione sia a livello internazionale che locale, tra cui, tra gli altri, il concorso New 7Wonders of the World . Negli ultimi anni, i consigli regionali di Tamar e Megillot e i ministeri competenti guidati dal Ministero della protezione ambientale con la decisione del governo 3742 stanno lavorando per avanzare soluzioni a queste importanti questioni\u201d.<\/p>\n<p><strong>Carlo Franza<\/strong><\/p>\n<p>&nbsp;<\/p>\n<p>&nbsp;<\/p>\n","protected":false},"excerpt":{"rendered":"<p><p>Duecento persone tra uomini e donne, con il corpo nudo dipinto di bianco, hanno partecipato nel sud d\u2019Israele vicino al Mar Morto, nella zona di Arad, all\u2019ultimo progetto dell\u2019artista americano Spencer Tunick. Il 54enne artista, famoso per le sue foto di massa di nudi scattate in tutto il mondo, \u00e8 stato invitato dalle autorit\u00e0 per la terza volta a riprendere lo specchio d\u2019acqua che si ritira. La prima volta che aveva fotografato il Mar Morto era un decennio fa e aveva coinvolto un migliaio di modelli nudi, ripresi sulle rive del lago salato, prima di tornarci cinque anni dopo. Il [&hellip;]<\/p>\n&nbsp;&nbsp;<div class=\"readmore\"><a href=\"https:\/\/blog.ilgiornale.it\/franza\/2021\/10\/21\/linstallazione-artistica-di-nudo-dellartista-spencer-tunick-nel-paesaggio-desertico-intorno-ad-arad\/\">Continua a leggere...<\/a><\/div><\/p>","protected":false},"author":1009,"featured_media":0,"comment_status":"open","ping_status":"closed","sticky":false,"template":"","format":"standard","meta":[],"categories":[150,59281,9894,10357,44441,87,28340,28308,66686,17505,28369,59390,4625,409394],"tags":[421921,421926,421922,28299,17514,355195,421923,421925,421924],"_links":{"self":[{"href":"https:\/\/blog.ilgiornale.it\/franza\/wp-json\/wp\/v2\/posts\/24510"}],"collection":[{"href":"https:\/\/blog.ilgiornale.it\/franza\/wp-json\/wp\/v2\/posts"}],"about":[{"href":"https:\/\/blog.ilgiornale.it\/franza\/wp-json\/wp\/v2\/types\/post"}],"author":[{"embeddable":true,"href":"https:\/\/blog.ilgiornale.it\/franza\/wp-json\/wp\/v2\/users\/1009"}],"replies":[{"embeddable":true,"href":"https:\/\/blog.ilgiornale.it\/franza\/wp-json\/wp\/v2\/comments?post=24510"}],"version-history":[{"count":3,"href":"https:\/\/blog.ilgiornale.it\/franza\/wp-json\/wp\/v2\/posts\/24510\/revisions"}],"predecessor-version":[{"id":24519,"href":"https:\/\/blog.ilgiornale.it\/franza\/wp-json\/wp\/v2\/posts\/24510\/revisions\/24519"}],"wp:attachment":[{"href":"https:\/\/blog.ilgiornale.it\/franza\/wp-json\/wp\/v2\/media?parent=24510"}],"wp:term":[{"taxonomy":"category","embeddable":true,"href":"https:\/\/blog.ilgiornale.it\/franza\/wp-json\/wp\/v2\/categories?post=24510"},{"taxonomy":"post_tag","embeddable":true,"href":"https:\/\/blog.ilgiornale.it\/franza\/wp-json\/wp\/v2\/tags?post=24510"}],"curies":[{"name":"wp","href":"https:\/\/api.w.org\/{rel}","templated":true}]}}