{"id":25043,"date":"2021-12-19T19:36:28","date_gmt":"2021-12-19T19:36:28","guid":{"rendered":"https:\/\/blog.ilgiornale.it\/franza\/?p=25043"},"modified":"2021-12-19T20:30:09","modified_gmt":"2021-12-19T20:30:09","slug":"il-premio-delle-arti-premio-della-cultura-xxxiii-edizione-del-2021-e-la-cerimonia-di-premiazione-dei-vincitori-levento-a-milano-insignito-del-premio-lambasciatore-stefano-baldi","status":"publish","type":"post","link":"https:\/\/blog.ilgiornale.it\/franza\/2021\/12\/19\/il-premio-delle-arti-premio-della-cultura-xxxiii-edizione-del-2021-e-la-cerimonia-di-premiazione-dei-vincitori-levento-a-milano-insignito-del-premio-lambasciatore-stefano-baldi\/","title":{"rendered":"Il Premio delle Arti-Premio della Cultura   XXXIII edizione del 2021 e la Cerimonia di Premiazione dei Vincitori. L\u2019evento a Milano. Insignito del Premio l\u2019Ambasciatore Stefano Baldi."},"content":{"rendered":"<p><strong><a href=\"https:\/\/blog.ilgiornale.it\/franza\/files\/2021\/12\/IMG_4860-e1639941579480.jpg\"><img loading=\"lazy\" class=\"alignleft wp-image-25044\" src=\"https:\/\/blog.ilgiornale.it\/franza\/files\/2021\/12\/IMG_4860-e1639941579480.jpg\" alt=\"\" width=\"335\" height=\"251\" \/><\/a>E\u2019 giunto alla XXXIII edizione \u2013 Milano 2021 \u00a0\u00a0il PREMIO DELLE ARTI- PREMIO DELLA CULTURA.\u00a0 Mercoled\u00ec 15 dicembre\u00a0 2021, alle ore 17.00 vi \u00e8 stata Premiazione dei Vincitori del Premio delle Arti\/Premio della Cu<a href=\"https:\/\/blog.ilgiornale.it\/franza\/files\/2021\/12\/IMG_4827-e1639941626524.jpg\"><img loading=\"lazy\" class=\" wp-image-25045 alignright\" src=\"https:\/\/blog.ilgiornale.it\/franza\/files\/2021\/12\/IMG_4827-e1639941626524.jpg\" alt=\"\" width=\"323\" height=\"242\" \/><\/a>ltura- Edizione XXXIII del 2021 nel \u00a0<\/strong><strong>Salone dell\u2019Orologio \u00a0di \u00a0Milano PerCorsi in Corso Buenos Aires 79 &#8211; 20124 Milano.<\/strong><\/p>\n<p>Durante la cerimonia di premiazione, <strong>il Professor Carlo Franza<\/strong>, illustre \u00a0Storico dell&#8217;Arte Moderna e Contemporanea e <strong>Presidente della Giuria<\/strong>, ha tenuto \u00a0una lectio magistralis su <strong>\u201cDall\u2019arte della Comunicazione alla Comunicazione\u00a0 dell\u2019Arte e della Cultura\u201d, soffermandosi maggiormente sulla frase di \u00a0<\/strong><strong>Arthur Schopenhauer<\/strong> che dice: \u201cDire molte parole e comunicare pochi pensieri \u00e8 dovunque segno infallibile di mediocrit\u00e0; invece segno di testa eccellente \u00e8 il saper rinchiudere molti pensieri in poche parole\u201d.<\/p>\n<p>Il Premio Internazionale fondato a Milano nel 1988, da un drappello di valorosi uomini di cultura (giornalisti, scrittori e docenti universitari) \u00e8 ormai istituzione di vasto respiro culturale, capace ancora di indicare e campionare al pubblico internazionale nomi di artisti, intellettuali e <a href=\"https:\/\/blog.ilgiornale.it\/franza\/files\/2021\/12\/Caroprese1-300x225-1.jpeg\"><img loading=\"lazy\" class=\"alignleft size-full wp-image-25046\" src=\"https:\/\/blog.ilgiornale.it\/franza\/files\/2021\/12\/Caroprese1-300x225-1.jpeg\" alt=\"\" width=\"300\" height=\"225\" \/><\/a>professionisti di sicura professionalit\u00e0 e competenza, come d\u2019altronde \u00e8 stato nelle precedenti edizioni. L\u2019ambito riconoscimento va a puntare il dito, annualmente, non solo su nomi di chiara fama nell\u2019ambito delle Arti in genere, ma mette in risalto anche giovani eccellenze che si aprono a un futuro ricco di speranze.<\/p>\n<p>La Giuria internazionale, composta da otto giurati e presieduta dall\u2019illustre Storico dell\u2019Arte Moderna e Contemporanea, Prof. Carlo Franza,<a href=\"https:\/\/blog.ilgiornale.it\/franza\/files\/2021\/12\/premio-della-cultura5-300x225-1.jpeg\"><img loading=\"lazy\" class=\"size-full wp-image-25047 alignright\" src=\"https:\/\/blog.ilgiornale.it\/franza\/files\/2021\/12\/premio-della-cultura5-300x225-1.jpeg\" alt=\"\" width=\"300\" height=\"225\" \/><\/a> intellettuale di chiara fama, attraverso pi\u00f9 sessioni di lavoro ha proceduto anche quest&#8217;anno alla rosa dei vincitori, cui \u00e8 stata consegnata la Pergamena con la motivazione della Giuria e la Targa Argentea<strong>. Gremito il Salone dell\u2019orologio dove si svolgeva l\u2019evento con invitati provenienti da diverse regioni italiane. Presenti al tavolo dell\u2019evento il Presidente della Giuria del prestigiosissimo premio italiano il Prof. Carlo Franza che aveva alla sua destra l\u2019illustrissimo Ambasciatore Stefano Baldi <\/strong><strong>Rappresentante Permanente d\u2019Italia presso l\u2019OSCE a Vienna dal 2021<\/strong><strong>, <\/strong><strong>il Dottor Francesco Caroprese Vicepresidente dell\u2019Ordine dei Giornalisti della Lombardia, il Dottor Marcello Guadalupi Presidente di Milano PerCorsi, il Dottor Francesco Franza giornalista e altre personalit\u00e0.<\/strong><\/p>\n<p><strong><a href=\"https:\/\/blog.ilgiornale.it\/franza\/files\/2021\/12\/20211215_173546-e1639941802127.jpg\"><img loading=\"lazy\" class=\"alignleft size-full wp-image-25049\" src=\"https:\/\/blog.ilgiornale.it\/franza\/files\/2021\/12\/20211215_173546-e1639941802127.jpg\" alt=\"\" width=\"339\" height=\"254\" \/><\/a>A S. E. l\u2019Ambasciatore Stefano Baldi \u00a0\u00e8 andato il Premio\u00a0 della Cultura \u00a02021 con la seguente motivazione:<\/strong> \u00a0<strong>\u201c<em>Premio della Cultura \u00a0S. E. <\/em>STEFANO BALDI<em> \u00a0\u00a0<\/em>Ambasciatore OSCE \u2013 Vienna\u201d . <\/strong><strong>\u201cQuesto nobilitante Premio della Cultura \u00a0a S. E. l\u2019 Ambasciatore\u00a0 Stefano Baldi per il suo costante impegno profuso nella ricerca e nella divulgazione della conoscenza della diplomazia e dei diplomatici italiani, \u00a0per la conservazione e la trasmissione della memoria storica diplomatica attraverso l\u2019ideazione e la promozione di iniziative culturali e scientifiche tese a valorizzazione di diplomatici italiani e della loro produzione letteraria; inoltre per le ricerche che ha condotto nel<a href=\"https:\/\/blog.ilgiornale.it\/franza\/files\/2021\/12\/lirica2-300x225-2.jpeg\"><img loading=\"lazy\" class=\"size-full wp-image-25050 alignright\" src=\"https:\/\/blog.ilgiornale.it\/franza\/files\/2021\/12\/lirica2-300x225-2.jpeg\" alt=\"\" width=\"300\" height=\"225\" \/><\/a> corso di molti anni, \u00a0e la scoperta del ricco patrimonio librario e fotografico della diplomazia italiana attraverso due articolati progetti intitolati la \u00a0\u201cPenna del diplomatico\u201d e \u201cImmaginario diplomatico\u201d. \u00a0E ancora per essere autore e curatore di \u00a0libri, \u00a0e anche \u00a0di \u00a0una mostra divulgativa dedicata a Leonardo da Vinci, tradotta in 13 lingue, esposta in 32 citt\u00e0 e \u00a0in 25 Paesi nel mondo. \u00a0Soprattutto nel quinquennio in cui \u00e8 stato direttore dell\u2019Istituto diplomatico egli ha contribuito alla maggiore presa di coscienza dei giovani diplomatici e del valore e del potenziale della diplomazia culturale. S.E. l\u2019Ambasciatore Stefano Baldi \u00e8 esempio di come tradizione e innovazione rappresentino non solo la diplomazia, ma anche altri settori del nostro Paese; e le numerose pubblicazioni sul tema e la sperimentazione di nuove tecnologie dell\u2019informazione nell\u2019ambito della diplomazia culturale, lo hanno reso un punto di riferimento per lo sviluppo di una comunicazione d\u2019avanguardia, efficace per la promozione dell\u2019immagine dell\u2019Italia nel mondo\u201d.<\/strong><\/p>\n<p><strong><a href=\"https:\/\/blog.ilgiornale.it\/franza\/files\/2021\/12\/IMG_4258-scaled-e1639941924333.jpg\"><img loading=\"lazy\" class=\"alignleft wp-image-25051\" src=\"https:\/\/blog.ilgiornale.it\/franza\/files\/2021\/12\/IMG_4258-scaled-e1639941924333.jpg\" alt=\"\" width=\"336\" height=\"224\" \/><\/a>Gi\u00e0 il <\/strong><strong>1 dicembre 2016, un altro illustrissimo Ambasciatore italiano S. E. \u00a0\u00a0Gaetano Cortese riceveva il Premio della Cultura al Circolo della Stampa di Milano sito in Palazzo Bocconi, dal Presidente della Giuria il Prof. Carlo Franza, come da foto<a href=\"https:\/\/blog.ilgiornale.it\/franza\/files\/2021\/12\/FullSizeRender-e1639941972336.jpg\"><img loading=\"lazy\" class=\" wp-image-25052 alignright\" src=\"https:\/\/blog.ilgiornale.it\/franza\/files\/2021\/12\/FullSizeRender-e1639941972336.jpg\" alt=\"\" width=\"377\" height=\"283\" \/><\/a> allegata che lo ritrae con la Prof.ssa Sidsel Marie Hover, consorte dell&#8217;Ambasciatore Cortese e il suddetto Presidente.\u00a0 Anche allora la stampa italiana ed estera salut\u00f2 l\u2019evento come un prezioso riconoscimento a chi da anni cura la collana sulle Ambasciate d\u2019Italia nel Mondo per l\u2019Editore Colombo. <\/strong><\/p>\n<p><strong>\u00a0<\/strong><strong>Questi i Vincitori della\u00a0 XXXIII edizione 2021\u00a0<\/strong><\/p>\n<p><em>Premio delle Arti <\/em><strong>\u00a0\u00a0FAUSTA SQUATRITI<\/strong><\/p>\n<p><em>Premio della Cultura \u00a0\u00a0<\/em><strong>STEFANO BALDI<\/strong><em> \u00a0\u00a0<\/em><strong>Ambasciatore OSCE &#8211; Vienna<\/strong><\/p>\n<p><em>Premio per il Marketing e il Management Culturale\u00a0\u00a0 <\/em><strong>MARCELLO GUADALUPI<\/strong><\/p>\n<p><em>Saggistica<\/em><strong> \u00a0\u00a0\u00a0LUIGI MAZZOLA per il libro \u201cAvanti tutta\u201d Lupetti editore<\/strong><\/p>\n<p><em>Scultura \u00a0\u00a0<\/em><strong>NICOLA SALVATORE<\/strong><\/p>\n<p><em>Premio Linguaggi Multimediali \u00a0\u00a0<\/em><strong>ENRICO PEZZOLI<\/strong><\/p>\n<p><em>Premio della Critica \u00a0\u00a0<\/em><strong>PATRIZIA QUADRELLI<\/strong><\/p>\n<p><em>Premio della Giuria \u00a0\u00a0<\/em><strong>VIVIANA CUOZZO<\/strong><\/p>\n<p><em>Premio dell\u2019Europa \u00a0\u00a0<\/em><strong>SOUNDUS RAGH<\/strong><\/p>\n<p><em>Premio dei Musei \u00a0\u00a0<\/em><strong>ANNA MONTANARO<\/strong><\/p>\n<p><em>Premio l\u2019Eccellenza dell\u2019Arte \u00a0\u00a0<\/em><strong>RAFFAELE SCAGLIONE<\/strong><\/p>\n<p><em>Artista dell\u2019anno<\/em><strong> \u00a0\u00a0PRIMO FORMENTI<\/strong><\/p>\n<p><em>Premio per la Lirica \u00a0\u00a0<\/em><strong>ELISA PITTAU<\/strong><\/p>\n<p><em>Premio Dodici Stelle d\u2019Europa per il Gusto \u00a0<\/em><strong>\u00a0CHEF PIETRO LA TORRE Catering &#8211; Canicatt\u00ec (AG)<\/strong><\/p>\n<p><em>Arte del Gusto International \u00a0<\/em><strong>\u00a0MARCO DE RONZO &#8211; PASTIFICIO DE RONZO &#8211; Spongano (LE)<\/strong><\/p>\n<p><em>\u00a0Arte del Gusto Italy\u00a0 \u00a0<\/em><strong>PANIFICIO SAN GIUSEPPE di GIACOMO ZIMBARDO &#8211; Cammarata(AG) <\/strong><em>Azienda dell\u2019Anno 2021<\/em><strong> MANCUSO GELATI ITALIANI 1920 di Mancuso Vincenzo &amp; C. Grotte(AG) <\/strong><\/p>\n<p><em>Imprenditoria \u00a0\u00a0<\/em><strong>FRISA\u2019 BISTROT\u00a0 di Paride Sans\u00f2 &#8211; Milano<\/strong><\/p>\n<p><em>Ambasciatore dell\u2019Arte\u00a0\u00a0 <\/em><strong>MOKHTAR JELASSI<\/strong><\/p>\n<p><em>Ambasciatore dell\u2019Arte \u00a0\u00a0<\/em><strong>GIANNI BUCHER SCHENKER<\/strong><\/p>\n<p><strong>\u00a0<\/strong><strong>Carlo Franza<\/strong><\/p>\n<p>&nbsp;<\/p>\n<p>&nbsp;<\/p>\n","protected":false},"excerpt":{"rendered":"<p><p>E\u2019 giunto alla XXXIII edizione \u2013 Milano 2021 \u00a0\u00a0il PREMIO DELLE ARTI- PREMIO DELLA CULTURA.\u00a0 Mercoled\u00ec 15 dicembre\u00a0 2021, alle ore 17.00 vi \u00e8 stata Premiazione dei Vincitori del Premio delle Arti\/Premio della Cultura- Edizione XXXIII del 2021 nel \u00a0Salone dell\u2019Orologio \u00a0di \u00a0Milano PerCorsi in Corso Buenos Aires 79 &#8211; 20124 Milano. Durante la cerimonia di premiazione, il Professor Carlo Franza, illustre \u00a0Storico dell&#8217;Arte Moderna e Contemporanea e Presidente della Giuria, ha tenuto \u00a0una lectio magistralis su \u201cDall\u2019arte della Comunicazione alla Comunicazione\u00a0 dell\u2019Arte e della Cultura\u201d, soffermandosi maggiormente sulla frase di \u00a0Arthur Schopenhauer che dice: \u201cDire molte parole e comunicare [&hellip;]<\/p>\n&nbsp;&nbsp;<div class=\"readmore\"><a href=\"https:\/\/blog.ilgiornale.it\/franza\/2021\/12\/19\/il-premio-delle-arti-premio-della-cultura-xxxiii-edizione-del-2021-e-la-cerimonia-di-premiazione-dei-vincitori-levento-a-milano-insignito-del-premio-lambasciatore-stefano-baldi\/\">Continua a leggere...<\/a><\/div><\/p>","protected":false},"author":1009,"featured_media":0,"comment_status":"open","ping_status":"closed","sticky":false,"template":"","format":"standard","meta":[],"categories":[44800,108264,59281,35499,9894,10357,386468,44545,44441,87,28308,44697,26,64,28369,774,17494,51665,4625],"tags":[231149,444234,444236,444243,444242,444241,444235,263712,44700,444229,444239,355513,421914,416380,444237,263796,376443,444238,444231,444240,418844,355195,59483,444233,444230,444232],"_links":{"self":[{"href":"https:\/\/blog.ilgiornale.it\/franza\/wp-json\/wp\/v2\/posts\/25043"}],"collection":[{"href":"https:\/\/blog.ilgiornale.it\/franza\/wp-json\/wp\/v2\/posts"}],"about":[{"href":"https:\/\/blog.ilgiornale.it\/franza\/wp-json\/wp\/v2\/types\/post"}],"author":[{"embeddable":true,"href":"https:\/\/blog.ilgiornale.it\/franza\/wp-json\/wp\/v2\/users\/1009"}],"replies":[{"embeddable":true,"href":"https:\/\/blog.ilgiornale.it\/franza\/wp-json\/wp\/v2\/comments?post=25043"}],"version-history":[{"count":1,"href":"https:\/\/blog.ilgiornale.it\/franza\/wp-json\/wp\/v2\/posts\/25043\/revisions"}],"predecessor-version":[{"id":25053,"href":"https:\/\/blog.ilgiornale.it\/franza\/wp-json\/wp\/v2\/posts\/25043\/revisions\/25053"}],"wp:attachment":[{"href":"https:\/\/blog.ilgiornale.it\/franza\/wp-json\/wp\/v2\/media?parent=25043"}],"wp:term":[{"taxonomy":"category","embeddable":true,"href":"https:\/\/blog.ilgiornale.it\/franza\/wp-json\/wp\/v2\/categories?post=25043"},{"taxonomy":"post_tag","embeddable":true,"href":"https:\/\/blog.ilgiornale.it\/franza\/wp-json\/wp\/v2\/tags?post=25043"}],"curies":[{"name":"wp","href":"https:\/\/api.w.org\/{rel}","templated":true}]}}