{"id":25711,"date":"2022-03-01T11:21:27","date_gmt":"2022-03-01T11:21:27","guid":{"rendered":"https:\/\/blog.ilgiornale.it\/franza\/?p=25711"},"modified":"2022-03-01T11:26:05","modified_gmt":"2022-03-01T11:26:05","slug":"160-anni-di-civica-i-concerti-per-il-160-anniversario-della-nascita-della-civica-scuola-di-musica-claudio-abbado-di-milano-1862","status":"publish","type":"post","link":"https:\/\/blog.ilgiornale.it\/franza\/2022\/03\/01\/160-anni-di-civica-i-concerti-per-il-160-anniversario-della-nascita-della-civica-scuola-di-musica-claudio-abbado-di-milano-1862\/","title":{"rendered":"160 anni di Civica. I concerti per il 160\u00b0 anniversario della nascita della Civica Scuola di Musica Claudio Abbado di Milano (1862)."},"content":{"rendered":"<p><a href=\"https:\/\/blog.ilgiornale.it\/franza\/files\/2022\/03\/DSCF7212-phMarinaAlessi-web.jpg\"><img loading=\"lazy\" class=\" wp-image-25712 alignright\" src=\"https:\/\/blog.ilgiornale.it\/franza\/files\/2022\/03\/DSCF7212-phMarinaAlessi-web.jpg\" alt=\"\" width=\"316\" height=\"474\" srcset=\"https:\/\/blog.ilgiornale.it\/franza\/files\/2022\/03\/DSCF7212-phMarinaAlessi-web.jpg 867w, https:\/\/blog.ilgiornale.it\/franza\/files\/2022\/03\/DSCF7212-phMarinaAlessi-web-200x300.jpg 200w, https:\/\/blog.ilgiornale.it\/franza\/files\/2022\/03\/DSCF7212-phMarinaAlessi-web-683x1024.jpg 683w, https:\/\/blog.ilgiornale.it\/franza\/files\/2022\/03\/DSCF7212-phMarinaAlessi-web-768x1152.jpg 768w\" sizes=\"(max-width: 316px) 100vw, 316px\" \/><\/a><a href=\"https:\/\/blog.ilgiornale.it\/franza\/files\/2022\/03\/160-anni-civica-claudio-abbado-WEB-1.jpg\"><img loading=\"lazy\" class=\"alignleft size-full wp-image-25713\" src=\"https:\/\/blog.ilgiornale.it\/franza\/files\/2022\/03\/160-anni-civica-claudio-abbado-WEB-1.jpg\" alt=\"\" width=\"384\" height=\"136\" srcset=\"https:\/\/blog.ilgiornale.it\/franza\/files\/2022\/03\/160-anni-civica-claudio-abbado-WEB-1.jpg 384w, https:\/\/blog.ilgiornale.it\/franza\/files\/2022\/03\/160-anni-civica-claudio-abbado-WEB-1-300x106.jpg 300w\" sizes=\"(max-width: 384px) 100vw, 384px\" \/><\/a>E\u2019 un traguardo significativo questo del 160\u00b0 anniversario della nascita della Civica Scuola di Musica di Milano. Una scuola di eccellenza musicale, prestigiosa universit\u00e0 milanese, oggi nobilmente diretta da una figura di significante rilievo come il Prof. Roberto Favaro internazionalmente riconosciuto per la sensibilit\u00e0 e la cultura musicale.<\/p>\n<p>E con l\u2019Anno Accademico in corso 2021-2022, grazie alla direzione illuminata del Prof. Roberto Favaro, illustre musicologo italiano e Docente di Storia della Musica, ecco che l\u2019istituzione musicale \u201cCivica Scuola di Musica di Milano\u201d, che presto diverr\u00e0 anche Politecnico delle Arti, ha messo in piedi una serie di concerti da non perdersi. Essi si terranno a Milano, presso l\u2019Auditorium Lattuada,\u00a0corso di Porta Vigentina 15\/a\u00a0ore 21.00; ingresso libero fino a esaurimento posti. Sono gi\u00e0 partiti il <strong>12 novembre 2021<\/strong> e si protrarranno fino al <strong>17 giugno 2022. <\/strong>Bellissimo il titolo \u201cIsole di suono\u201d, ha qualcosa di magico in s\u00e9, e lascia vivere e sentire l\u2019intero impianto musicale che il Prof. Roberto Favaro e la sua direzione, unitamente ai Dipartimenti e agli allievi propongono.<\/p>\n<p><strong>\u201cIsole di suono\u201d<\/strong><\/p>\n<p><strong>rassegna musicale con gli studenti della Civica Scuola di Musica Claudio Abbado\u00a0<\/strong><\/p>\n<p><strong>all\u2019Auditorium Lattuada<\/strong><\/p>\n<p><a href=\"https:\/\/blog.ilgiornale.it\/franza\/files\/2022\/03\/DSCF8199-phMarinaAlessi-web-e1646133272372.jpg\"><img loading=\"lazy\" class=\"alignleft size-full wp-image-25714\" src=\"https:\/\/blog.ilgiornale.it\/franza\/files\/2022\/03\/DSCF8199-phMarinaAlessi-web-e1646133272372.jpg\" alt=\"\" width=\"500\" height=\"333\" \/><\/a>Gli studenti della Civica Scuola di Musica Claudio Abbado propongono, aperta al pubblico e a ingresso libero, una serie di performance dedicate a diversi generi musicali,<\/p>\n<p>coerentemente con la vocazione della Civica, che accoglie nella sua vivace proposta formativa corsi di musica classica, antica, contemporanea, jazz, amatoriale.<\/p>\n<p>Una variet\u00e0 che nasce dall&#8217;esigenza degli studenti di farsi conoscere dalla citt\u00e0 di Milano e di mettersi in gioco con gusti, capacit\u00e0, competenze, talenti personali.<\/p>\n<p>Gli appuntamenti della rassegna scaturiscono da una ricerca artistica condotta dagli allievi, con i propri docenti, singolarmente o in piccoli gruppi.<\/p>\n<p>&nbsp;<\/p>\n<p><strong>I concerti hanno luogo a Milano presso l\u2019Auditorium Lattuada\u00a0in corso di porta Vigentina: <em>Oltre lo standard<\/em>, si \u00e8 tenuto il 25 febbraio,\u00a0<\/strong><strong> e ha visto protagonisti<\/strong><strong>\u00a0<\/strong><strong>due\u00a0formazioni di allievi dei Civici Corsi di Jazz.\u00a0<\/strong><\/p>\n<p>Le musiche \u00a0di Allan Holdsworth, Claudio Fasoli, musicista, compositore e docente di sassofono ai Civici Corsi di Jazz, Miles Davis, Wayne Shorter,<\/p>\n<p>Charles Mingus, Freddie Hubbard, Thelonious Monk. In programma anche <em>Sand<\/em> e <em>Breeze<\/em>, due brani di Andrea Giustiniani, studente del biennio di chitarra dei Civici Corsi di Jazz.<a href=\"https:\/\/blog.ilgiornale.it\/franza\/files\/2022\/03\/DSCF7203-phMarinaAlessi-web.jpg\"><img loading=\"lazy\" class=\" wp-image-25716 alignright\" src=\"https:\/\/blog.ilgiornale.it\/franza\/files\/2022\/03\/DSCF7203-phMarinaAlessi-web.jpg\" alt=\"\" width=\"404\" height=\"269\" srcset=\"https:\/\/blog.ilgiornale.it\/franza\/files\/2022\/03\/DSCF7203-phMarinaAlessi-web.jpg 1300w, https:\/\/blog.ilgiornale.it\/franza\/files\/2022\/03\/DSCF7203-phMarinaAlessi-web-300x200.jpg 300w, https:\/\/blog.ilgiornale.it\/franza\/files\/2022\/03\/DSCF7203-phMarinaAlessi-web-1024x683.jpg 1024w, https:\/\/blog.ilgiornale.it\/franza\/files\/2022\/03\/DSCF7203-phMarinaAlessi-web-768x512.jpg 768w\" sizes=\"(max-width: 404px) 100vw, 404px\" \/><\/a><\/p>\n<p><strong>25 febbraio 2022 ore 21.00<\/strong><\/p>\n<p><strong><em>Oltre lo standard<\/em><\/strong><\/p>\n<p><strong><em>Programma<\/em><\/strong><\/p>\n<p>Allan Holdsworth,\u00a0<em>Funnels<\/em><\/p>\n<p>Claudio Fasoli,\u00a0<em>Legs<\/em><\/p>\n<p>Claudio Fasoli,\u00a0<em>20121\u00a0<\/em><\/p>\n<p>Andrea Giustiniani,\u00a0<em>Sand\u00a0<\/em><\/p>\n<p>Andrea Giustiniani,\u00a0<em>Breeze\u00a0<\/em><\/p>\n<p>Andrea Giustiniani, <em>chitarra<\/em><\/p>\n<p>Margherita Carbonell, <em>contrabbasso<\/em><\/p>\n<p>Mauro Carafa, <em>batteria<\/em><\/p>\n<p><a href=\"https:\/\/blog.ilgiornale.it\/franza\/files\/2022\/03\/Musica-applicata-IRMus.jpg\"><img loading=\"lazy\" class=\"alignleft wp-image-25718\" src=\"https:\/\/blog.ilgiornale.it\/franza\/files\/2022\/03\/Musica-applicata-IRMus.jpg\" alt=\"\" width=\"407\" height=\"305\" srcset=\"https:\/\/blog.ilgiornale.it\/franza\/files\/2022\/03\/Musica-applicata-IRMus.jpg 800w, https:\/\/blog.ilgiornale.it\/franza\/files\/2022\/03\/Musica-applicata-IRMus-300x225.jpg 300w, https:\/\/blog.ilgiornale.it\/franza\/files\/2022\/03\/Musica-applicata-IRMus-768x576.jpg 768w\" sizes=\"(max-width: 407px) 100vw, 407px\" \/><\/a>*\u00a0 \u00a0 \u00a0 \u00a0 \u00a0 \u00a0 \u00a0\u00a0*\u00a0 \u00a0 \u00a0 \u00a0 \u00a0 \u00a0\u00a0*<\/p>\n<p>Miles Davis,\u00a0<em>Solar\u00a0<\/em><\/p>\n<p>Wayne Shorter,\u00a0<em>Footprins\u00a0<\/em><\/p>\n<p>Charles Mingus,\u00a0<em>Nostalgia in Time Square\u00a0<\/em><\/p>\n<p>Freddie Hubbard,\u00a0<em>Up Jumped Spring\u00a0<\/em><\/p>\n<p>Thelonious Monk,\u00a0<em>I Mean You\u00a0<\/em><\/p>\n<p>Miles Davis,\u00a0<em>Four\u00a0<\/em><\/p>\n<p>Thelonious Monk,\u00a0<em>On Green Dolphin Street\u00a0<\/em><\/p>\n<p>Luigi Urtis, <em>piano<\/em><\/p>\n<p>Riccardo Gaglione, <em>basso<\/em><\/p>\n<p>Angelo Randazzo, <em>batteria<\/em><\/p>\n<p><strong>I prossimi concerti<\/strong><\/p>\n<p>11 marzo 2022, Musica vocale da camera;\u00a018 marzo 2022, Concerto di musica antica; 25 marzo 2022, Musica da camera<\/p>\n<p>8 aprile 2022, Recital pianistico; 22 aprile 2022, Canto barocco e rinascimentale; 29 aprile 2022,\u00a0Musica da camera<\/p>\n<p>6 maggio 2022,\u00a0Musica da camera; 27 maggio 2022,\u00a0Musica da camera<\/p>\n<p>3 giugno 2022, Musica d&#8217;insieme per archi; 10 giugno 2022, Concerto di percussioni (a Villa Simonetta); 17 giugno 2022, Recital pianistico<\/p>\n<p>_______________________<\/p>\n<p><a href=\"https:\/\/blog.ilgiornale.it\/franza\/files\/2022\/03\/DSCF7165-phMarinaAlessi-web-e1646133307520.jpg\"><img loading=\"lazy\" class=\"alignleft size-full wp-image-25715\" src=\"https:\/\/blog.ilgiornale.it\/franza\/files\/2022\/03\/DSCF7165-phMarinaAlessi-web-e1646133307520.jpg\" alt=\"\" width=\"500\" height=\"333\" \/><\/a>L\u2019accesso alla sala, secondo le disposizioni attuali, \u00e8 consentito solo previa esibizione di Certificazione verde Covid-19 di avvenuta vaccinazione o di\u00a0avvenuta guarigione\u00a0\u00a0(Super Green Pass o Green Pass rafforzato) e di documento di identit\u00e0.<\/p>\n<p>Si richiede inoltre l&#8217;utilizzo delle mascherine FFP2 (no di stoffa o chirurgiche) che il pubblico \u00e8 tenuto a indossare per tutto il periodo di permanenza nella sala.<\/p>\n<p>_________________________________<\/p>\n<p>Civica Scuola di Musica Claudio Abbado &#8211; Fondazione Milano, Villa Simonetta &#8211; via Stilicone 36 &#8211; 20154 &#8211; Milano<br \/>\ntel. 02.97.15.24 &#8211; uff. st. 339.85.30.339 &#8211;\u00a0<a href=\"mailto:info_musica@scmmi.it\">info_musica@scmmi.it<\/a>\u00a0\u00a0&#8211;<\/p>\n<p><u><a href=\"http:\/\/www.fondazionemilano.eu\/musica\">www.fondazionemilano.eu\/musica<\/a><\/u><\/p>\n<p><strong>La Civica Scuola di Musica Claudio Abbado, attualmente diretta dal prof. Roberto Favaro, nasce nel 1862. Compie quindi 160 anni.\u00a0<\/strong>Fondata con lo scopo di formare strumentisti per la Civica banda e coristi per il Teatro alla Scala, profondamente radicata sul territorio, l\u2019istituzione, che ha sede presso la cinquecentesca Villa Simonetta, spazio di affollati concerti estivi, ha assunto un ruolo di prima grandezza all\u2019interno della vita musicale e formativa milanese. \u00a0Fa parte di Fondazione Milano Scuole Civiche, ente fondato e sostenuto dal Comune di Milano che opera nel campo dell\u2019Alta Formazione. \u00a0\u00c8 articolata in cinque Istituti: Musica Antica, Musica Classica, Ricerca Musicale (IRMus), I Civici Cori, Civici Corsi di Jazz. \u00a0Ai cinque Istituti si aggiunge il CEM, Centro di Educazione Musicale per amatori.\u00a0La Scuola offre diversi percorsi professionali, tecnici, propedeutici e amatoriali, e si sviluppa dalla fascia prescolare fino ai corsi post &#8211; laurea.\u00a0\u00c8 inserita inoltre in prestigiosi programmi internazionali grazie all\u2019alta percentuale di iscritti stranieri e grazie ai diversi gruppi stabili che si sono costituiti, spesso invitati a tenere concerti in Italia e all\u2019estero. \u00a0Numerosi gli studenti che l\u2019hanno frequentata, molti dei quali sono ora affermati professionisti: Alessio Corti, Lorenzo Ghielmi, Enrico Onofri, Emilio Pomarico, Carlo Rizzi. \u00a0Non meno importanti i docenti che si sono succeduti nel tempo e altre personalit\u00e0 che con la Civica Claudio Abbado hanno collaborato, come Laura Alvini, Irvine Arditti, Cathy Berberian, Bruno Bettinelli, Paolo Borciani, Chick Corea, Ron Carter, Franco Donatoni, Hugues Dufourt, Diamanda Galas, G\u00e9rard Grisey, Petre Munteanu, Terry Riley, Charles Rosen, Salvatore Sciarrino, Karlheinz Stockhausen, Maria Tipo. \u00a0Nel 2012, in occasione dei 150 anni dalla fondazione, il Sindaco Giuliano Pisapia ha conferito all\u2019istituzione l\u2019Ambrogino d\u2019Oro e consegnato la medaglia di rappresentanza del Presidente della Repubblica.<\/p>\n<p>La Scuola, intitolata con cerimonia ufficiale al maestro Claudio Abbado il 21 giugno 2014, \u00e8 autorizzata dal MIUR a rilasciare titoli AFAM di primo e secondo livello, al pari dei Conservatori.<\/p>\n<p><strong>Carlo Franza <\/strong><\/p>\n","protected":false},"excerpt":{"rendered":"<p><p>E\u2019 un traguardo significativo questo del 160\u00b0 anniversario della nascita della Civica Scuola di Musica di Milano. Una scuola di eccellenza musicale, prestigiosa universit\u00e0 milanese, oggi nobilmente diretta da una figura di significante rilievo come il Prof. Roberto Favaro internazionalmente riconosciuto per la sensibilit\u00e0 e la cultura musicale. E con l\u2019Anno Accademico in corso 2021-2022, grazie alla direzione illuminata del Prof. Roberto Favaro, illustre musicologo italiano e Docente di Storia della Musica, ecco che l\u2019istituzione musicale \u201cCivica Scuola di Musica di Milano\u201d, che presto diverr\u00e0 anche Politecnico delle Arti, ha messo in piedi una serie di concerti da non perdersi. [&hellip;]<\/p>\n&nbsp;&nbsp;<div class=\"readmore\"><a href=\"https:\/\/blog.ilgiornale.it\/franza\/2022\/03\/01\/160-anni-di-civica-i-concerti-per-il-160-anniversario-della-nascita-della-civica-scuola-di-musica-claudio-abbado-di-milano-1862\/\">Continua a leggere...<\/a><\/div><\/p>","protected":false},"author":1009,"featured_media":0,"comment_status":"open","ping_status":"closed","sticky":false,"template":"","format":"standard","meta":[],"categories":[44800,59281,253825,44545,87,26,9895,28369,44566,51665,4625,44754],"tags":[451710,407721,451709,40937,451711,355195,355522],"_links":{"self":[{"href":"https:\/\/blog.ilgiornale.it\/franza\/wp-json\/wp\/v2\/posts\/25711"}],"collection":[{"href":"https:\/\/blog.ilgiornale.it\/franza\/wp-json\/wp\/v2\/posts"}],"about":[{"href":"https:\/\/blog.ilgiornale.it\/franza\/wp-json\/wp\/v2\/types\/post"}],"author":[{"embeddable":true,"href":"https:\/\/blog.ilgiornale.it\/franza\/wp-json\/wp\/v2\/users\/1009"}],"replies":[{"embeddable":true,"href":"https:\/\/blog.ilgiornale.it\/franza\/wp-json\/wp\/v2\/comments?post=25711"}],"version-history":[{"count":2,"href":"https:\/\/blog.ilgiornale.it\/franza\/wp-json\/wp\/v2\/posts\/25711\/revisions"}],"predecessor-version":[{"id":25720,"href":"https:\/\/blog.ilgiornale.it\/franza\/wp-json\/wp\/v2\/posts\/25711\/revisions\/25720"}],"wp:attachment":[{"href":"https:\/\/blog.ilgiornale.it\/franza\/wp-json\/wp\/v2\/media?parent=25711"}],"wp:term":[{"taxonomy":"category","embeddable":true,"href":"https:\/\/blog.ilgiornale.it\/franza\/wp-json\/wp\/v2\/categories?post=25711"},{"taxonomy":"post_tag","embeddable":true,"href":"https:\/\/blog.ilgiornale.it\/franza\/wp-json\/wp\/v2\/tags?post=25711"}],"curies":[{"name":"wp","href":"https:\/\/api.w.org\/{rel}","templated":true}]}}