{"id":25721,"date":"2022-03-01T22:07:32","date_gmt":"2022-03-01T22:07:32","guid":{"rendered":"https:\/\/blog.ilgiornale.it\/franza\/?p=25721"},"modified":"2022-03-01T22:08:55","modified_gmt":"2022-03-01T22:08:55","slug":"andy-warhol-e-la-new-pop-alla-fondazione-bertelli-di-forte-dei-marmi-le-marilyn-il-mao-e-le-campbells-le-scarpe-di-michael-jackson-e-la-chitarra-dei-rolling-stons","status":"publish","type":"post","link":"https:\/\/blog.ilgiornale.it\/franza\/2022\/03\/01\/andy-warhol-e-la-new-pop-alla-fondazione-bertelli-di-forte-dei-marmi-le-marilyn-il-mao-e-le-campbells-le-scarpe-di-michael-jackson-e-la-chitarra-dei-rolling-stons\/","title":{"rendered":"Andy Warhol e la New Pop alla Fondazione Bertelli di Forte dei Marmi. Le Marilyn, il Mao e le Campbell\u2019s, le scarpe di Michael Jackson e la chitarra dei Rolling Stons."},"content":{"rendered":"<p><strong><a href=\"https:\/\/blog.ilgiornale.it\/franza\/files\/2022\/03\/Locandina-e1646170837471.jpg\"><img loading=\"lazy\" class=\"alignleft wp-image-25722\" src=\"https:\/\/blog.ilgiornale.it\/franza\/files\/2022\/03\/Locandina-e1646170837471.jpg\" alt=\"\" width=\"218\" height=\"306\" \/><\/a>Villa Bertelli a Forte dei Marmi inaugura il nuovo anno con un prestigioso appuntamento: la mostra\u00a0<em>Andy Warhol e la New Pop<\/em>, a cura della Fondazione Mazzoleni, con il patrocinio del Comune di Forte dei Marmi e dell\u2019Ordine dei Cavalieri di Malta.<\/strong>\u00a0L\u2019inaugurazione, alla<a href=\"https:\/\/blog.ilgiornale.it\/franza\/files\/2022\/03\/IMG_20220128_120104-768x1024-1-e1646170880329.jpeg\"><img loading=\"lazy\" class=\" wp-image-25723 alignright\" src=\"https:\/\/blog.ilgiornale.it\/franza\/files\/2022\/03\/IMG_20220128_120104-768x1024-1-e1646170880329.jpeg\" alt=\"\" width=\"228\" height=\"305\" \/><\/a> presenza del sindaco Bruno Murzi, della presidente della Fondazione Mazzoleni Simona Occioni e del presidente di Villa Bertelli Ermindo Tucci, nel Giardino d\u2019Inverno, negli spazi espositivi del primo e del secondo piano della Villa, dove\u00a0<em>Andy Warhol e la New Pop\u00a0<\/em>rimarr\u00e0 in esposizione fino al 29 maggio 2022.<\/p>\n<p>\u201c<em>A nome del Comitato di Villa Bertelli\u00a0<\/em>\u2013 dichiara il presidente Tucci \u2013\u00a0<em>ringrazio la Fondazione Mazzoleni, in particolare la curatrice Simona Occioni e il coordinatore Alessio Musella per questo evento, che porter\u00e0 a Forte dei Marmi pezzi unici e di sicuro richiamo per i visitatori. Uno spaccato sull\u2019innovativa pop art del secolo scorso, icona di un radicale cambiamento della concezione artistica, diffusa fino ad allora, diventando espressione reale della societ\u00e0 e proponendo la mercificazione di massa dell\u2019arte.\u201d\u00a0\u00a0<\/em><\/p>\n<p>Per l\u2019occasione, la Fondazione Mazzoleni (da anni presente nel panorama artistico italiano e internazionale per promuovere i giovani artisti e riproporre i grandi autori) ha <strong>selezionato una collezione di circa 100 opere, a partire dalle icone pi\u00f9 popolari e riconosciute in tutto il mondo, quali le Marilyn, il Mao e le Campbell\u2019s, ai cimeli pi\u00f9 rari\u00a0e introvabili come le scarpe di Michael <a href=\"https:\/\/blog.ilgiornale.it\/franza\/files\/2022\/03\/IMG_20220128_120125-768x1024-1-e1646170914529.jpeg\"><img loading=\"lazy\" class=\"alignleft wp-image-25724\" src=\"https:\/\/blog.ilgiornale.it\/franza\/files\/2022\/03\/IMG_20220128_120125-768x1024-1-e1646170914529.jpeg\" alt=\"\" width=\"231\" height=\"308\" \/><\/a>Jackson e la chitarra dei Rolling Stons.<\/strong>\u00a0\u00a0\u201c<em>Tutte opere\u00a0<\/em>\u2013 spiega la curatrice<em>\u00a0\u2013 realizzate nello stile inconfondibile del grande artista, come il suo linguaggio creativo che ha fatto scuola polarizzando un\u2019epoca, coinvolgendo critica e mercato, ma soprattutto\u00a0influenzando il<a href=\"https:\/\/blog.ilgiornale.it\/franza\/files\/2022\/03\/IMG_20220128_120345-1024x768-1-e1646170949279.jpeg\"><img loading=\"lazy\" class=\"size-full wp-image-25725 alignright\" src=\"https:\/\/blog.ilgiornale.it\/franza\/files\/2022\/03\/IMG_20220128_120345-1024x768-1-e1646170949279.jpeg\" alt=\"\" width=\"324\" height=\"243\" \/><\/a> gusto collettivo \u2013 quello popolare al quale la Pop Art si richiamava.\u00a0 Condizione indispensabile: l\u2019utilizzo di immagini della comunicazione di massa e della pubblicit\u00e0 come fonte di ispirazione.\u201d\u00a0<\/em><\/p>\n<p>Proprio quest\u2019ultima peculiarit\u00e0 rende Andy Warhol, ancora oggi, uno dei pi\u00f9 attuali artisti, nonostante sia scomparso da oltre 30 anni. Forse non tutti conoscono la poliedricit\u00e0 di Andy Warhol, che racchiude nel suo nome mille professioni: artista, regista, produttore, pittore, scultore, sceneggiatore, produttore cinematografico, direttore della fotografia, montatore e attore.\u00a0Nel mondo, infatti, viene ricordato quasi esclusivamente come il maestro indiscusso della\u00a0Pop Art.\u00a0\u201c<em>Nella sua produzione\u00a0<\/em>\u2013 prosegue Simona \u00a0Occioni \u2013\u00a0<em>i nuovi linguaggi artistici diventano il suo pane e ben presto Warhol crea la sua \u201carte da consumare\u201d: trasforma e rielabora oggetti del quotidiano in vere e proprie icone della \u201cpopular art\u201d. Con lui nasce il concetto dissacrante per l\u2019arte delle opere prodotte in serie, come oggetto di consumo di massa. Mentre esplode il fenomeno, molti sono i personaggi che fanno a gara per essere ritratti dall\u2019artista: musicisti, cineasti, artisti come Lou Reed, Bob Dylan, Mick Jagger, Allen Ginsberg, Paul<a href=\"https:\/\/blog.ilgiornale.it\/franza\/files\/2022\/03\/IMG_20220128_120309-1024x768-1-e1646171016117.jpeg\"><img loading=\"lazy\" class=\"alignleft size-full wp-image-25727\" src=\"https:\/\/blog.ilgiornale.it\/franza\/files\/2022\/03\/IMG_20220128_120309-1024x768-1-e1646171016117.jpeg\" alt=\"\" width=\"324\" height=\"243\" \/><\/a><a href=\"https:\/\/blog.ilgiornale.it\/franza\/files\/2022\/03\/IMG_20220128_120236-1024x768-1-e1646170980327.jpeg\"><img loading=\"lazy\" class=\"size-full wp-image-25726 alignright\" src=\"https:\/\/blog.ilgiornale.it\/franza\/files\/2022\/03\/IMG_20220128_120236-1024x768-1-e1646170980327.jpeg\" alt=\"\" width=\"224\" height=\"168\" \/><\/a> Morrissey, oltre a Salvador Dal\u00ec, Marcel Duchamp e Jean-Michel Basquiat.<\/em>\u201d<\/p>\n<p><strong>Carlo Franza<\/strong><\/p>\n<p>&nbsp;<\/p>\n","protected":false},"excerpt":{"rendered":"<p><p>Villa Bertelli a Forte dei Marmi inaugura il nuovo anno con un prestigioso appuntamento: la mostra\u00a0Andy Warhol e la New Pop, a cura della Fondazione Mazzoleni, con il patrocinio del Comune di Forte dei Marmi e dell\u2019Ordine dei Cavalieri di Malta.\u00a0L\u2019inaugurazione, alla presenza del sindaco Bruno Murzi, della presidente della Fondazione Mazzoleni Simona Occioni e del presidente di Villa Bertelli Ermindo Tucci, nel Giardino d\u2019Inverno, negli spazi espositivi del primo e del secondo piano della Villa, dove\u00a0Andy Warhol e la New Pop\u00a0rimarr\u00e0 in esposizione fino al 29 maggio 2022. \u201cA nome del Comitato di Villa Bertelli\u00a0\u2013 dichiara il presidente Tucci [&hellip;]<\/p>\n&nbsp;&nbsp;<div class=\"readmore\"><a href=\"https:\/\/blog.ilgiornale.it\/franza\/2022\/03\/01\/andy-warhol-e-la-new-pop-alla-fondazione-bertelli-di-forte-dei-marmi-le-marilyn-il-mao-e-le-campbells-le-scarpe-di-michael-jackson-e-la-chitarra-dei-rolling-stons\/\">Continua a leggere...<\/a><\/div><\/p>","protected":false},"author":1009,"featured_media":0,"comment_status":"open","ping_status":"closed","sticky":false,"template":"","format":"standard","meta":[],"categories":[44800,150,53888,53709,53710,9894,10357,202367,44441,87,17505,35188,34308,28369,206,4625,409394],"tags":[451714,451713,451712,16226,32712,4290,355195,406740],"_links":{"self":[{"href":"https:\/\/blog.ilgiornale.it\/franza\/wp-json\/wp\/v2\/posts\/25721"}],"collection":[{"href":"https:\/\/blog.ilgiornale.it\/franza\/wp-json\/wp\/v2\/posts"}],"about":[{"href":"https:\/\/blog.ilgiornale.it\/franza\/wp-json\/wp\/v2\/types\/post"}],"author":[{"embeddable":true,"href":"https:\/\/blog.ilgiornale.it\/franza\/wp-json\/wp\/v2\/users\/1009"}],"replies":[{"embeddable":true,"href":"https:\/\/blog.ilgiornale.it\/franza\/wp-json\/wp\/v2\/comments?post=25721"}],"version-history":[{"count":1,"href":"https:\/\/blog.ilgiornale.it\/franza\/wp-json\/wp\/v2\/posts\/25721\/revisions"}],"predecessor-version":[{"id":25728,"href":"https:\/\/blog.ilgiornale.it\/franza\/wp-json\/wp\/v2\/posts\/25721\/revisions\/25728"}],"wp:attachment":[{"href":"https:\/\/blog.ilgiornale.it\/franza\/wp-json\/wp\/v2\/media?parent=25721"}],"wp:term":[{"taxonomy":"category","embeddable":true,"href":"https:\/\/blog.ilgiornale.it\/franza\/wp-json\/wp\/v2\/categories?post=25721"},{"taxonomy":"post_tag","embeddable":true,"href":"https:\/\/blog.ilgiornale.it\/franza\/wp-json\/wp\/v2\/tags?post=25721"}],"curies":[{"name":"wp","href":"https:\/\/api.w.org\/{rel}","templated":true}]}}