{"id":27398,"date":"2022-09-14T20:50:15","date_gmt":"2022-09-14T20:50:15","guid":{"rendered":"https:\/\/blog.ilgiornale.it\/franza\/?p=27398"},"modified":"2022-09-14T20:50:15","modified_gmt":"2022-09-14T20:50:15","slug":"laltra-superficie-di-loi-di-campi-in-mostra-alla-fondazione-atm-di-milano","status":"publish","type":"post","link":"https:\/\/blog.ilgiornale.it\/franza\/2022\/09\/14\/laltra-superficie-di-loi-di-campi-in-mostra-alla-fondazione-atm-di-milano\/","title":{"rendered":"L\u2019altra superficie di Loi di Campi in mostra alla Fondazione ATM di Milano."},"content":{"rendered":"<p><a href=\"https:\/\/blog.ilgiornale.it\/franza\/files\/2022\/09\/479-0LTRE-LA-SUPERFICIE-cm505x345x35-TM-2022-1.jpg\"><img loading=\"lazy\" class=\" wp-image-27400\" src=\"https:\/\/blog.ilgiornale.it\/franza\/files\/2022\/09\/479-0LTRE-LA-SUPERFICIE-cm505x345x35-TM-2022-1.jpg\" alt=\"\" width=\"298\" height=\"450\" srcset=\"https:\/\/blog.ilgiornale.it\/franza\/files\/2022\/09\/479-0LTRE-LA-SUPERFICIE-cm505x345x35-TM-2022-1.jpg 643w, https:\/\/blog.ilgiornale.it\/franza\/files\/2022\/09\/479-0LTRE-LA-SUPERFICIE-cm505x345x35-TM-2022-1-199x300.jpg 199w\" sizes=\"(max-width: 298px) 100vw, 298px\" \/><\/a><\/p>\n<p>La mostra dal titolo \u201c<strong>L\u2019altra superficie<\/strong>\u201d dell\u2019artista LOI DI CAMPI\u00a0 rientra in un progetto artistico internazionale, \u201c<strong>NUOVO ATLANTE DELLE ARTI<\/strong>\u201d, \u00a0da noi ideato e diretto per la FONDAZIONE ATM di MILANO, istituzione attestata internazionalmente, che focalizza l\u2019attenzione su talune f<a href=\"https:\/\/blog.ilgiornale.it\/franza\/files\/2022\/09\/462-MODULI-SOMMERSI-c-58x32x35-TM-scaled-e1663187810833.jpg\"><img loading=\"lazy\" class=\" wp-image-27401 alignright\" src=\"https:\/\/blog.ilgiornale.it\/franza\/files\/2022\/09\/462-MODULI-SOMMERSI-c-58x32x35-TM-scaled-e1663187810833.jpg\" alt=\"\" width=\"281\" height=\"468\" \/><\/a>igure in progress della nuova stagione artistica europea.\u00a0 L\u2019esposizione riunisce un certo numero di opere, capaci di campionare il percorso singolare di questo illustre artista italiano. <strong>All\u2019inaugurazione ci sono stati i saluti del Presidente della Fondazione Giuseppe\u00a0 Natale e una prolusione del Prof. Carlo Franza, curatore della mostra.<\/strong><\/p>\n<p><strong>\u00a0<\/strong><strong>Lo spazio \u00e8 stato indagine di illustri artisti del Novecento, c\u2019\u00e8 chi come Fontana ha operato i tagli nello spazio, c\u2019\u00e8 chi si \u00e8 mosso come Castellani e Bonalumi con le estroflessioni nello spazio, e altri che nello spazio hanno operato\u00a0 e virgolettato il loro procedere, andando ancora oltre,\u00a0 in alto e in basso, a destra e a sinistra, ecc. Adesso da qualche tempo c\u2019 \u00e8 chi come Loi di Campi \u00e8 alla ricerca di un\u2019altra superficie, di un altro spazio, di nuove prospettive, d individuare, proporre e far crescere spazi nello spazio.\u00a0<\/strong><\/p>\n<p><strong>\u00a0<\/strong>Loi di Campi \u00e8 tra gli artisti italiani che oggi vive attenzioni particolari per quel versante aniconico che\u00a0 lascia campionare il suo percorso, ed \u00e8 tra gli operatori estetici dell\u2019oggi pi\u00f9 attivi a insistere sulla problematica e sulle potenzialit\u00e0 della superficie sensibile <a href=\"https:\/\/blog.ilgiornale.it\/franza\/files\/2022\/09\/459-IMG_2942-scaled-e1663187897969.jpg\"><img loading=\"lazy\" class=\"alignleft  wp-image-27402\" src=\"https:\/\/blog.ilgiornale.it\/franza\/files\/2022\/09\/459-IMG_2942-scaled-e1663187897969.jpg\" alt=\"\" width=\"309\" height=\"319\" \/><\/a>dell\u2019opera, ed anche sulla formazione concettuale e fisica della struttura che vive oltre la superficie.\u00a0 Lavorando per capitoli, prima sui moduli emersi e poi su quelli sommersi, l\u2019artista ha sondato tutte le possibilit\u00e0 dell\u2019estroflessione, senza tralasciare la composizione pi\u00f9 articolata, o la linea curva prediletta in diagonale, dando per quest\u2019ultima la possibilit\u00e0 di leggervi una ricerca pi\u00f9 sontuosa.\u00a0 E con lo spingere fuori i moduli, prediligendo la forma delle gocce, arriva al suo metodo definitivo che consiste nel riempire lo spazio, su cui interviene con il colore che si presenta come dominante (bianco, rosso, nero, blu, ecc.). Abbiamo una sorta di superficie che respira con la conseguente sensazione di movimento e di stasi di questo corpo di colore, che pare voler fuoriuscire dai vincoli del telaio ma al tempo stesso voler restare nell\u2019essere stesso della pittura. E accanto allo stato maggiore milanese dell\u2019estroflessione, da Enrico Castellani ad Agostino Bonalumi, fino a Paolo Scheggi, che hanno pure avuto la precedenza cronologica rispetto al minimalismo statunitense, il nuovo fare di Loi di<a href=\"https:\/\/blog.ilgiornale.it\/franza\/files\/2022\/09\/475-MODULI-SOMMERSI-cm55x37x4-TM-2022-1.jpg\"><img loading=\"lazy\" class=\" wp-image-27404 alignright\" src=\"https:\/\/blog.ilgiornale.it\/franza\/files\/2022\/09\/475-MODULI-SOMMERSI-cm55x37x4-TM-2022-1.jpg\" alt=\"\" width=\"339\" height=\"505\" srcset=\"https:\/\/blog.ilgiornale.it\/franza\/files\/2022\/09\/475-MODULI-SOMMERSI-cm55x37x4-TM-2022-1.jpg 700w, https:\/\/blog.ilgiornale.it\/franza\/files\/2022\/09\/475-MODULI-SOMMERSI-cm55x37x4-TM-2022-1-201x300.jpg 201w, https:\/\/blog.ilgiornale.it\/franza\/files\/2022\/09\/475-MODULI-SOMMERSI-cm55x37x4-TM-2022-1-687x1024.jpg 687w\" sizes=\"(max-width: 339px) 100vw, 339px\" \/><\/a> Campi si attesta fra le personalit\u00e0 pi\u00f9 sperimentali del nostro tempo, per i suoi attuali vissuti fervidi di tensioni creative. Ritmo e sequenza sono le forze messe in campo all\u2019interno del telaio, e in questo clima di sviluppi e di rapidissima realizzazione dell\u2019opera-fenomeno, Loi di Campi procede rigorosamente con i suoi moduli verso una geometria naturale (le gocce), verso emissioni della forma in un ritmo spaziale della superficie. L\u2019artista oggi vive in Brianza ma a Milano svolge gran parte della sua attivit\u00e0 artistica, relazionando, esponendo, presenziando.<\/p>\n<p><strong>Loi di Campi<\/strong> nasce a Campi Salentina nel 1948. Vive e lavora a Desio. Dopo una breve esperienza come docente nelle scuole medie e superiori, negli anni 80 fonda assieme alla moglie una ditta di ceramiche artistiche, con il marchio DE.AR. Inizia cos\u00ec una feconda esperienza espositiva internazionale, partecipando alle pi\u00f9 importanti fiere del settore ceramiche d\u2019arte per pi\u00f9 di 20 anni. Parallelamente affianca all\u2019esperienza del manufatto d\u2019arte la pittura, sempre nella costante e rigorosa espressivit\u00e0 di ricerca. Cos\u00ec la pittura di Loi di Campi \u00e8 densa di vitalit\u00e0 cromatica, secondo un procedere compositivo astratto. Dalla fine del 2012 ad oggi si concentra sul bianco, e le superfici diventano campo per architetture futuribili. Nascono strutture bianche a pi\u00f9 dimensioni, vere e proprie scenografie plastiche. Citt\u00e0 che vanno oltre la dimensione immaginativa per un sogno nell\u2019etere ufologico. Nella costante contaminazione linguistica dell\u2019arte multimediale, Loi di Campi non trascura la ricerca, esercita la sperimentazione con l\u2019aiuto dell\u2019elemento interdisciplinare del computer design. Realizza opere con accavallamenti e accostamenti di superfici colorate precedentemente riprese ed elaborate. Nasce cos\u00ec un ulteriore \u201cgioco\u201d poetico di metamorfosi. Da non trascurare l\u2019altra estetica che Loi di Campi esercita professionalmente: la musica. Si pu\u00f2 certamente affermare che la pittura non pu\u00f2 fare a meno della musica. Ha tenuto \u00a0mostre personali e collettive in pi\u00f9 citt\u00e0. Nel 2015 tenere una mostra personale dal titolo \u201cNovelle architetture\u201d nel Progetto \u201cScenari\u201d al Plus Florence di Firenze e una seconda dal titolo \u201cAisberg. Moduli e geografie\u201d al Plus Berlin di Berlino nel Progetto \u201cStrade d\u2019Europa\u201d. Nel 2016 con una giuria presieduta dallo Storico dell\u2019Arte Contemporanea Prof. Carlo Franza vince a Firenze il Premium International Florence Seven Stars. Nel 2018 \u00e8 lo stesso Storico dell\u2019Arte che lo invita a tenere una sua personale dal titolo \u201cOltre la superficie\u201d al Plus Berlin di Berlino nel Progetto \u201cStrade d\u2019Europa\u201d; poi nel 2019 ancora una personale al Plus Florence di Firenze dal titolo \u201cElogio della superficie\u201d e partecipa all\u2019installazione \u201cLa Luna di Leopardi\u201d al Plus Florence di Firenze per i 200 anni de L\u2019Infinito di Leopardi, invitato dal Prof. Carlo Franza. Nel 2021 procede all\u2019installazione \u201cDisseminazione di gocce\u201d al Plus Florence di Firenze ancora invitato dal Prof. Carlo Franza che poi lo inserisce nel Progetto \u201cDisseminazione monumentale a Venezia\u201d in occasione della 59ma Biennale d\u2019Arte a Venezia nel 2022. Nel 2022 tiene una mostra personale dal titolo \u201cL\u2019altra superficie\u201d alla Fondazione ATM di Milano nel Progetto \u201cNuovo Atlante delle Arti\u201d a cura del Prof. Carlo Franza. Le sue opere si trovano in collezioni private e pubbliche in Italia e all&#8217;estero.<\/p>\n<p>&nbsp;<\/p>\n<p><strong>Carlo Franza <\/strong><\/p>\n<p><strong>\u00a0<\/strong><\/p>\n","protected":false},"excerpt":{"rendered":"<p><p>La mostra dal titolo \u201cL\u2019altra superficie\u201d dell\u2019artista LOI DI CAMPI\u00a0 rientra in un progetto artistico internazionale, \u201cNUOVO ATLANTE DELLE ARTI\u201d, \u00a0da noi ideato e diretto per la FONDAZIONE ATM di MILANO, istituzione attestata internazionalmente, che focalizza l\u2019attenzione su talune figure in progress della nuova stagione artistica europea.\u00a0 L\u2019esposizione riunisce un certo numero di opere, capaci di campionare il percorso singolare di questo illustre artista italiano. All\u2019inaugurazione ci sono stati i saluti del Presidente della Fondazione Giuseppe\u00a0 Natale e una prolusione del Prof. Carlo Franza, curatore della mostra. \u00a0Lo spazio \u00e8 stato indagine di illustri artisti del Novecento, c\u2019\u00e8 chi come [&hellip;]<\/p>\n&nbsp;&nbsp;<div class=\"readmore\"><a href=\"https:\/\/blog.ilgiornale.it\/franza\/2022\/09\/14\/laltra-superficie-di-loi-di-campi-in-mostra-alla-fondazione-atm-di-milano\/\">Continua a leggere...<\/a><\/div><\/p>","protected":false},"author":1009,"featured_media":0,"comment_status":"open","ping_status":"closed","sticky":false,"template":"","format":"standard","meta":[],"categories":[44800,59281,9894,10357,44441,87,35351,409075,28308,26,17505,28369,51665,4625],"tags":[462500,459472,74741,355195],"_links":{"self":[{"href":"https:\/\/blog.ilgiornale.it\/franza\/wp-json\/wp\/v2\/posts\/27398"}],"collection":[{"href":"https:\/\/blog.ilgiornale.it\/franza\/wp-json\/wp\/v2\/posts"}],"about":[{"href":"https:\/\/blog.ilgiornale.it\/franza\/wp-json\/wp\/v2\/types\/post"}],"author":[{"embeddable":true,"href":"https:\/\/blog.ilgiornale.it\/franza\/wp-json\/wp\/v2\/users\/1009"}],"replies":[{"embeddable":true,"href":"https:\/\/blog.ilgiornale.it\/franza\/wp-json\/wp\/v2\/comments?post=27398"}],"version-history":[{"count":2,"href":"https:\/\/blog.ilgiornale.it\/franza\/wp-json\/wp\/v2\/posts\/27398\/revisions"}],"predecessor-version":[{"id":27406,"href":"https:\/\/blog.ilgiornale.it\/franza\/wp-json\/wp\/v2\/posts\/27398\/revisions\/27406"}],"wp:attachment":[{"href":"https:\/\/blog.ilgiornale.it\/franza\/wp-json\/wp\/v2\/media?parent=27398"}],"wp:term":[{"taxonomy":"category","embeddable":true,"href":"https:\/\/blog.ilgiornale.it\/franza\/wp-json\/wp\/v2\/categories?post=27398"},{"taxonomy":"post_tag","embeddable":true,"href":"https:\/\/blog.ilgiornale.it\/franza\/wp-json\/wp\/v2\/tags?post=27398"}],"curies":[{"name":"wp","href":"https:\/\/api.w.org\/{rel}","templated":true}]}}