{"id":2770,"date":"2014-07-27T13:18:12","date_gmt":"2014-07-27T13:18:12","guid":{"rendered":"https:\/\/blog.ilgiornale.it\/franza\/?p=2770"},"modified":"2014-07-27T13:18:12","modified_gmt":"2014-07-27T13:18:12","slug":"al-metropolitan-di-new-york-sei-milioni-di-visitatori-per-il-terzo-anno-consecutivo","status":"publish","type":"post","link":"https:\/\/blog.ilgiornale.it\/franza\/2014\/07\/27\/al-metropolitan-di-new-york-sei-milioni-di-visitatori-per-il-terzo-anno-consecutivo\/","title":{"rendered":"Al Metropolitan di New York  sei milioni di visitatori  per il terzo anno consecutivo."},"content":{"rendered":"<p><strong><a href=\"https:\/\/blog.ilgiornale.it\/franza\/files\/2014\/07\/untitled2.png\"><img loading=\"lazy\" class=\"alignleft size-full wp-image-2772\" src=\"https:\/\/blog.ilgiornale.it\/franza\/files\/2014\/07\/untitled2.png\" alt=\"\" width=\"275\" height=\"183\" \/><\/a>6,2 milioni di visitatori, dal 30 giugno 2013 alla stessa data del 2014. Questo \u00e8 il quadro di riferimento del \u00a0pubblico del Metropolitan di New York, uno dei pi\u00f9 celebri musei del mondo, dalla scorsa estate aperto 7 giorni su 7,<\/strong> che nonostante il suo appeal un poco raffermo \u00a0si conferma come<br \/>\nuna delle istituzioni pi\u00f9 ricettive e pi\u00f9 amate del mondo.\u00a0Bell\u2019esempio per il nostro Ministero Beni Culturali che annaspa tra gli ordini del ministro Franceschini e la volont\u00e0 di questi di passare le redini della gestione dei siti archeologici e dei musei in mano a privati ( ci potrebbe essere posto anche per Camorra, Mafia e\u00a0 Company). Per fortuna che c\u2019\u00e8 l\u2019altol\u00e0 di Renzi e di Palazzo Chigi.\u00a0\u00a0<strong>I visitatori del Metropolitan di New York, nell&#8217;annunciato dato dal direttore Thomas Campbell, hanno passaporti che provengono da 187 Paesi.<\/strong> E il direttore non ha perso tempo per mettere le mani avanti sui prossimi progetti: \u00abQuesto settembre [il 9, n.d.r.], si aprir\u00e0 la David H. Koch Plaza di fronte al nostro edificio principale, lungo la Fifth Avenue. Una volta che la costruzione sar\u00e0 stata completata, l&#8217;area diventer\u00e0 il pi\u00f9 nuovo dei grandi spazi pubblici di New York City, pronta ad accogliere al Met i nostri visitatori da tutto il mondo. Siamo anche fieri dei 110mila visitatori in pi\u00f9 che quest&#8217;anno hanno visitato i &#8220;Cloisters&#8221;\u00bb. Una delle mostre migliori? <a href=\"https:\/\/blog.ilgiornale.it\/franza\/files\/2014\/07\/889796.jpg\"><img loading=\"lazy\" class=\"alignright size-full wp-image-2773\" src=\"https:\/\/blog.ilgiornale.it\/franza\/files\/2014\/07\/889796.jpg\" alt=\"\" width=\"500\" height=\"364\" srcset=\"https:\/\/blog.ilgiornale.it\/franza\/files\/2014\/07\/889796.jpg 500w, https:\/\/blog.ilgiornale.it\/franza\/files\/2014\/07\/889796-300x218.jpg 300w\" sizes=\"(max-width: 500px) 100vw, 500px\" \/><\/a>L&#8217;intervento di Imran Qureshi sul roof, che ha chiuso lo scorso 3 novembre e che \u00e8 stata visitata da poco meno di 400mila persone, e perci\u00f2 \u00a0lode al MACRO che l&#8217;anno scorso<br \/>\nera riuscito a farne la mostra, prima della burrasca.<\/p>\n<p>E non \u00e8 tutto, il sito ha registrato oltre 26 milioni di utenti unici nel corso dell&#8217;anno fiscale 2014, e l&#8217;account Facebook ha pi\u00f9 di un milione e 170mila seguaci (con una portata di 92 milioni di persone), mentre twitter raggiunge quota 760mila, per non parlare di Instagram: 180mila follower. <strong>Insomma, qui la festa pu\u00f2 continuare, e il 9 settembre ci sar\u00e0 anche lo spazio giusto per un party a due passi da Central Park.<\/strong><\/p>\n<p><strong>\u00a0<\/strong><strong>Carlo Franza<\/strong><\/p>\n","protected":false},"excerpt":{"rendered":"<p><p>6,2 milioni di visitatori, dal 30 giugno 2013 alla stessa data del 2014. Questo \u00e8 il quadro di riferimento del \u00a0pubblico del Metropolitan di New York, uno dei pi\u00f9 celebri musei del mondo, dalla scorsa estate aperto 7 giorni su 7, che nonostante il suo appeal un poco raffermo \u00a0si conferma come una delle istituzioni pi\u00f9 ricettive e pi\u00f9 amate del mondo.\u00a0Bell\u2019esempio per il nostro Ministero Beni Culturali che annaspa tra gli ordini del ministro Franceschini e la volont\u00e0 di questi di passare le redini della gestione dei siti archeologici e dei musei in mano a privati ( ci potrebbe [&hellip;]<\/p>\n&nbsp;&nbsp;<div class=\"readmore\"><a href=\"https:\/\/blog.ilgiornale.it\/franza\/2014\/07\/27\/al-metropolitan-di-new-york-sei-milioni-di-visitatori-per-il-terzo-anno-consecutivo\/\">Continua a leggere...<\/a><\/div><\/p>","protected":false},"author":1009,"featured_media":0,"comment_status":"open","ping_status":"closed","sticky":false,"template":"","format":"standard","meta":[],"categories":[150,9894,28386,44441,87,28308,53660,35185,35188,64,28369],"tags":[53663,18673,53664,44611,406600,53662],"_links":{"self":[{"href":"https:\/\/blog.ilgiornale.it\/franza\/wp-json\/wp\/v2\/posts\/2770"}],"collection":[{"href":"https:\/\/blog.ilgiornale.it\/franza\/wp-json\/wp\/v2\/posts"}],"about":[{"href":"https:\/\/blog.ilgiornale.it\/franza\/wp-json\/wp\/v2\/types\/post"}],"author":[{"embeddable":true,"href":"https:\/\/blog.ilgiornale.it\/franza\/wp-json\/wp\/v2\/users\/1009"}],"replies":[{"embeddable":true,"href":"https:\/\/blog.ilgiornale.it\/franza\/wp-json\/wp\/v2\/comments?post=2770"}],"version-history":[{"count":2,"href":"https:\/\/blog.ilgiornale.it\/franza\/wp-json\/wp\/v2\/posts\/2770\/revisions"}],"predecessor-version":[{"id":2775,"href":"https:\/\/blog.ilgiornale.it\/franza\/wp-json\/wp\/v2\/posts\/2770\/revisions\/2775"}],"wp:attachment":[{"href":"https:\/\/blog.ilgiornale.it\/franza\/wp-json\/wp\/v2\/media?parent=2770"}],"wp:term":[{"taxonomy":"category","embeddable":true,"href":"https:\/\/blog.ilgiornale.it\/franza\/wp-json\/wp\/v2\/categories?post=2770"},{"taxonomy":"post_tag","embeddable":true,"href":"https:\/\/blog.ilgiornale.it\/franza\/wp-json\/wp\/v2\/tags?post=2770"}],"curies":[{"name":"wp","href":"https:\/\/api.w.org\/{rel}","templated":true}]}}