{"id":28291,"date":"2022-12-26T11:52:26","date_gmt":"2022-12-26T11:52:26","guid":{"rendered":"https:\/\/blog.ilgiornale.it\/franza\/?p=28291"},"modified":"2022-12-26T11:52:26","modified_gmt":"2022-12-26T11:52:26","slug":"vesna-pavan-vince-a-milano-il-premio-delle-arti-premio-della-cultura-2022","status":"publish","type":"post","link":"https:\/\/blog.ilgiornale.it\/franza\/2022\/12\/26\/vesna-pavan-vince-a-milano-il-premio-delle-arti-premio-della-cultura-2022\/","title":{"rendered":"Vesna Pavan vince a Milano il Premio delle Arti- Premio della Cultura 2022."},"content":{"rendered":"<p><strong><a href=\"https:\/\/blog.ilgiornale.it\/franza\/files\/2022\/12\/IMG_7614-e1672055135635.jpg\"><img loading=\"lazy\" class=\"alignleft  wp-image-28292\" src=\"https:\/\/blog.ilgiornale.it\/franza\/files\/2022\/12\/IMG_7614-e1672055135635.jpg\" alt=\"\" width=\"307\" height=\"421\" \/><\/a>Ormai<\/strong> <strong>giunto alla XXXIII edizione \u2013 Milano 2022 \u00a0\u00a0il PREMIO DELLE ARTI- PREMIO DELLA CULTURA, \u00e8 divenuto punto di riferimento della cultura europea e internazionale. Tutto si \u00e8 svolto \u00a0\u00a0mercoled\u00ec 15 dicembre 2022, alle ore 17.00 quando \u00a0vi \u00e8 stata la<a href=\"https:\/\/blog.ilgiornale.it\/franza\/files\/2022\/12\/IMG_7622-e1672055188243.jpg\"><img loading=\"lazy\" class=\" wp-image-28293 alignright\" src=\"https:\/\/blog.ilgiornale.it\/franza\/files\/2022\/12\/IMG_7622-e1672055188243.jpg\" alt=\"\" width=\"327\" height=\"329\" \/><\/a> Premiazione dei Vincitori del Premio delle Arti Premio della Cultura Edizione XXXIV del 2022\u00a0 \u00a0nel \u00a0<\/strong><strong>Salone dell\u2019Orologio \u00a0di \u00a0Milano PerCorsi in Corso Buenos Aires 79 &#8211; 20124 Milano.<\/strong><\/p>\n<p><strong>Ecco la motivazione della giuria nell\u2019assegnazione del Premio per la Cultura (Premio delle Arti- Premio della Cultura 2022) \u00a0\u00a0a Vesna Pavan: <\/strong>\u201cPer la preziosa politica culturale e artistica a favore del patrimonio italiano, come la recente rivisitazione e lettura di Pinocchio con ricerche che spaziano fra le arti.\u00a0 Ella \u00e8 divenuta storica figura della cultura artistica italiana contemporanea, ha dato chiara idea di saper svolgere una vera e propria politica culturale, sia elaborando che costruendo erigende sculture monumentali a Milano intorno a questo campione della letteratura mondiale, rafforzando unitamente all\u2019immagine dell\u2019Italia nel mondo, anche l\u2019accresciuta e nuova proiezione scultorea installativa italiana nello scenario internazionale.\u201d<\/p>\n<p><strong>Figura poliedrica l\u2019artista Vesna Pavan, spazia su temi e problemi che vanno dal design alla pittura, alla scultura, al travaso di mitologie come \u201cPinocchio\u201d nella sostanza e nella forma che diventa focus e va oltre la letteratura. <\/strong><strong>A lei abbiamo rivolto alcune domande in occasione della premiazione, e soprattutto per sapere qualcosa sulle sue prossime realizzazioni, visto che ha a cuore la realizzazione di una scultura monumentale da donare alla citt\u00e0 di Milano.<\/strong><\/p>\n<p><strong><a href=\"https:\/\/blog.ilgiornale.it\/franza\/files\/2022\/12\/IMG_7636-carlo-e1672055260384.jpg\"><img loading=\"lazy\" class=\"alignleft  wp-image-28294\" src=\"https:\/\/blog.ilgiornale.it\/franza\/files\/2022\/12\/IMG_7636-carlo-e1672055260384.jpg\" alt=\"\" width=\"388\" height=\"294\" \/><\/a>\u00a01 <\/strong><strong>Stai lavorando ad una grande scultura per Milano, ci puoi dire qualcosa in proposito?<\/strong><\/p>\n<p>R. Pinocchio nelle sue varie chiavi di lettura fa evincere il difficile cammino verso la crescita. Pinocchio \u00e8 come me; errante, dolce, ingenuo, onesto, sperimenta in modo empirico, si sacrifica per un grande sogno quello di esistere; \u00e8 questo che vorrei comunicare con queste mie sculture, la forza del sogno della speranza, dove anche se ti si bruciano le gambe puoi andare avanti, lo spirito e il voler prosperare sono i simboli di questo germoglio innato in ognuno di noi. La forza della natura che ci ha selezionato per generare realt\u00e0 atte ad elevarci in ogni campo. Pinocchio \u00e8 un germoglio sempre presente dove si pu\u00f2 attingere a quell\u2019energia a volte, dimentica, per migliorare e migliorarci.<\/p>\n<p><strong>2 <\/strong><strong>Hai ottenuto ultimamente a Milano il Premio per la Cultura 2022 in occasione del Premio delle Arti, come vivi questo riconoscimento?<\/strong><\/p>\n<p>R. La Cultura \u00e8 il sale della vita e sono fiera di farne parte.<a href=\"https:\/\/blog.ilgiornale.it\/franza\/files\/2022\/12\/Facetune_22-12-2022-22-56-49.jpg\"><img loading=\"lazy\" class=\" wp-image-28295 alignright\" src=\"https:\/\/blog.ilgiornale.it\/franza\/files\/2022\/12\/Facetune_22-12-2022-22-56-49.jpg\" alt=\"\" width=\"292\" height=\"297\" srcset=\"https:\/\/blog.ilgiornale.it\/franza\/files\/2022\/12\/Facetune_22-12-2022-22-56-49.jpg 433w, https:\/\/blog.ilgiornale.it\/franza\/files\/2022\/12\/Facetune_22-12-2022-22-56-49-295x300.jpg 295w\" sizes=\"(max-width: 292px) 100vw, 292px\" \/><\/a><\/p>\n<p><strong>3 Da anni lavori per capitoli nel mondo dell\u2019arte, Ciclo Skin e poi il percorso Red &amp; Fuchsia, fino ai monocromi e al recente ciclo di sculture monumentali. Vuoi aggiungere qualcosa?<\/strong><\/p>\n<p>R. La mia ricerca per essere tale ingloba in s\u00e9 varie fasi o capitoli che rappresentano la mia arte nella sua solidit\u00e0 data dalla coerenza nel rappresentare il tema centrale di tutte le mie collezioni: L\u2019essere e l\u2019apparire. Utilizzando diverse tecniche e soggetti esprimo da pi\u00f9 punti di vista il percorso indagatorio lo sviluppo del pensiero la crescita nell\u2019esprimere pi\u00f9 sfaccettature svelando un cammino che accompagna la mia intera esistenza.<\/p>\n<p><strong>\u00a04 <\/strong><strong>Qual \u00e8 e cosa significa il tuo rapporto tra l\u2019arte e la societ\u00e0 che ti circonda?<\/strong><\/p>\n<p>R. L\u2019arte nutre la societ\u00e0 ma, senza societ\u00e0 non si sarebbero sviluppate le Arti. L\u2019arte per essere percepita come tale e per apportare cambiamenti dev\u2019essere incentrata sulla societ\u00e0 in cui nasce e si evolve. la mia arte nasce e si evolve all\u2019interno della realt\u00e0 odierna e mira a mostrare la dicotomia tra ci\u00f2 che vogliamo far credere di essere e ci\u00f2 che siamo in realt\u00e0.<\/p>\n<p><strong>5 Quale incidenza pu\u00f2 avere ed ha l\u2019arte che vai sviluppando oggi nella Milano che vivi?<\/strong><\/p>\n<p>R. L\u2019aggiungere curiosit\u00e0 e nuovi stimoli per le future generazioni.<\/p>\n<p><strong>A lei l\u2019augurio che la sua arte contribuisca a fortificare presente e futuro nella cornice della tradizione dove i saperi rimangono ancora le colonne della cultura occidentale.<\/strong><\/p>\n<p><strong>Carlo Franza <\/strong><\/p>\n<p><strong>\u00a0<\/strong><\/p>\n<p><strong>\u00a0<\/strong><\/p>\n<p>&nbsp;<\/p>\n","protected":false},"excerpt":{"rendered":"<p><p>Ormai giunto alla XXXIII edizione \u2013 Milano 2022 \u00a0\u00a0il PREMIO DELLE ARTI- PREMIO DELLA CULTURA, \u00e8 divenuto punto di riferimento della cultura europea e internazionale. Tutto si \u00e8 svolto \u00a0\u00a0mercoled\u00ec 15 dicembre 2022, alle ore 17.00 quando \u00a0vi \u00e8 stata la Premiazione dei Vincitori del Premio delle Arti Premio della Cultura Edizione XXXIV del 2022\u00a0 \u00a0nel \u00a0Salone dell\u2019Orologio \u00a0di \u00a0Milano PerCorsi in Corso Buenos Aires 79 &#8211; 20124 Milano. Ecco la motivazione della giuria nell\u2019assegnazione del Premio per la Cultura (Premio delle Arti- Premio della Cultura 2022) \u00a0\u00a0a Vesna Pavan: \u201cPer la preziosa politica culturale e artistica a favore del [&hellip;]<\/p>\n&nbsp;&nbsp;<div class=\"readmore\"><a href=\"https:\/\/blog.ilgiornale.it\/franza\/2022\/12\/26\/vesna-pavan-vince-a-milano-il-premio-delle-arti-premio-della-cultura-2022\/\">Continua a leggere...<\/a><\/div><\/p>","protected":false},"author":1009,"featured_media":0,"comment_status":"open","ping_status":"closed","sticky":false,"template":"","format":"standard","meta":[],"categories":[59281,9894,10357,35351,35224,26,774],"tags":[451554,471962,355195,339862],"_links":{"self":[{"href":"https:\/\/blog.ilgiornale.it\/franza\/wp-json\/wp\/v2\/posts\/28291"}],"collection":[{"href":"https:\/\/blog.ilgiornale.it\/franza\/wp-json\/wp\/v2\/posts"}],"about":[{"href":"https:\/\/blog.ilgiornale.it\/franza\/wp-json\/wp\/v2\/types\/post"}],"author":[{"embeddable":true,"href":"https:\/\/blog.ilgiornale.it\/franza\/wp-json\/wp\/v2\/users\/1009"}],"replies":[{"embeddable":true,"href":"https:\/\/blog.ilgiornale.it\/franza\/wp-json\/wp\/v2\/comments?post=28291"}],"version-history":[{"count":1,"href":"https:\/\/blog.ilgiornale.it\/franza\/wp-json\/wp\/v2\/posts\/28291\/revisions"}],"predecessor-version":[{"id":28296,"href":"https:\/\/blog.ilgiornale.it\/franza\/wp-json\/wp\/v2\/posts\/28291\/revisions\/28296"}],"wp:attachment":[{"href":"https:\/\/blog.ilgiornale.it\/franza\/wp-json\/wp\/v2\/media?parent=28291"}],"wp:term":[{"taxonomy":"category","embeddable":true,"href":"https:\/\/blog.ilgiornale.it\/franza\/wp-json\/wp\/v2\/categories?post=28291"},{"taxonomy":"post_tag","embeddable":true,"href":"https:\/\/blog.ilgiornale.it\/franza\/wp-json\/wp\/v2\/tags?post=28291"}],"curies":[{"name":"wp","href":"https:\/\/api.w.org\/{rel}","templated":true}]}}