{"id":28503,"date":"2023-01-16T22:24:37","date_gmt":"2023-01-16T22:24:37","guid":{"rendered":"https:\/\/blog.ilgiornale.it\/franza\/?p=28503"},"modified":"2023-01-17T12:11:11","modified_gmt":"2023-01-17T12:11:11","slug":"spari-in-classe-a-rovigo-scuola-italiana-nel-baratro-docente-denuncia-24-studenti","status":"publish","type":"post","link":"https:\/\/blog.ilgiornale.it\/franza\/2023\/01\/16\/spari-in-classe-a-rovigo-scuola-italiana-nel-baratro-docente-denuncia-24-studenti\/","title":{"rendered":"Spari in classe a Rovigo. Scuola italiana nel baratro. Docente denuncia 24 studenti."},"content":{"rendered":"<p><strong><a href=\"https:\/\/blog.ilgiornale.it\/franza\/files\/2023\/01\/1673538421957.jpg\"><img loading=\"lazy\" class=\"alignleft wp-image-28504\" src=\"https:\/\/blog.ilgiornale.it\/franza\/files\/2023\/01\/1673538421957.jpg\" alt=\"\" width=\"555\" height=\"314\" srcset=\"https:\/\/blog.ilgiornale.it\/franza\/files\/2023\/01\/1673538421957.jpg 800w, https:\/\/blog.ilgiornale.it\/franza\/files\/2023\/01\/1673538421957-300x170.jpg 300w, https:\/\/blog.ilgiornale.it\/franza\/files\/2023\/01\/1673538421957-768x435.jpg 768w\" sizes=\"(max-width: 555px) 100vw, 555px\" \/><\/a>\u201cLi denuncio tutti per difendere la mia dignit\u00e0 e quella dei miei colleghi, ma soprattutto perch\u00e9 \u00e8 stato oltrepassato un confine\u201d. Maria Luisa Finatti \u00e8 un&#8217;insegnante di Scienze e Biologia all&#8217;Itis Marchesini di Rovigo.<\/strong> Tre mesi fa \u00e8 comparsa in un video girato dai suoi studenti, la riprendevano mentre altri ragazzi della classe le sparavano durante la lezione con una pistola ad aria compressa. Dopo aver riflettuto a lungo, ha deciso che non saranno solo i provvedimenti disciplinari scolastici a definire il profilo di gravit\u00e0 dell&#8217;accaduto.<\/p>\n<p><strong>Maria Luisa Finatti ha denunciato tutti i 24 studenti di quella classe prima per i reati di lesioni personali, oltraggio a pubblico ufficiale, diffamazione a mezzo social e atti persecutori. La denuncia \u00e8 stata depositata dai suoi avvocati Nicola Rubiero e Tosca Sambinello al Tribunale dei minori di Venezia.<\/strong> Nel frattempo, quel video girato con le risate di sottofondo di ragazzi e ragazze \u00e8 diventato virale. E\u2019 chiaro che si \u00e8 andato oltre ogni limite, la scuola ha perso in questi ultimi anni tutta la sua funzione educatrice, di socializzazione e di cultura<\/p>\n<p>\u201cEra l&#8217;11 ottobre scorso &#8211; racconta la docente &#8211; un mese dopo l&#8217;inizio della scuola. Erano studenti di prima, appena arrivati alle superiori. Hanno avuto il<a href=\"https:\/\/blog.ilgiornale.it\/franza\/files\/2023\/01\/prof-pistola-scuola-rovigo-2-e1673907496549.jpg\"><img loading=\"lazy\" class=\"size-full wp-image-28505 alignright\" src=\"https:\/\/blog.ilgiornale.it\/franza\/files\/2023\/01\/prof-pistola-scuola-rovigo-2-e1673907496549.jpg\" alt=\"\" width=\"480\" height=\"270\" \/><\/a> coraggio di spararmi per ben due volte mirando in faccia. Sono uscita piangendo, solo un allievo mi ha chiesto scusa. Alcuni di loro avevano organizzato tutto: uno ha portato la pistola, uno ha sparato, altri hanno filmato con i telefonini. E tutto per cosa? Per diventare famosi, per guadagnare follower su Instagram e TikTok\u201d. <strong>\u201cSono uscita dall\u2019aula piangendo<\/strong>\u00a0\u2013 ha aggiunto \u2013 Subito dopo sono rimasta a casa qualche giorno e ho passato notti insonni. Non ho pi\u00f9 insegnato in quella classe ma l\u2019ansia c\u2019\u00e8 ancora, cos\u00ec come il timore di essere derisa. Adesso spero non succeda pi\u00f9 a nessuno. I genitori dovrebbero essere nostri alleati, invece sono totalmente schierati con i figli\u201d. A mente fredda, la docente ripercorre quei momenti: \u201cHanno avuto il coraggio di spararmi per ben due volte, una all\u2019inizio della lezione e poi anche alla fine. Quattro o cinque pallini, mi hanno colpito allo zigomo &#8211; dice a\u00a0<em>Repubblica<\/em>\u00a0-. Non mi sono resa conto subito della situazione\u201d.<\/p>\n<p><strong>La vicenda aveva destato grosso scalpore, e cinquanta primi cittadini del Polesine avevano inviato una lettera aperta\u00a0ai dirigenti scolastici, insegnanti, operatori del mondo scolastico, studenti e famiglie<\/strong>. &#8220;Colpisce in modo profondo &#8211; scrivevano i sindaci &#8211; anche noi amministratori locali, impegnati nel propugnare valori di rispetto, tolleranza e reciproco riconoscimento, che risultano disattesi da comportamenti cos\u00ec intollerabili. La scuola \u00e8 una delle chiavi del presente e del futuro di questo paese e in quanto &#8216;Istituzione&#8217; non \u00e8 accettabile che venga messa alla gogna per episodi che di goliardico non hanno nulla, ma che sconfinano in reati punibili dalla legge. Il fatto che una docente venga colpita, nell&#8217;esercizio del suo lavoro, da colpi di pistola ad aria compressa, ci obbliga a interrogarci su diverse questioni: perch\u00e9 chi lavora per formare e costruire coscienze e intelligenze viene denigrato, umiliato a tal punto? Perch\u00e9 queste degenerazioni non possono essere prevenute? Quali meccanismi scattano, per cui figure istituzionali cos\u00ec importanti in una societ\u00e0 vengono vilipese? Nel portare la nostra solidariet\u00e0 alla docente ferita, cos\u00ec come nel ribadire un grande rispetto per i dirigenti, gli insegnanti e gli operatori del mondo della scuola, chiediamo allora ai ragazzi e alle loro famiglie una profonda riflessione&#8221;.<\/p>\n<p><strong>Occorre ridisegnare tutta la scuola italiana, invocare certezze -si spera che il ministro Valditara persona colta e preparatissima vi ponga rimedio- perch\u00e8 \u00a0la scuola italiana \u00e8 in un abisso infernale, dalle medie inferiori alla superiori,<\/strong> manca il rispetto per il professore che \u00e8 un pubblico ufficiale,\u00a0 nelle aule scolastiche \u00a0avviene di tutto e a scuola si va ormai non per studiare ma per perpetuare quanto avviene nelle citt\u00e0 e nelle strade italiane, da studenti che hanno anche il benestare dei genitori e delle famiglie.<\/p>\n<p><strong>Carlo Franza <\/strong><\/p>\n<p>&nbsp;<\/p>\n","protected":false},"excerpt":{"rendered":"<p><p>\u201cLi denuncio tutti per difendere la mia dignit\u00e0 e quella dei miei colleghi, ma soprattutto perch\u00e9 \u00e8 stato oltrepassato un confine\u201d. Maria Luisa Finatti \u00e8 un&#8217;insegnante di Scienze e Biologia all&#8217;Itis Marchesini di Rovigo. Tre mesi fa \u00e8 comparsa in un video girato dai suoi studenti, la riprendevano mentre altri ragazzi della classe le sparavano durante la lezione con una pistola ad aria compressa. Dopo aver riflettuto a lungo, ha deciso che non saranno solo i provvedimenti disciplinari scolastici a definire il profilo di gravit\u00e0 dell&#8217;accaduto. Maria Luisa Finatti ha denunciato tutti i 24 studenti di quella classe prima per [&hellip;]<\/p>\n&nbsp;&nbsp;<div class=\"readmore\"><a href=\"https:\/\/blog.ilgiornale.it\/franza\/2023\/01\/16\/spari-in-classe-a-rovigo-scuola-italiana-nel-baratro-docente-denuncia-24-studenti\/\">Continua a leggere...<\/a><\/div><\/p>","protected":false},"author":1009,"featured_media":0,"comment_status":"open","ping_status":"closed","sticky":false,"template":"","format":"standard","meta":[],"categories":[59281,26,64,28369,44566,51665,4625],"tags":[472067,472066,44570,54746,406666],"_links":{"self":[{"href":"https:\/\/blog.ilgiornale.it\/franza\/wp-json\/wp\/v2\/posts\/28503"}],"collection":[{"href":"https:\/\/blog.ilgiornale.it\/franza\/wp-json\/wp\/v2\/posts"}],"about":[{"href":"https:\/\/blog.ilgiornale.it\/franza\/wp-json\/wp\/v2\/types\/post"}],"author":[{"embeddable":true,"href":"https:\/\/blog.ilgiornale.it\/franza\/wp-json\/wp\/v2\/users\/1009"}],"replies":[{"embeddable":true,"href":"https:\/\/blog.ilgiornale.it\/franza\/wp-json\/wp\/v2\/comments?post=28503"}],"version-history":[{"count":4,"href":"https:\/\/blog.ilgiornale.it\/franza\/wp-json\/wp\/v2\/posts\/28503\/revisions"}],"predecessor-version":[{"id":28518,"href":"https:\/\/blog.ilgiornale.it\/franza\/wp-json\/wp\/v2\/posts\/28503\/revisions\/28518"}],"wp:attachment":[{"href":"https:\/\/blog.ilgiornale.it\/franza\/wp-json\/wp\/v2\/media?parent=28503"}],"wp:term":[{"taxonomy":"category","embeddable":true,"href":"https:\/\/blog.ilgiornale.it\/franza\/wp-json\/wp\/v2\/categories?post=28503"},{"taxonomy":"post_tag","embeddable":true,"href":"https:\/\/blog.ilgiornale.it\/franza\/wp-json\/wp\/v2\/tags?post=28503"}],"curies":[{"name":"wp","href":"https:\/\/api.w.org\/{rel}","templated":true}]}}