{"id":28702,"date":"2023-02-05T20:52:29","date_gmt":"2023-02-05T20:52:29","guid":{"rendered":"https:\/\/blog.ilgiornale.it\/franza\/?p=28702"},"modified":"2023-02-05T20:52:29","modified_gmt":"2023-02-05T20:52:29","slug":"sulle-tracce-di-san-francesco-alla-national-gallery-londra-sette-secoli-di-storia-dellarte-raccontano-il-santo-di-assisi","status":"publish","type":"post","link":"https:\/\/blog.ilgiornale.it\/franza\/2023\/02\/05\/sulle-tracce-di-san-francesco-alla-national-gallery-londra-sette-secoli-di-storia-dellarte-raccontano-il-santo-di-assisi\/","title":{"rendered":"Sulle tracce di  San Francesco. Alla National Gallery (Londra) sette secoli di storia dell\u2019arte raccontano il Santo di Assisi."},"content":{"rendered":"<p><a href=\"https:\/\/blog.ilgiornale.it\/franza\/files\/2023\/02\/129887-N-0598-00-000039-A5c.jpg\"><img loading=\"lazy\" class=\"alignleft  wp-image-28703\" src=\"https:\/\/blog.ilgiornale.it\/franza\/files\/2023\/02\/129887-N-0598-00-000039-A5c.jpg\" alt=\"\" width=\"315\" height=\"492\" srcset=\"https:\/\/blog.ilgiornale.it\/franza\/files\/2023\/02\/129887-N-0598-00-000039-A5c.jpg 636w, https:\/\/blog.ilgiornale.it\/franza\/files\/2023\/02\/129887-N-0598-00-000039-A5c-192x300.jpg 192w\" sizes=\"(max-width: 315px) 100vw, 315px\" \/><\/a>San Francesco varca le sale della National Gallery (Londra) per la prima grande mostra nel regno Unito che esplora la vita del \u201cpoverello di Assisi\u201d, ripercorrendone l\u2019eredit\u00e0 attraverso i pi\u00f9 grandi pennelli di sempre. <strong>Una mostra, in programma la prossima primavera, dal 6 maggio al 30 luglio del 2023, render\u00e0 omaggio a uno<a href=\"https:\/\/blog.ilgiornale.it\/franza\/files\/2023\/02\/129885-N-0230-00-000043-A5c.jpg\"><img loading=\"lazy\" class=\" wp-image-28704 alignright\" src=\"https:\/\/blog.ilgiornale.it\/franza\/files\/2023\/02\/129885-N-0230-00-000043-A5c.jpg\" alt=\"\" width=\"308\" height=\"473\" srcset=\"https:\/\/blog.ilgiornale.it\/franza\/files\/2023\/02\/129885-N-0230-00-000043-A5c.jpg 621w, https:\/\/blog.ilgiornale.it\/franza\/files\/2023\/02\/129885-N-0230-00-000043-A5c-195x300.jpg 195w\" sizes=\"(max-width: 308px) 100vw, 308px\" \/><\/a> dei volti pi\u00f9 venerati della storia, presentando la figura del patrono d\u2019Italia declinata attraverso l\u2019arte e l\u2019immaginario collettivo dal XIII secolo ad oggi.<\/strong><\/p>\n<p>Alle interpretazioni del santo dipinte sulla tela da\u00a0<strong>Sassetta, Botticelli, Zurbar\u00e1n<\/strong>, si uniranno i prestiti internazionali del\u00a0<em><strong>San Francesco d\u2019Assisi<\/strong><\/em><strong>\u00a0in estasi di Caravaggio<\/strong>\u00a0dal Wadsworth Atheneum Museum of Art di Hartford, e il\u00a0<em>San Francesco e Santa Chiara che adorano il Cristo Bambino in una mangiatoia<\/em>\u00a0della pittrice portoghese Josefa de \u00d3bidos, che, nella prossima primavera, giunger\u00e0 a Londra da una collezione privata di Lisbona.<\/p>\n<p>San Francesco sfiora anche le corde dell\u2019arte contemporanea come emerger\u00e0 in mostra dall\u2019omaggio di<strong>\u00a0Antony Gormley<\/strong>, fino a dialogare con l\u2019Arte Povera nell\u2019opera di<strong>\u00a0Giuseppe Penone\u00a0<\/strong><em><strong>L\u2019albero porta \u2013 cedro<\/strong><\/em><strong>.<\/strong><br \/>\nOltre a includere una nuova opera dell\u2019artista visivo Richard Long, classe 1945, il percorso atteso a Londra nel 2023 ospiter\u00e0 capolavori di matrice diversa, dai pannelli dipinti medievali ai manoscritti, e persino un fumetto Marvel, che mostreranno quanto San Francesco abbia catturato l\u2019immaginazione degli artisti e quanto il suo appello abbia trasceso i secoli, le religioni e i continenti.<\/p>\n<p><a href=\"https:\/\/blog.ilgiornale.it\/franza\/files\/2023\/02\/136757-X11542-print.jpg\"><img loading=\"lazy\" class=\" wp-image-28705\" src=\"https:\/\/blog.ilgiornale.it\/franza\/files\/2023\/02\/136757-X11542-print.jpg\" alt=\"\" width=\"337\" height=\"363\" srcset=\"https:\/\/blog.ilgiornale.it\/franza\/files\/2023\/02\/136757-X11542-print.jpg 1007w, https:\/\/blog.ilgiornale.it\/franza\/files\/2023\/02\/136757-X11542-print-278x300.jpg 278w, https:\/\/blog.ilgiornale.it\/franza\/files\/2023\/02\/136757-X11542-print-949x1024.jpg 949w, https:\/\/blog.ilgiornale.it\/franza\/files\/2023\/02\/136757-X11542-print-768x829.jpg 768w\" sizes=\"(max-width: 337px) 100vw, 337px\" \/><\/a><\/p>\n<p>Dall\u2019Umbria, l\u2019immagine di Francesco si diffuse rapidamente fino a diventare un fenomeno globale. Dalle prime biografie duecentesche scritte di Tommaso da Celano e San Bonaventura, dalle prime pale d\u2019altare e dagli affreschi dipinti (come quelli attribuiti a Giotto nella Chiesa Superiore di San Francesco ad Assisi), la<a href=\"https:\/\/blog.ilgiornale.it\/franza\/files\/2023\/02\/136755-X10212-print.jpg\"><img loading=\"lazy\" class=\" wp-image-28706 alignright\" src=\"https:\/\/blog.ilgiornale.it\/franza\/files\/2023\/02\/136755-X10212-print.jpg\" alt=\"\" width=\"375\" height=\"281\" srcset=\"https:\/\/blog.ilgiornale.it\/franza\/files\/2023\/02\/136755-X10212-print.jpg 600w, https:\/\/blog.ilgiornale.it\/franza\/files\/2023\/02\/136755-X10212-print-300x225.jpg 300w\" sizes=\"(max-width: 375px) 100vw, 375px\" \/><\/a> vita del padre del\u00a0<em>Cantico delle creature<\/em>\u00a0divenne un esempio degno di imitazione.<\/p>\n<p>Oggetti come la straordinaria reliquia dell&#8217;abito di Francesco da Santa Croce, a Firenze, una serie di litografie di Arthur Boyd dal British, un\u00a0<em>Sacco<\/em>\u00a0di Alberto Burri e un\u00a0<em>San Francesco davanti al Sultano\u00a0<\/em>del Beato Angelico esploreranno infine, nella Sala Sei del percorso, le scelte radicali di Francesco, dichiarato santo nel 1228 da papa Gregorio IX dopo aver rassegnato le dimissioni dalla guida del suo ordine, costernato dalla deriva sempre pi\u00f9 mondana e materialista che il suo ordine stava prendendo.<\/p>\n<p>A Santa Chiara, una delle prime seguaci di Francesco, \u00e8 dedicata una piccola sezione della mostra che ospita opere come <em>Santa Chiara che salva un bambino sbranato da un lupo<\/em>\u00a0di Giovanni di Paolo e P<em>resepe con San Francesco e Santa Chiara<\/em>\u00a0di Josefa de \u00d3bidos.<\/p>\n<p>&#8220;Il radicalismo spirituale di Francesco &#8211; spiega Gabriele Finaldi, direttore della National Gallery di Londra &#8211; il suo impegno per i poveri e la solidariet\u00e0 umana, il suo amore per Dio, la natura e gli animali, che potremmo chiamare ambientalismo embrionale, nonch\u00e9 il suo impegno per la pace tra nemici e l\u2019apertura al dialogo con le altre religioni, sono temi che risuonano ancora oggi in noi e ne fanno una figura di enorme attualit\u00e0 per i nostri tempi. La storia delle immagini di San Francesco \u00e8 anche la storia di come Francesco \u00e8 stato percepito nel tempo. Una variet\u00e0 di Francesco \u00e8 emersa nel corso dei secoli man mano che diversi aspetti della sua persona sono stati enfatizzati, adottati, promossi e, inevitabilmente, anche appropriati e manipolati. Questa mostra esplora alcuni aspetti di questa affascinante storia.\u201d<\/p>\n<p>La mostra alla National Gallery sar\u00e0 accompagnata da una pubblicazione interamente illustrata e da un ricco programma di conferenze, eventi, attivit\u00e0 e contenuti digitali.<\/p>\n<p><strong>Carlo Franza <\/strong><\/p>\n<p>&nbsp;<\/p>\n","protected":false},"excerpt":{"rendered":"<p><p>San Francesco varca le sale della National Gallery (Londra) per la prima grande mostra nel regno Unito che esplora la vita del \u201cpoverello di Assisi\u201d, ripercorrendone l\u2019eredit\u00e0 attraverso i pi\u00f9 grandi pennelli di sempre. Una mostra, in programma la prossima primavera, dal 6 maggio al 30 luglio del 2023, render\u00e0 omaggio a uno dei volti pi\u00f9 venerati della storia, presentando la figura del patrono d\u2019Italia declinata attraverso l\u2019arte e l\u2019immaginario collettivo dal XIII secolo ad oggi. Alle interpretazioni del santo dipinte sulla tela da\u00a0Sassetta, Botticelli, Zurbar\u00e1n, si uniranno i prestiti internazionali del\u00a0San Francesco d\u2019Assisi\u00a0in estasi di Caravaggio\u00a0dal Wadsworth Atheneum Museum [&hellip;]<\/p>\n&nbsp;&nbsp;<div class=\"readmore\"><a href=\"https:\/\/blog.ilgiornale.it\/franza\/2023\/02\/05\/sulle-tracce-di-san-francesco-alla-national-gallery-londra-sette-secoli-di-storia-dellarte-raccontano-il-santo-di-assisi\/\">Continua a leggere...<\/a><\/div><\/p>","protected":false},"author":1009,"featured_media":0,"comment_status":"open","ping_status":"closed","sticky":false,"template":"","format":"standard","meta":[],"categories":[108264,59281,9894,53747,41640,44441,87,35351,42,17505,35188,28369,4625,409394],"tags":[125164,4332,3752,355195,202473,53720,288028],"_links":{"self":[{"href":"https:\/\/blog.ilgiornale.it\/franza\/wp-json\/wp\/v2\/posts\/28702"}],"collection":[{"href":"https:\/\/blog.ilgiornale.it\/franza\/wp-json\/wp\/v2\/posts"}],"about":[{"href":"https:\/\/blog.ilgiornale.it\/franza\/wp-json\/wp\/v2\/types\/post"}],"author":[{"embeddable":true,"href":"https:\/\/blog.ilgiornale.it\/franza\/wp-json\/wp\/v2\/users\/1009"}],"replies":[{"embeddable":true,"href":"https:\/\/blog.ilgiornale.it\/franza\/wp-json\/wp\/v2\/comments?post=28702"}],"version-history":[{"count":1,"href":"https:\/\/blog.ilgiornale.it\/franza\/wp-json\/wp\/v2\/posts\/28702\/revisions"}],"predecessor-version":[{"id":28707,"href":"https:\/\/blog.ilgiornale.it\/franza\/wp-json\/wp\/v2\/posts\/28702\/revisions\/28707"}],"wp:attachment":[{"href":"https:\/\/blog.ilgiornale.it\/franza\/wp-json\/wp\/v2\/media?parent=28702"}],"wp:term":[{"taxonomy":"category","embeddable":true,"href":"https:\/\/blog.ilgiornale.it\/franza\/wp-json\/wp\/v2\/categories?post=28702"},{"taxonomy":"post_tag","embeddable":true,"href":"https:\/\/blog.ilgiornale.it\/franza\/wp-json\/wp\/v2\/tags?post=28702"}],"curies":[{"name":"wp","href":"https:\/\/api.w.org\/{rel}","templated":true}]}}