{"id":29913,"date":"2023-06-10T20:06:54","date_gmt":"2023-06-10T20:06:54","guid":{"rendered":"https:\/\/blog.ilgiornale.it\/franza\/?p=29913"},"modified":"2023-06-10T20:06:54","modified_gmt":"2023-06-10T20:06:54","slug":"monografica-del-fotogiornalista-irlandese-ivor-prickett-alla-collezione-maramotti-di-reggio-emilia","status":"publish","type":"post","link":"https:\/\/blog.ilgiornale.it\/franza\/2023\/06\/10\/monografica-del-fotogiornalista-irlandese-ivor-prickett-alla-collezione-maramotti-di-reggio-emilia\/","title":{"rendered":"Monografica del fotogiornalista irlandese  Ivor Prickett alla Collezione Maramotti di Reggio Emilia"},"content":{"rendered":"<p><a href=\"https:\/\/blog.ilgiornale.it\/franza\/files\/2023\/06\/maxresdefault-e1686426916614.jpg\"><img loading=\"lazy\" class=\"alignleft size-full wp-image-29914\" src=\"https:\/\/blog.ilgiornale.it\/franza\/files\/2023\/06\/maxresdefault-e1686426916614.jpg\" alt=\"\" width=\"480\" height=\"270\" \/><\/a>In occasione del festival di Fotografia Europea 2023, dal titolo Europe Matters. Visioni di un\u2019identit\u00e0 inquieta, Collezione Maramotti presenta No Home from War: Tales of Survival and Loss, <strong>prima mostra in Italia del fotogiornalista Ivor Prickett.<\/strong> Con oltre<a href=\"https:\/\/blog.ilgiornale.it\/franza\/files\/2023\/06\/95521_unnamed1-700x467-696x385-1.jpg\"><img loading=\"lazy\" class=\" wp-image-29915 alignright\" src=\"https:\/\/blog.ilgiornale.it\/franza\/files\/2023\/06\/95521_unnamed1-700x467-696x385-1.jpg\" alt=\"\" width=\"410\" height=\"227\" srcset=\"https:\/\/blog.ilgiornale.it\/franza\/files\/2023\/06\/95521_unnamed1-700x467-696x385-1.jpg 696w, https:\/\/blog.ilgiornale.it\/franza\/files\/2023\/06\/95521_unnamed1-700x467-696x385-1-300x166.jpg 300w\" sizes=\"(max-width: 410px) 100vw, 410px\" \/><\/a> cinquanta fotografie scattate in scenari di conflitto dal 2006 al 2022, No Home from War rappresenta la pi\u00f9 ampia esposizione sul lavoro di Prickett fino ad oggi.<\/p>\n<p>Partendo da una dimensione intima e domestica, caratterizzata dai conflitti umani e sociali in Croazia e Abkhazia, Prickett si \u00e8 spostato nei luoghi di migrazione forzata, nelle terre di ricercato rifugio (Medio Oriente ed Europa), fino a giungere in prima linea nelle zone di combattimento (Iraq, Ucraina).<\/p>\n<p>In questa occasione si potranno visitare liberamente la collezione permanente, la mostra Burning Green di Andriu Deplazes e la mostra The Age\/L&#8217;Et\u00e0 di Emma Talbot.<br \/>\n<a href=\"https:\/\/blog.ilgiornale.it\/franza\/files\/2023\/06\/1-1-696x696-1.jpg\"><img loading=\"lazy\" class=\"alignleft  wp-image-29916\" src=\"https:\/\/blog.ilgiornale.it\/franza\/files\/2023\/06\/1-1-696x696-1.jpg\" alt=\"\" width=\"394\" height=\"394\" srcset=\"https:\/\/blog.ilgiornale.it\/franza\/files\/2023\/06\/1-1-696x696-1.jpg 696w, https:\/\/blog.ilgiornale.it\/franza\/files\/2023\/06\/1-1-696x696-1-300x300.jpg 300w, https:\/\/blog.ilgiornale.it\/franza\/files\/2023\/06\/1-1-696x696-1-150x150.jpg 150w\" sizes=\"(max-width: 394px) 100vw, 394px\" \/><\/a>Dopo gli studi in Documentary Photography presso l\u2019Universit\u00e0 di Wales Newport (UK), Prickett ha iniziato a occuparsi di Europa e di Medio<a href=\"https:\/\/blog.ilgiornale.it\/franza\/files\/2023\/06\/4-2.jpg\"><img loading=\"lazy\" class=\" wp-image-29917 alignright\" src=\"https:\/\/blog.ilgiornale.it\/franza\/files\/2023\/06\/4-2.jpg\" alt=\"\" width=\"323\" height=\"323\" srcset=\"https:\/\/blog.ilgiornale.it\/franza\/files\/2023\/06\/4-2.jpg 800w, https:\/\/blog.ilgiornale.it\/franza\/files\/2023\/06\/4-2-300x300.jpg 300w, https:\/\/blog.ilgiornale.it\/franza\/files\/2023\/06\/4-2-150x150.jpg 150w, https:\/\/blog.ilgiornale.it\/franza\/files\/2023\/06\/4-2-768x768.jpg 768w\" sizes=\"(max-width: 323px) 100vw, 323px\" \/><\/a> Oriente con l\u2019urgenza di restituire e denunciare gli effetti delle guerre sulla popolazione civile, sulle vite delle persone devastate e sradicate, a prescindere dall\u2019appartenenza all\u2019uno o all\u2019altro schieramento. Partendo da una dimensione intima e domestica delle conseguenze sociali e umanitarie dei conflitti nel lungo periodo, nel corso degli anni lo sguardo di Prickett si \u00e8 spostato nei luoghi di migrazione forzata, nelle terre di ricercato rifugio, fino a giungere in prima linea nelle zone di combattimento. La casa \u2013 spazio reale e luogo interiore primario di protezione, appartenenza e radicamento \u2013 \u00e8 un elemento centrale che ritorna, in diverse configurazioni, nel suo lavoro.<\/p>\n<p><strong>La mostra \u00e8 strutturata seguendo il percorso di Prickett e la cronologia degli scatti. Dal 2006 al 2010 il suo lavoro nei Balcani e nel Caucaso si \u00e8 concentrato soprattutto su singoli individui e su piccoli gruppi familiari come nuclei di resistenza e tentativi incarnati di ri-esistenza. Nelle fotografie della minoranza serba in Croazia, sfollata negli anni Novanta a causa della guerra, cos\u00ec come nei ritratti della popolazione mingreliana georgiana infotogiornalista Ivor Prickett.emerge una solitudine tanto ordinaria quanto abissale, che irradia da scenari e individui precari, sospesi, lasciati soli a fare i conti con <\/strong><strong>la propria storia e a ricostruirla, partendo dalla ricerca di un senso di casa, di famiglia e di comunit\u00e0 in situazioni ancora molto fragili. <\/strong>Nelle scelte di taglio e di<a href=\"https:\/\/blog.ilgiornale.it\/franza\/files\/2023\/06\/7-696x464-1-e1686427160629.jpg\"><img loading=\"lazy\" class=\"alignleft size-full wp-image-29919\" src=\"https:\/\/blog.ilgiornale.it\/franza\/files\/2023\/06\/7-696x464-1-e1686427160629.jpg\" alt=\"\" width=\"396\" height=\"264\" \/><\/a><a href=\"https:\/\/blog.ilgiornale.it\/franza\/files\/2023\/06\/6_Ivor-Prickett-696x597-1.jpg\"><img loading=\"lazy\" class=\"wp-image-29918 alignright\" src=\"https:\/\/blog.ilgiornale.it\/franza\/files\/2023\/06\/6_Ivor-Prickett-696x597-1.jpg\" alt=\"\" width=\"422\" height=\"362\" srcset=\"https:\/\/blog.ilgiornale.it\/franza\/files\/2023\/06\/6_Ivor-Prickett-696x597-1.jpg 696w, https:\/\/blog.ilgiornale.it\/franza\/files\/2023\/06\/6_Ivor-Prickett-696x597-1-300x257.jpg 300w\" sizes=\"(max-width: 422px) 100vw, 422px\" \/><\/a> composizione degli scatti, nella luce non alterata artificialmente da cui emergono figure, ambienti e dettagli, Prickett crea immagini iconiche in cui riecheggiano soggetti e forme classiche dell\u2019iconografia religiosa e della storia dell\u2019arte. L\u2019amore e le virt\u00f9 di santi senza nome, le espressioni contemporanee della Piet\u00e0, la semplicit\u00e0 di una scena bucolica, il mistero dell\u2019attraversamento verso un\u2019indefinita Isola dei Morti, il dramma di Caravaggio e la terrena spiritualit\u00e0 di Rembrandt: la forza simbolica ed estetica \u00e8 per Prickett al servizio di una riflessione sulla storia presente. Nel corto circuito generato dall\u2019impressione di trovarsi di fronte auna forma di staged photography e dalla consapevolezza della drammatica realt\u00e0 dei soggetti, questi frammenti di mondi si elevano a metafore universali e sollecitano una presa di posizione. \u201c<em>Il mio interesse per la guerra e la mia genesi di fotografo interessato al conflitto \u00e8 una storia raccontata al contrario. Ho cominciato a documentarne le conseguenze, poi ho seguito il movimento delle persone costrette a fuggire dalla guerra prima di passare infine a immortalare l\u2019atto della guerra in s\u00e9 e i suoi effetti immediati\u201d(<\/em>Ivor Prickett).<\/p>\n<p><strong><a href=\"https:\/\/blog.ilgiornale.it\/franza\/files\/2023\/06\/21-64550fdc2296b.jpg\"><img loading=\"lazy\" class=\"alignleft  wp-image-29920\" src=\"https:\/\/blog.ilgiornale.it\/franza\/files\/2023\/06\/21-64550fdc2296b.jpg\" alt=\"\" width=\"482\" height=\"321\" srcset=\"https:\/\/blog.ilgiornale.it\/franza\/files\/2023\/06\/21-64550fdc2296b.jpg 768w, https:\/\/blog.ilgiornale.it\/franza\/files\/2023\/06\/21-64550fdc2296b-300x200.jpg 300w\" sizes=\"(max-width: 482px) 100vw, 482px\" \/><\/a>Contrasto<\/strong> pubblica <strong><em>No home from war &#8211; Tales of survival and loss <\/em><\/strong>di <strong>Ivor Prickett<\/strong>, un lavoro magistrale, intenso e delicato di uno dei giovani interpreti del fotogiornalismo internazionale. Il libro, con un testo di Arianna Di Genova, critica d\u2019arte, giornalista e redattrice presso il quotidiano Il Manifesto, \u00e8 la prima retrospettiva italiana dell\u2019autore e accompagna la mostra omonima che inaugura a Reggio Emilia, presso la Collezione Maramotti, per il Festival Fotografia Europea 2023 dal titolo <em>Europe Matters. Visioni di un\u2019identit\u00e0 inquieta<\/em>. La mostra con oltre<a href=\"https:\/\/blog.ilgiornale.it\/franza\/files\/2023\/06\/22-696x464-1.jpg\"><img loading=\"lazy\" class=\" wp-image-29921 alignright\" src=\"https:\/\/blog.ilgiornale.it\/franza\/files\/2023\/06\/22-696x464-1.jpg\" alt=\"\" width=\"435\" height=\"290\" srcset=\"https:\/\/blog.ilgiornale.it\/franza\/files\/2023\/06\/22-696x464-1.jpg 696w, https:\/\/blog.ilgiornale.it\/franza\/files\/2023\/06\/22-696x464-1-300x200.jpg 300w\" sizes=\"(max-width: 435px) 100vw, 435px\" \/><\/a> cinquanta fotografie scattate in scenari di conflitto dal 2006 al 2022, rappresenta la pi\u00f9 ampia esposizione sul lavoro di Prickett fino ad oggi e sar\u00e0 aperta al pubblico dal 30 aprile al 30 luglio 2023.<\/p>\n<p><strong>Un termine che spesso ritorna nei lavori di Ivor Prickett \u2013 fotografo irlandese, classe 1983, tra gli sguardi pi\u00f9 interessanti della fotografia contemporanea \u2013 \u00e8 <em>home<\/em>, \u201ccasa\u201d.<\/strong> Fino a giungere in prima linea nelle zone di combattimento come l\u2019Iraq, dove ha azzerato le distanze di spazio e di tempo con lo scenario bellico seguendo la brutale guerra contro lo Stato Islamico (ISIS) e la martoriata Ucraina, documentata proprio in questi ultimi mesi in cui le grandi ferite architettoniche divengono segni materiali e metafisici della distruzione dello spazio domestico e personale, aprendo uno squarcio sull\u2019atrocit\u00e0 della situazione bellica in corso oggi in Europa.<\/p>\n<p><strong>Ivor Prickett<\/strong> nato in Irlanda nel 1983 vive e lavora a Istanbul. Con un interesse particolare per le situazioni post-belliche e le loro catastrofiche conseguenze umanitarie, Prickett ha focalizzato i suoi primi progetti sulle storie di persone sfollate nei Balcani e nel Caucaso. Negli anni recenti, lavorando esclusivamente per <em>The New York Times<\/em>, ha passato diversi mesi tra Ucraina, Siria e Iraq, documentando i conflitti sul campo attraverso immagini e parole. Ha ottenuto molti importanti riconoscimenti e premi, tra cui: The World Press Photo, The Pulitzer Prizes, The Overseas Press Club Awards, Pictures of the Year International, Foam Talent, The Taylor Wessing Portrait Prize and The Ian Parry Scholarship. \u00c8 stato finalista del Premio Pulizter nel 2018 e del Prix Pictet nel 2019. Le sue fotografie sono state esposte in numerose istituzioni, tra le quali The Victoria and Albert Museum, Londra; Sotheby\u2019s, Londra; Foam Gallery, Amsterdam; The National Portrait Gallery, Londra. Prickett \u00e8 rappresentato da Panos Pictures ed \u00e8 Ambassador di Canon Europe.<\/p>\n<p><strong>Carlo Franza<\/strong><\/p>\n<p>&nbsp;<\/p>\n","protected":false},"excerpt":{"rendered":"<p><p>In occasione del festival di Fotografia Europea 2023, dal titolo Europe Matters. Visioni di un\u2019identit\u00e0 inquieta, Collezione Maramotti presenta No Home from War: Tales of Survival and Loss, prima mostra in Italia del fotogiornalista Ivor Prickett. Con oltre cinquanta fotografie scattate in scenari di conflitto dal 2006 al 2022, No Home from War rappresenta la pi\u00f9 ampia esposizione sul lavoro di Prickett fino ad oggi. Partendo da una dimensione intima e domestica, caratterizzata dai conflitti umani e sociali in Croazia e Abkhazia, Prickett si \u00e8 spostato nei luoghi di migrazione forzata, nelle terre di ricercato rifugio (Medio Oriente ed Europa), [&hellip;]<\/p>\n&nbsp;&nbsp;<div class=\"readmore\"><a href=\"https:\/\/blog.ilgiornale.it\/franza\/2023\/06\/10\/monografica-del-fotogiornalista-irlandese-ivor-prickett-alla-collezione-maramotti-di-reggio-emilia\/\">Continua a leggere...<\/a><\/div><\/p>","protected":false},"author":1009,"featured_media":0,"comment_status":"open","ping_status":"closed","sticky":false,"template":"","format":"standard","meta":[],"categories":[44800,59281,9894,10357,44441,87,28340,26,17505,35188,64,28369,4625],"tags":[472881,55419,472880,472878,472879,355195],"_links":{"self":[{"href":"https:\/\/blog.ilgiornale.it\/franza\/wp-json\/wp\/v2\/posts\/29913"}],"collection":[{"href":"https:\/\/blog.ilgiornale.it\/franza\/wp-json\/wp\/v2\/posts"}],"about":[{"href":"https:\/\/blog.ilgiornale.it\/franza\/wp-json\/wp\/v2\/types\/post"}],"author":[{"embeddable":true,"href":"https:\/\/blog.ilgiornale.it\/franza\/wp-json\/wp\/v2\/users\/1009"}],"replies":[{"embeddable":true,"href":"https:\/\/blog.ilgiornale.it\/franza\/wp-json\/wp\/v2\/comments?post=29913"}],"version-history":[{"count":1,"href":"https:\/\/blog.ilgiornale.it\/franza\/wp-json\/wp\/v2\/posts\/29913\/revisions"}],"predecessor-version":[{"id":29922,"href":"https:\/\/blog.ilgiornale.it\/franza\/wp-json\/wp\/v2\/posts\/29913\/revisions\/29922"}],"wp:attachment":[{"href":"https:\/\/blog.ilgiornale.it\/franza\/wp-json\/wp\/v2\/media?parent=29913"}],"wp:term":[{"taxonomy":"category","embeddable":true,"href":"https:\/\/blog.ilgiornale.it\/franza\/wp-json\/wp\/v2\/categories?post=29913"},{"taxonomy":"post_tag","embeddable":true,"href":"https:\/\/blog.ilgiornale.it\/franza\/wp-json\/wp\/v2\/tags?post=29913"}],"curies":[{"name":"wp","href":"https:\/\/api.w.org\/{rel}","templated":true}]}}