{"id":30332,"date":"2023-07-27T16:06:43","date_gmt":"2023-07-27T16:06:43","guid":{"rendered":"https:\/\/blog.ilgiornale.it\/franza\/?p=30332"},"modified":"2023-07-27T16:06:43","modified_gmt":"2023-07-27T16:06:43","slug":"il-sindaco-di-londra-vieta-di-guardare-le-persone-negli-occhi-staring-recita-il-manifesto-leuropa-si-opponga","status":"publish","type":"post","link":"https:\/\/blog.ilgiornale.it\/franza\/2023\/07\/27\/il-sindaco-di-londra-vieta-di-guardare-le-persone-negli-occhi-staring-recita-il-manifesto-leuropa-si-opponga\/","title":{"rendered":"Il sindaco di Londra vieta di guardare le persone negli occhi. \u201cStaring\u201d recita il manifesto. L\u2019Europa si opponga."},"content":{"rendered":"<p><a href=\"https:\/\/blog.ilgiornale.it\/franza\/files\/2023\/07\/1688907405977.jpg\"><img loading=\"lazy\" class=\"alignleft  wp-image-30333\" src=\"https:\/\/blog.ilgiornale.it\/franza\/files\/2023\/07\/1688907405977.jpg\" alt=\"\" width=\"287\" height=\"457\" srcset=\"https:\/\/blog.ilgiornale.it\/franza\/files\/2023\/07\/1688907405977.jpg 800w, https:\/\/blog.ilgiornale.it\/franza\/files\/2023\/07\/1688907405977-188x300.jpg 188w, https:\/\/blog.ilgiornale.it\/franza\/files\/2023\/07\/1688907405977-642x1024.jpg 642w, https:\/\/blog.ilgiornale.it\/franza\/files\/2023\/07\/1688907405977-768x1225.jpg 768w\" sizes=\"(max-width: 287px) 100vw, 287px\" \/><\/a>Incredibile, proprio incredibile, ma che ci\u00f2 sia accaduto in Europa, e a Londra, \u00e8 ancora pi\u00f9 grave. \u00a0Quanto <strong>combinato a Londra dal Sindaco Sadiq Khan<\/strong> ha dell\u2019incredibile. Mi son detto, che stia perdendo il senno come Astolfo sulla luna?\u00a0 Vi spiego subito il motivo. Ecco, nelle metropolitane londinesi \u00e8 apparso questo cartello: \u201c<strong>Non si pu\u00f2 guardare negli occhi una persona se no si pu\u00f2 essere denunciati anonimamente\u201d.<\/strong> E questo perch\u00e9 se chi viene guardato percepisce un<a href=\"https:\/\/blog.ilgiornale.it\/franza\/files\/2023\/07\/Sadiq_Khan_2020.png\"><img loading=\"lazy\" class=\"size-full wp-image-30334 alignright\" src=\"https:\/\/blog.ilgiornale.it\/franza\/files\/2023\/07\/Sadiq_Khan_2020.png\" alt=\"\" width=\"261\" height=\"354\" srcset=\"https:\/\/blog.ilgiornale.it\/franza\/files\/2023\/07\/Sadiq_Khan_2020.png 261w, https:\/\/blog.ilgiornale.it\/franza\/files\/2023\/07\/Sadiq_Khan_2020-221x300.png 221w\" sizes=\"(max-width: 261px) 100vw, 261px\" \/><\/a> significato sessuale \u00e8 considerata violenza. Fin da bambini a tutti noi, italiani, francesi, svizzeri, inglesi, tedeschi, americani, e mi fermo qui, sia in famiglia i nostri genitori, che a scuola i nostri professori, hanno insegnato tutta la vita a guardare negli occhi le persone come sintomo di educazione. Ora saremo costretti a rivolgere lo sguardo ai piedi, alle scarpe, per terra? Ci tappano la bocca e ci tappano gli occhi. E potrebbe esserci presto anche il cartello che i sandali non possono essere guardati, perch\u00e9 ci sono anche i feticisti del piede! \u00a0Provate a immaginare la telefonata alle forze dell\u2019ordine o ai vigili: \u201cguardi, sono in metro, il tale aveva uno sguardo fisso su di me, mi stava seduto proprio davanti\u201d. <strong>Ci\u00f2 \u00e8 avvenuto a Londra per ordine del sindaco Sadiq Khan, <\/strong>musulmano praticante, figlio di due immigrati pakistani. L&#8217;11 settembre 2015 ha vinto le primarie del partito Laburista nella corsa alla carica di sindaco di Londra. Il 6 maggio 2016 \u00e8 stato eletto sindaco, il terzo da quando \u00e8 stato istituito questo ruolo nonch\u00e9 il primo musulmano nella storia della capitale inglese. Risulta anche il primo sindaco musulmano di una capitale europea. Nel maggio 2021, Khan \u00e8 stato rieletto per un secondo mandato, superando al ballottaggio il candidato dei Conservatori Shaun Bailey.<\/p>\n<p>Ora, se questo divieto lo mettessero in atto anche i sindaci di Birmingham, Oxford, Leeds, Blackburn, Sheffield, Luton, Oldham, Rochdale, tutti sindaci musulmani, ci sarebbe da cancellare l\u2019 Inghilterra\u00a0 dai nostri\u00a0 viaggi. Sar\u00e0 bene sapere che in Inghilterra ci sono 3000 moschee musulmane, 130 corti musulmane della Sharia (un diritto parallelo al diritto inglese) 50 consigli musulmani della Sharia, ecc. e mi fermo qui come notizia.<\/p>\n<p>Ma la notizia pi\u00f9 sconvolgente \u00e8 che da qualche giorno a Londra non si pu\u00f2 guardare negli occhi una persona in pubblico. Dov\u2019\u00e8 l\u2019Occidente, dov\u2019\u00e8 l\u2019Europa? Assenti, sono i grandi assenti. Sar\u00e0 ora di tornare alle nazioni sovrane!<\/p>\n<p><strong>Carlo Franza <\/strong><\/p>\n<p><strong>\u00a0<\/strong><\/p>\n","protected":false},"excerpt":{"rendered":"<p><p>Incredibile, proprio incredibile, ma che ci\u00f2 sia accaduto in Europa, e a Londra, \u00e8 ancora pi\u00f9 grave. \u00a0Quanto combinato a Londra dal Sindaco Sadiq Khan ha dell\u2019incredibile. Mi son detto, che stia perdendo il senno come Astolfo sulla luna?\u00a0 Vi spiego subito il motivo. Ecco, nelle metropolitane londinesi \u00e8 apparso questo cartello: \u201cNon si pu\u00f2 guardare negli occhi una persona se no si pu\u00f2 essere denunciati anonimamente\u201d. E questo perch\u00e9 se chi viene guardato percepisce un significato sessuale \u00e8 considerata violenza. Fin da bambini a tutti noi, italiani, francesi, svizzeri, inglesi, tedeschi, americani, e mi fermo qui, sia in famiglia [&hellip;]<\/p>\n&nbsp;&nbsp;<div class=\"readmore\"><a href=\"https:\/\/blog.ilgiornale.it\/franza\/2023\/07\/27\/il-sindaco-di-londra-vieta-di-guardare-le-persone-negli-occhi-staring-recita-il-manifesto-leuropa-si-opponga\/\">Continua a leggere...<\/a><\/div><\/p>","protected":false},"author":1009,"featured_media":0,"comment_status":"open","ping_status":"closed","sticky":false,"template":"","format":"standard","meta":[],"categories":[150,59281,87,26,44684,64,28369,206,4625],"tags":[231425,473135,473134,3752,473137,473138,473133,473139,473136,473131,473132],"_links":{"self":[{"href":"https:\/\/blog.ilgiornale.it\/franza\/wp-json\/wp\/v2\/posts\/30332"}],"collection":[{"href":"https:\/\/blog.ilgiornale.it\/franza\/wp-json\/wp\/v2\/posts"}],"about":[{"href":"https:\/\/blog.ilgiornale.it\/franza\/wp-json\/wp\/v2\/types\/post"}],"author":[{"embeddable":true,"href":"https:\/\/blog.ilgiornale.it\/franza\/wp-json\/wp\/v2\/users\/1009"}],"replies":[{"embeddable":true,"href":"https:\/\/blog.ilgiornale.it\/franza\/wp-json\/wp\/v2\/comments?post=30332"}],"version-history":[{"count":1,"href":"https:\/\/blog.ilgiornale.it\/franza\/wp-json\/wp\/v2\/posts\/30332\/revisions"}],"predecessor-version":[{"id":30335,"href":"https:\/\/blog.ilgiornale.it\/franza\/wp-json\/wp\/v2\/posts\/30332\/revisions\/30335"}],"wp:attachment":[{"href":"https:\/\/blog.ilgiornale.it\/franza\/wp-json\/wp\/v2\/media?parent=30332"}],"wp:term":[{"taxonomy":"category","embeddable":true,"href":"https:\/\/blog.ilgiornale.it\/franza\/wp-json\/wp\/v2\/categories?post=30332"},{"taxonomy":"post_tag","embeddable":true,"href":"https:\/\/blog.ilgiornale.it\/franza\/wp-json\/wp\/v2\/tags?post=30332"}],"curies":[{"name":"wp","href":"https:\/\/api.w.org\/{rel}","templated":true}]}}