{"id":32253,"date":"2024-02-22T19:47:32","date_gmt":"2024-02-22T19:47:32","guid":{"rendered":"https:\/\/blog.ilgiornale.it\/franza\/?p=32253"},"modified":"2024-02-22T19:47:32","modified_gmt":"2024-02-22T19:47:32","slug":"voci-e-luoghi-fotografati-da-uliano-lucas-uno-dei-piu-importanti-della-fotografia-sociale-italiana-la-mostra-al-museo-carmi-di-carrara","status":"publish","type":"post","link":"https:\/\/blog.ilgiornale.it\/franza\/2024\/02\/22\/voci-e-luoghi-fotografati-da-uliano-lucas-uno-dei-piu-importanti-della-fotografia-sociale-italiana-la-mostra-al-museo-carmi-di-carrara\/","title":{"rendered":"Voci e luoghi fotografati da Uliano Lucas uno dei pi\u00f9 importanti della fotografia sociale italiana. La mostra al Museo CARMI di Carrara"},"content":{"rendered":"<p><a href=\"https:\/\/blog.ilgiornale.it\/franza\/files\/2024\/02\/OK_locandina_WEB_ULIANO_CARMI_copia_Copia_63441.jpg\"><img loading=\"lazy\" class=\"alignleft  wp-image-32254\" src=\"https:\/\/blog.ilgiornale.it\/franza\/files\/2024\/02\/OK_locandina_WEB_ULIANO_CARMI_copia_Copia_63441.jpg\" alt=\"\" width=\"319\" height=\"512\" srcset=\"https:\/\/blog.ilgiornale.it\/franza\/files\/2024\/02\/OK_locandina_WEB_ULIANO_CARMI_copia_Copia_63441.jpg 478w, https:\/\/blog.ilgiornale.it\/franza\/files\/2024\/02\/OK_locandina_WEB_ULIANO_CARMI_copia_Copia_63441-187x300.jpg 187w\" sizes=\"(max-width: 319px) 100vw, 319px\" \/><\/a>Inaugurata, alla presenza dell&#8217;autore, la mostra fotografica di\u00a0Uliano Lucas\u00a0<em>Altre voci, altri luoghi. Fotografare per comprendere il mondo intorno a noi<\/em>\u00a0al\u00a0CARMI museo Carrara e Michelangelo.<\/p>\n<p>La mostra di Uliano Lucas \u2013 che rester\u00e0 aperta fino al 5 maggio 2024 \u2013 \u00e8 promossa dal Comune di Carrara e curata dall\u2019associazione Archivi della Resistenza &#8211; Circolo Edoardo Bassignani di Fosdinovo (MS), gestore del vicino Museo Audiovisivo della Resistenza, anch\u2019esso partner del progetto. L\u2019iniziativa \u00e8 patrocinata<a href=\"https:\/\/blog.ilgiornale.it\/franza\/files\/2024\/02\/Il_padiglione_femminile_dellospedale_psichiatrico_di_Cernusco_sul_Naviglio_1978__Archivio_Uliano_Lucas_Copia_63691.jpg\"><img loading=\"lazy\" class=\" wp-image-32255 alignright\" src=\"https:\/\/blog.ilgiornale.it\/franza\/files\/2024\/02\/Il_padiglione_femminile_dellospedale_psichiatrico_di_Cernusco_sul_Naviglio_1978__Archivio_Uliano_Lucas_Copia_63691.jpg\" alt=\"\" width=\"586\" height=\"386\" srcset=\"https:\/\/blog.ilgiornale.it\/franza\/files\/2024\/02\/Il_padiglione_femminile_dellospedale_psichiatrico_di_Cernusco_sul_Naviglio_1978__Archivio_Uliano_Lucas_Copia_63691.jpg 800w, https:\/\/blog.ilgiornale.it\/franza\/files\/2024\/02\/Il_padiglione_femminile_dellospedale_psichiatrico_di_Cernusco_sul_Naviglio_1978__Archivio_Uliano_Lucas_Copia_63691-300x198.jpg 300w, https:\/\/blog.ilgiornale.it\/franza\/files\/2024\/02\/Il_padiglione_femminile_dellospedale_psichiatrico_di_Cernusco_sul_Naviglio_1978__Archivio_Uliano_Lucas_Copia_63691-768x507.jpg 768w\" sizes=\"(max-width: 586px) 100vw, 586px\" \/><\/a> inoltre dalla Regione Toscana, dall\u2019Istituto Storico della Resistenza Apuana e dall\u2019Accademia di Belle Arti di Carrara. <strong>Uliano Lucas (Milano, 1942), \u00e8 uno dei pi\u00f9 importanti autori della fotografia sociale italiana che da pi\u00f9 di sessant\u2019anni documenta i mutamenti sociali, politici e culturali in tutto il mondo.<\/strong> Ha realizzato reportage con indagini sociali e antropologiche sulle citt\u00e0, sugli hinterland e sull\u2019umanit\u00e0 varia che li abita, sulla contestazione studentesca e operaia; sull\u2019Africa con la decolonizzazione\u00a0 e le guerre di liberazione; sulle istituzioni totali (manicomi, caserme e carceri), sulla vita degli emigranti in Europa, sulla guerra in Occidente (Sarajevo, Libano, Palestina, Eritrea), sul mondo del lavoro, sui cambiamenti nel costume e nel tessuto territoriale e sociale. Lucas ha sempre affiancato all\u2019attivit\u00e0 di fotoreporter un\u2019intensa attivit\u00e0 di studio e di ricerca sulla fotografia e sul sistema della comunicazione; nel 2015 ha scritto, con Tatiana Agliani \u2013 curatrice del suo archivio, che ha collaborato anche alla presente mostra \u2013 una storia del fotogiornalismo italiano. <strong>Lucas ritiene che il compito del fotografo non sia soltanto quello di fotografare ma che abbia il dovere di impossessarsi di tutti gli strumenti a sua disposizione per immergersi nel mondo e sforzarsi di capirlo.<\/strong> La sua fotografia \u00e8 sorretta anche da una dimensione narrativa ovvero da quel potentissimo mezzo di conoscenza che \u00e8 il racconto per immagini, il quale, attraverso un\u2019ampia variet\u00e0 di interessi, gli permette di svolgere la sua riflessione nei pi\u00f9 disparati ambiti: viaggio, emigrazione, lavoro, battaglie civili, paesaggio, rivolte, conflitti, nuovi cittadini, guerra e ricerca della pace. Tanti temi che possono ricondursi tutti ad un unico filo rosso, quello della ricerca di una dignit\u00e0 umana, presente non solo nei momenti eroici ma pur sempre latente anche nei contesti pi\u00f9 degradati, nella pi\u00f9 conclamata delle ingiustizie, negli scenari pi\u00f9 apocalittici; la poetica fotografica di Lucas \u00e8 quella che mette sempre al centro la ricerca di <a href=\"https:\/\/blog.ilgiornale.it\/franza\/files\/2024\/02\/Lavavetri_polacco_al_Palazzo_Campari_di_via_Turati_Milano_1990__Archivio_Uliano_Lucas_Copia_63931.jpg\"><img loading=\"lazy\" class=\"alignleft  wp-image-32256\" src=\"https:\/\/blog.ilgiornale.it\/franza\/files\/2024\/02\/Lavavetri_polacco_al_Palazzo_Campari_di_via_Turati_Milano_1990__Archivio_Uliano_Lucas_Copia_63931.jpg\" alt=\"\" width=\"570\" height=\"395\" srcset=\"https:\/\/blog.ilgiornale.it\/franza\/files\/2024\/02\/Lavavetri_polacco_al_Palazzo_Campari_di_via_Turati_Milano_1990__Archivio_Uliano_Lucas_Copia_63931.jpg 800w, https:\/\/blog.ilgiornale.it\/franza\/files\/2024\/02\/Lavavetri_polacco_al_Palazzo_Campari_di_via_Turati_Milano_1990__Archivio_Uliano_Lucas_Copia_63931-300x208.jpg 300w, https:\/\/blog.ilgiornale.it\/franza\/files\/2024\/02\/Lavavetri_polacco_al_Palazzo_Campari_di_via_Turati_Milano_1990__Archivio_Uliano_Lucas_Copia_63931-768x532.jpg 768w\" sizes=\"(max-width: 570px) 100vw, 570px\" \/><\/a>altre voci e altri luoghi, per consegnarci uno sguardo inedito e umanissimo che prende le distanze da quello raccontato dalle agenzie mainstream.<\/p>\n<p>La mostra \u00e8 un viaggio in bianco e nero con pi\u00f9 di cinquanta scatti e un\u2019installazione multimedial<a href=\"https:\/\/blog.ilgiornale.it\/franza\/files\/2024\/02\/Piazzale_Accursio_Milano_1971__Archivio_Uliano_Lucas_Copia_64231.jpg\"><img loading=\"lazy\" class=\" wp-image-32257 alignright\" src=\"https:\/\/blog.ilgiornale.it\/franza\/files\/2024\/02\/Piazzale_Accursio_Milano_1971__Archivio_Uliano_Lucas_Copia_64231.jpg\" alt=\"\" width=\"587\" height=\"393\" srcset=\"https:\/\/blog.ilgiornale.it\/franza\/files\/2024\/02\/Piazzale_Accursio_Milano_1971__Archivio_Uliano_Lucas_Copia_64231.jpg 800w, https:\/\/blog.ilgiornale.it\/franza\/files\/2024\/02\/Piazzale_Accursio_Milano_1971__Archivio_Uliano_Lucas_Copia_64231-300x201.jpg 300w, https:\/\/blog.ilgiornale.it\/franza\/files\/2024\/02\/Piazzale_Accursio_Milano_1971__Archivio_Uliano_Lucas_Copia_64231-768x514.jpg 768w\" sizes=\"(max-width: 587px) 100vw, 587px\" \/><\/a>e che raccontano l\u2019attivit\u00e0 del fotoreporter dagli anni Settanta fino ad oggi, ma costituisce anche un\u2019interessante contaminazione di codici e linguaggi: non \u00e8 cos\u00ec comune che un fotografo contemporaneo esponga le sue fotografie nelle sale di un museo dedicato alla scultura, al marmo di Carrara e a Michelangelo.<\/p>\n<p><strong>Al centro della scena c\u2019\u00e8 uno straordinario viaggio che tocca svariati ambiti e temi della storia umana, a partire dai primi scatti nel 1960 fino ad arrivare agli ultimissimi del 2021, componendo una delle pi\u00f9 importanti antologiche del fotografo mai realizzate.<\/strong><\/p>\n<p><strong><a href=\"https:\/\/blog.ilgiornale.it\/franza\/files\/2024\/02\/Sarajevo_1993__Archivio_Uliano_Lucas_Copia_64461.jpg\"><img loading=\"lazy\" class=\"alignleft  wp-image-32258\" src=\"https:\/\/blog.ilgiornale.it\/franza\/files\/2024\/02\/Sarajevo_1993__Archivio_Uliano_Lucas_Copia_64461.jpg\" alt=\"\" width=\"587\" height=\"386\" srcset=\"https:\/\/blog.ilgiornale.it\/franza\/files\/2024\/02\/Sarajevo_1993__Archivio_Uliano_Lucas_Copia_64461.jpg 800w, https:\/\/blog.ilgiornale.it\/franza\/files\/2024\/02\/Sarajevo_1993__Archivio_Uliano_Lucas_Copia_64461-300x197.jpg 300w, https:\/\/blog.ilgiornale.it\/franza\/files\/2024\/02\/Sarajevo_1993__Archivio_Uliano_Lucas_Copia_64461-768x505.jpg 768w\" sizes=\"(max-width: 587px) 100vw, 587px\" \/><\/a>La mostra ha un\u2019articolazione in sette capitoli: Milano che cambia (1960-2018), in cui \u00e8 messa al centro la citt\u00e0 in cui \u00e8 nato e cresciuto a partire dall\u2019 \u201ciniziazione\u201d culturale nel mitico Bar Giamaica, dalle case di ringhiera fino alle ultime immagini della metropoli, passando per gli snodi cruciali della storia della Repubblica come la strage di Piazza Fontana e il funerale di Giuseppe Pinelli; Sognatori e ribelli (1960-1976) in cui si raccontano gli anni della ribellione studentesca e operaia, il lungo Sessantotto; Lavoro e lavori (1971-2017), una indagine sui mestieri in varie epoche e latitudini; Istituzioni totali (1968-2018), in cui si racconta la chiusura dei manicomi fino ad arrivare agli ultimi esiti della straordinaria riforma Basaglia, inoltre vengono indagati anche altre istituzioni totali come la caserma (un suo reportage di grande successo era intitolato L\u2019istituzione armata) e il carcere; Libertade. Guinea-Bissau (1969), Angola (1972), Portogallo (1972 e 1974) \u00e8 un capitolo di straordinario interesse in cui Lucas racconta le lotte di liberazione, la decolonizzazione dell\u2019Africa e la caduta dell\u2019ultimo regime fascista in Europa, con la Rivoluzione dei Garofani del 25 aprile 1974, di cui quest\u2019anno ricorre il cinquantesimo anniversario; in Guerra o pace (1970-2018) ci sono non solo le immagini delle guerre che Lucas ha raccontato attraverso le sue fotografie in modo del tutto originale ma anche la ricerca di una nuova umanit\u00e0, di un desiderio di pace e della ricerca di un nuovo modo di vivere e convivere; La condizione umana (1968-2021) \u00e8 un\u2019indagine sulla bellezza delle vite vissute ai margini nel tentativo di ribadire la grandiosit\u00e0 di ogni esistenza se solo si riuscisse a leggere in controluce la realt\u00e0.<\/strong><\/p>\n<p>Per l\u2019occasione stampato un catalogo della mostra con pi\u00f9 di 140 fotografie, nella serie\u00a0<em>Sguardi\u00a0<\/em>della collana<em>\u00a0Verba manent. Racconti di vita e storia orale\u00a0<\/em>di Edizioni ETS di Pisa, a cura di Archivi della Resistenza in collaborazione con Tatiana Agliani, con testi di Alessio Giannanti, Andrea Castagna e Simona Mussini e un\u2019intervista inedita a Uliano Lucas.<\/p>\n<p><strong>Nella mostra alcune foto sono dedicate alla Rivoluzione dei garofani in Portogallo, di cui Lucas \u00e8 stato un testimone d\u2019eccezione (fu tra i primi fotoreporter stranieri ad entrare nel paese).<\/strong> Nel 2024 ne ricorre il cinquantesimo anniversario e infatti Lucas sar\u00e0 protagonista di due mostre \u2013 una in Portogallo a Coimbra e una in Brasile a Brasilia, mentre l\u2019associazione Archivi della Resistenza uscir\u00e0 con un libro con pi\u00f9 di quaranta testimonianze dei protagonisti di allora, dedicato alla Rivoluzione dei Garofani, a cura di Gianfranco Ferraro.<\/p>\n<p><strong>Carlo Franza <\/strong><\/p>\n","protected":false},"excerpt":{"rendered":"<p><p>Inaugurata, alla presenza dell&#8217;autore, la mostra fotografica di\u00a0Uliano Lucas\u00a0Altre voci, altri luoghi. Fotografare per comprendere il mondo intorno a noi\u00a0al\u00a0CARMI museo Carrara e Michelangelo. La mostra di Uliano Lucas \u2013 che rester\u00e0 aperta fino al 5 maggio 2024 \u2013 \u00e8 promossa dal Comune di Carrara e curata dall\u2019associazione Archivi della Resistenza &#8211; Circolo Edoardo Bassignani di Fosdinovo (MS), gestore del vicino Museo Audiovisivo della Resistenza, anch\u2019esso partner del progetto. L\u2019iniziativa \u00e8 patrocinata inoltre dalla Regione Toscana, dall\u2019Istituto Storico della Resistenza Apuana e dall\u2019Accademia di Belle Arti di Carrara. Uliano Lucas (Milano, 1942), \u00e8 uno dei pi\u00f9 importanti autori della fotografia [&hellip;]<\/p>\n&nbsp;&nbsp;<div class=\"readmore\"><a href=\"https:\/\/blog.ilgiornale.it\/franza\/2024\/02\/22\/voci-e-luoghi-fotografati-da-uliano-lucas-uno-dei-piu-importanti-della-fotografia-sociale-italiana-la-mostra-al-museo-carmi-di-carrara\/\">Continua a leggere...<\/a><\/div><\/p>","protected":false},"author":1009,"featured_media":0,"comment_status":"open","ping_status":"closed","sticky":false,"template":"","format":"standard","meta":[],"categories":[59281,53889,53888,53709,53710,9894,10357,44441,87,28340,26,17505,35188,64,28369,51665,4625],"tags":[591396,4816,28433,7591,591397,355195,328086,591395],"_links":{"self":[{"href":"https:\/\/blog.ilgiornale.it\/franza\/wp-json\/wp\/v2\/posts\/32253"}],"collection":[{"href":"https:\/\/blog.ilgiornale.it\/franza\/wp-json\/wp\/v2\/posts"}],"about":[{"href":"https:\/\/blog.ilgiornale.it\/franza\/wp-json\/wp\/v2\/types\/post"}],"author":[{"embeddable":true,"href":"https:\/\/blog.ilgiornale.it\/franza\/wp-json\/wp\/v2\/users\/1009"}],"replies":[{"embeddable":true,"href":"https:\/\/blog.ilgiornale.it\/franza\/wp-json\/wp\/v2\/comments?post=32253"}],"version-history":[{"count":3,"href":"https:\/\/blog.ilgiornale.it\/franza\/wp-json\/wp\/v2\/posts\/32253\/revisions"}],"predecessor-version":[{"id":32261,"href":"https:\/\/blog.ilgiornale.it\/franza\/wp-json\/wp\/v2\/posts\/32253\/revisions\/32261"}],"wp:attachment":[{"href":"https:\/\/blog.ilgiornale.it\/franza\/wp-json\/wp\/v2\/media?parent=32253"}],"wp:term":[{"taxonomy":"category","embeddable":true,"href":"https:\/\/blog.ilgiornale.it\/franza\/wp-json\/wp\/v2\/categories?post=32253"},{"taxonomy":"post_tag","embeddable":true,"href":"https:\/\/blog.ilgiornale.it\/franza\/wp-json\/wp\/v2\/tags?post=32253"}],"curies":[{"name":"wp","href":"https:\/\/api.w.org\/{rel}","templated":true}]}}