{"id":32553,"date":"2024-03-22T21:27:37","date_gmt":"2024-03-22T21:27:37","guid":{"rendered":"https:\/\/blog.ilgiornale.it\/franza\/?p=32553"},"modified":"2024-03-22T22:24:48","modified_gmt":"2024-03-22T22:24:48","slug":"il-libro-peccato-originale-di-salvatore-di-bartolo-e-radiografia-delloccidente-e-monito-e-guida-libertaria","status":"publish","type":"post","link":"https:\/\/blog.ilgiornale.it\/franza\/2024\/03\/22\/il-libro-peccato-originale-di-salvatore-di-bartolo-e-radiografia-delloccidente-e-monito-e-guida-libertaria\/","title":{"rendered":"Il libro \u201cPeccato originale\u201d di Salvatore Di Bartolo \u00e8 radiografia  dell\u2019Occidente e monito e guida libertaria"},"content":{"rendered":"<p><strong>Prezio<a href=\"https:\/\/blog.ilgiornale.it\/franza\/files\/2024\/03\/1710515118294-e1711142351802.jpg\"><img loading=\"lazy\" class=\"alignleft wp-image-32554\" src=\"https:\/\/blog.ilgiornale.it\/franza\/files\/2024\/03\/1710515118294-e1711142351802.jpg\" alt=\"\" width=\"538\" height=\"765\" \/><\/a>so e<\/strong> <strong>sapienziale il libro appena uscito, dal titolo<\/strong><strong>\u00a0\u201cPeccato originale\u201d (Editrice La Bussola di Gioacchino Onorati, pp. 128, Roma 2024)<\/strong> autore <strong>Salvatore Di Bartolo<\/strong>, docente a Tradate, opinionista e saggista trentaduenne, di origini siciliane, alla sua quinta pubblicazione in poco pi\u00f9 di due anni.<\/p>\n<p>Il libro che ha la prefazione del collega giornalista\u00a0<strong>Nicola Porro<\/strong>, pone sotto la lente d\u2019ingrandimento la crisi identitaria e valoriale che imperversa in un\u00a0<strong>Occidente<\/strong>\u00a0quasi allo sbando, e che ha perduto la strada maestra; paralizzato da una sorta di \u201ccatarsi del\u00a0<strong>politicamente corretto\u201d<\/strong>, che, secondo il punto di vista dell\u2019autore, spingerebbe una larga fetta dell\u2019establishment progressista, finanziariamente e mediaticamente egemonico, ad imputare alla civilt\u00e0 occidentale le responsabilit\u00e0 di tutti i mali che affliggono il pianeta. Guerre,<a href=\"https:\/\/blog.ilgiornale.it\/franza\/files\/2024\/03\/IMG_7871-1-1-600x900-1.jpg\"><img loading=\"lazy\" class=\" wp-image-32555 alignright\" src=\"https:\/\/blog.ilgiornale.it\/franza\/files\/2024\/03\/IMG_7871-1-1-600x900-1.jpg\" alt=\"\" width=\"384\" height=\"576\" srcset=\"https:\/\/blog.ilgiornale.it\/franza\/files\/2024\/03\/IMG_7871-1-1-600x900-1.jpg 600w, https:\/\/blog.ilgiornale.it\/franza\/files\/2024\/03\/IMG_7871-1-1-600x900-1-200x300.jpg 200w\" sizes=\"(max-width: 384px) 100vw, 384px\" \/><\/a> disuguaglianze sociali, cambiamenti climatici, degrado ambientale, violenze e persecuzioni d\u2019ogni genere, tutte piaghe da ascrivere in via esclusiva alle pessime condotte del maschio bianco, macchiato sin dalla sua genesi dal peccato originale per il solo vizio d\u2019essere occidentale.<\/p>\n<p><strong>La sinossi del libro recita:<\/strong> \u201cL\u2019Occidente ha un problema: da tempo ha smesso di amarsi, cos\u00ec convintamente e a tal punto da arrivare persino ad odiarsi. Profondamente. Talvolta, ancor di pi\u00f9 rispetto a quanto non riescano a fare i suoi stessi nemici. La ragione di ci\u00f2 \u00e8 anch\u2019essa profonda, probabilmente culturale, e risuona tra l\u2019opinione pubblica alla stregua di un ritornello, sempre il medesimo, che tende a dipingere l\u2019uomo occidentale come l\u2019origine e la causa d\u2019ogni male. Tutte le piaghe che affliggono la societ\u00e0 in cui viviamo: guerre, disuguaglianze sociali, cambiamenti climatici, degrado ambientale, violenze e persecuzioni d\u2019ogni genere, sono infatti da ascrivere in via esclusiva alle pessime condotte occidentali. Sempre e comunque. Cos\u00ec, ogni occasione diventa buona per alimentare il mito dell\u2019Occidente malvagio e carnefice di tutte le altre civilt\u00e0, e per elevare al rango di nemico giurato dell\u2019umanit\u00e0 il feroce maschio bianco, macchiato sin dalla sua genesi dal peccato originale per il solo vizio d\u2019essere occidentale\u201d.<\/p>\n<p><strong>Una radiografia mirata, precisa, \u00a0storica \u00a0e \u00a0fortemente lucida quella messa in atto dallo scrittore \u00a0Salvatore Di Bartolo, visto che nel suo libro \u00a0passa in rassegna le diverse \u00a0ideologie dominanti del nostro tempo,<\/strong> dal\u00a0<strong>woke<\/strong>\u00a0al\u00a0<strong>gender<\/strong>, dalla\u00a0<strong>Culture culture<\/strong>\u00a0 che mira ad azzerare tutto il passato fino al green e all\u2019<strong>ecologismo<\/strong>\u00a0pi\u00f9 spinto, per porgere al lettore delle linee di indirizzo, e infine \u00a0stimolare un pensiero critico da contrapporre allo scontato, \u00a0al\u00a0<strong>Pensiero unico<\/strong>\u00a0dilagante, per annullare e smuovere \u00a0il\u00a0<strong>nichilismo<\/strong>\u00a0e l\u2019<strong>omologazione<\/strong>\u00a0che \u00a0stanno soffocando l\u2019intera societ\u00e0 occidentale.<\/p>\n<p><strong>Libro, dunque, da leggere, istruttivo, denso di storie, occasione forte per una sorta di purificazione del mondo attuale, che ha bisogno di rigenerarsi, per cancellare quel denso fumo di un pensiero malato che sta annebbiando intere generazioni. Sembrerebbe Salvatore Di Bartolo, con questo libro, volgere a movimentare una sorta di crociata intellettuale per gli uomini di buona volont\u00e0, per salvare il presente e difendere il futuro. <\/strong><\/p>\n<p>Il libro si potrebbe senz\u2019altro leggere come un manifesto\u00a0di larghe vedute, una sorta di <strong>guida<\/strong> <strong>libertaria e anticonformista<\/strong>, utile a contrastare la pericolosa deriva liberticida che avanza inarrestabile in tutto l\u2019Occidente, ne minaccia le sue fondamenta, le sue radici, il suo credo, il nostro vivere e quindi l\u2019esistenza e il futuro.<\/p>\n<p><strong>Carlo Franza <\/strong><\/p>\n<p><strong>\u00a0<\/strong><\/p>\n<p><strong>\u00a0<\/strong><\/p>\n<p><strong>\u00a0<\/strong><\/p>\n","protected":false},"excerpt":{"rendered":"<p><p>Prezioso e sapienziale il libro appena uscito, dal titolo\u00a0\u201cPeccato originale\u201d (Editrice La Bussola di Gioacchino Onorati, pp. 128, Roma 2024) autore Salvatore Di Bartolo, docente a Tradate, opinionista e saggista trentaduenne, di origini siciliane, alla sua quinta pubblicazione in poco pi\u00f9 di due anni. Il libro che ha la prefazione del collega giornalista\u00a0Nicola Porro, pone sotto la lente d\u2019ingrandimento la crisi identitaria e valoriale che imperversa in un\u00a0Occidente\u00a0quasi allo sbando, e che ha perduto la strada maestra; paralizzato da una sorta di \u201ccatarsi del\u00a0politicamente corretto\u201d, che, secondo il punto di vista dell\u2019autore, spingerebbe una larga fetta dell\u2019establishment progressista, finanziariamente e [&hellip;]<\/p>\n&nbsp;&nbsp;<div class=\"readmore\"><a href=\"https:\/\/blog.ilgiornale.it\/franza\/2024\/03\/22\/il-libro-peccato-originale-di-salvatore-di-bartolo-e-radiografia-delloccidente-e-monito-e-guida-libertaria\/\">Continua a leggere...<\/a><\/div><\/p>","protected":false},"author":1009,"featured_media":0,"comment_status":"open","ping_status":"closed","sticky":false,"template":"","format":"standard","meta":[],"categories":[108264,150,59281,87,17030,26,47,80448,64,28369,41632,51665,4625],"tags":[591575,591572,17491,34523,591573,355195,406647,591574],"_links":{"self":[{"href":"https:\/\/blog.ilgiornale.it\/franza\/wp-json\/wp\/v2\/posts\/32553"}],"collection":[{"href":"https:\/\/blog.ilgiornale.it\/franza\/wp-json\/wp\/v2\/posts"}],"about":[{"href":"https:\/\/blog.ilgiornale.it\/franza\/wp-json\/wp\/v2\/types\/post"}],"author":[{"embeddable":true,"href":"https:\/\/blog.ilgiornale.it\/franza\/wp-json\/wp\/v2\/users\/1009"}],"replies":[{"embeddable":true,"href":"https:\/\/blog.ilgiornale.it\/franza\/wp-json\/wp\/v2\/comments?post=32553"}],"version-history":[{"count":3,"href":"https:\/\/blog.ilgiornale.it\/franza\/wp-json\/wp\/v2\/posts\/32553\/revisions"}],"predecessor-version":[{"id":32558,"href":"https:\/\/blog.ilgiornale.it\/franza\/wp-json\/wp\/v2\/posts\/32553\/revisions\/32558"}],"wp:attachment":[{"href":"https:\/\/blog.ilgiornale.it\/franza\/wp-json\/wp\/v2\/media?parent=32553"}],"wp:term":[{"taxonomy":"category","embeddable":true,"href":"https:\/\/blog.ilgiornale.it\/franza\/wp-json\/wp\/v2\/categories?post=32553"},{"taxonomy":"post_tag","embeddable":true,"href":"https:\/\/blog.ilgiornale.it\/franza\/wp-json\/wp\/v2\/tags?post=32553"}],"curies":[{"name":"wp","href":"https:\/\/api.w.org\/{rel}","templated":true}]}}