{"id":35570,"date":"2025-01-09T22:08:00","date_gmt":"2025-01-09T22:08:00","guid":{"rendered":"https:\/\/blog.ilgiornale.it\/franza\/?p=35570"},"modified":"2025-01-09T22:08:00","modified_gmt":"2025-01-09T22:08:00","slug":"saverio-todaro-fra-tempo-vita-ed-esistenza-una-mostra-interrogativa-al-torrione-passari-di-molfetta","status":"publish","type":"post","link":"https:\/\/blog.ilgiornale.it\/franza\/2025\/01\/09\/saverio-todaro-fra-tempo-vita-ed-esistenza-una-mostra-interrogativa-al-torrione-passari-di-molfetta\/","title":{"rendered":"Saverio Todaro fra tempo, vita ed esistenza. Una mostra interrogativa al Torrione Passari di Molfetta"},"content":{"rendered":"<p><a href=\"https:\/\/blog.ilgiornale.it\/franza\/files\/2025\/01\/manifesto_e9ff349c3fae7b0c7039193f848a0c12.jpg\"><img loading=\"lazy\" class=\"alignleft  wp-image-35571\" src=\"https:\/\/blog.ilgiornale.it\/franza\/files\/2025\/01\/manifesto_e9ff349c3fae7b0c7039193f848a0c12.jpg\" alt=\"\" width=\"245\" height=\"349\" srcset=\"https:\/\/blog.ilgiornale.it\/franza\/files\/2025\/01\/manifesto_e9ff349c3fae7b0c7039193f848a0c12.jpg 400w, https:\/\/blog.ilgiornale.it\/franza\/files\/2025\/01\/manifesto_e9ff349c3fae7b0c7039193f848a0c12-211x300.jpg 211w\" sizes=\"(max-width: 245px) 100vw, 245px\" \/><\/a>Inaugurata negli spazi restaurati di Torrione Passari a Molfetta\u00a0la mostra\u00a0 di <em>Saverio Todaro \u2013 \u201cCronofagia\u201d<\/em>, prima personale in Puglia dell&#8217;artista attivo a Torino.<a href=\"https:\/\/blog.ilgiornale.it\/franza\/files\/2025\/01\/4-8.jpg\"><img loading=\"lazy\" class=\" wp-image-35572 alignright\" src=\"https:\/\/blog.ilgiornale.it\/franza\/files\/2025\/01\/4-8.jpg\" alt=\"\" width=\"578\" height=\"325\" srcset=\"https:\/\/blog.ilgiornale.it\/franza\/files\/2025\/01\/4-8.jpg 640w, https:\/\/blog.ilgiornale.it\/franza\/files\/2025\/01\/4-8-300x169.jpg 300w\" sizes=\"(max-width: 578px) 100vw, 578px\" \/><\/a> L&#8217;esposizione \u00e8\u00a0curata da Gaetano Centrone\u00a0ed \u00e8 promossa dal Comune di Molfetta con il patrocinio di Regione Puglia \u2013 Dipartimento Turismo, Economia della Cultura e Valorizzazione Territoriale e dell&#8217;Assessorato alla Cultura, Tutela e sviluppo delle imprese culturali, legalit\u00e0 e antimafia sociale.<\/p>\n<p><strong>La mostra intende ripercorrere alcune tappe degli ultimi vent&#8217;anni dell&#8217;attivit\u00e0 artistica di Todaro, e propone diversi lavori inediti, creati per dialogare con gli spazi suggestivi dell&#8217;edificio cinquecentesco posto sul mare, nel cuore della citt\u00e0 vecchia e tornato a risplendere dopo un lungo restauro.<\/strong><\/p>\n<p>La dittatura del tempo, cui fa riferimento il titolo dell&#8217;esposizione, \u00e8 evocata dalle parole dell&#8217;artista: &#8220;<em>Non mi interessano i tuoi soldi, i tuoi gioielli o le tue propriet\u00e0. Io voglio il tuo tempo. Anzi me lo sono gi\u00e0 preso e non te ne sei accorto. Hai fatto tutto da solo ed \u00e8 stata una tua decisione volontaria. Tutto \u00e8 successo il giorno in cui hai organizzato il funerale del tuo Privato senza alcuna lacrima e senza un fiore<\/em>.&#8221;<\/p>\n<p><a href=\"https:\/\/blog.ilgiornale.it\/franza\/files\/2025\/01\/676188ecbb827.r_d.641-970.jpeg\"><img loading=\"lazy\" class=\"alignleft size-full wp-image-35573\" src=\"https:\/\/blog.ilgiornale.it\/franza\/files\/2025\/01\/676188ecbb827.r_d.641-970.jpeg\" alt=\"\" width=\"572\" height=\"429\" srcset=\"https:\/\/blog.ilgiornale.it\/franza\/files\/2025\/01\/676188ecbb827.r_d.641-970.jpeg 572w, https:\/\/blog.ilgiornale.it\/franza\/files\/2025\/01\/676188ecbb827.r_d.641-970-300x225.jpeg 300w\" sizes=\"(max-width: 572px) 100vw, 572px\" \/><\/a>Nato nel 1970 a Berna (Svizzera), compie la sua formazione a Torino al Liceo Artistico e successivamente all&#8217;Accademia Albertina di Belle Arti, nel corso di Scultura. La sua ricerca negli anni Novanta \u00e8 caratterizzata dall&#8217;utilizzo dei codici della biologia e della comunicazione. <strong>Dagli anni Duemila, con la rivoluzione digitale e con l&#8217;espansione di internet, viene ispirato e attratto dalla questione della connessione globale, dalle nuove forme di interazione attraverso codici, immagini condivise, tracce lasciate sul mostruoso canale dei social media.<\/strong><\/p>\n<p>Concepita con l&#8217;intento di orchestrare una sintonia tra il luogo carico di storia e le opere,\u00a0<strong>la mostra mette in scena la ricerca dell&#8217;artista compresa tra gli anni 2004 e 2024<\/strong>: Power (Self_Portrait) (2004) \u00e8 simbolo dei pulsanti di accensione che invita lo spettatore a ritrovare una nuova armonia; il tappeto 01001001 (2024), gi\u00e0 dal titolo evoca la parola inglese I (io) scritta nel codice binario; i quadri Followers (2018-2020) &#8220;<em>raffigurazione di vanit\u00e0, privi di consistenza materiale, alludono alla caducit\u00e0 della bellezza e all&#8217;effimera condizione umana<\/em>.&#8221;<\/p>\n<p><strong>Carlo Franza <\/strong><\/p>\n<p>&nbsp;<\/p>\n<p>&nbsp;<\/p>\n","protected":false},"excerpt":{"rendered":"<p><p>Inaugurata negli spazi restaurati di Torrione Passari a Molfetta\u00a0la mostra\u00a0 di Saverio Todaro \u2013 \u201cCronofagia\u201d, prima personale in Puglia dell&#8217;artista attivo a Torino. L&#8217;esposizione \u00e8\u00a0curata da Gaetano Centrone\u00a0ed \u00e8 promossa dal Comune di Molfetta con il patrocinio di Regione Puglia \u2013 Dipartimento Turismo, Economia della Cultura e Valorizzazione Territoriale e dell&#8217;Assessorato alla Cultura, Tutela e sviluppo delle imprese culturali, legalit\u00e0 e antimafia sociale. La mostra intende ripercorrere alcune tappe degli ultimi vent&#8217;anni dell&#8217;attivit\u00e0 artistica di Todaro, e propone diversi lavori inediti, creati per dialogare con gli spazi suggestivi dell&#8217;edificio cinquecentesco posto sul mare, nel cuore della citt\u00e0 vecchia e tornato [&hellip;]<\/p>\n&nbsp;&nbsp;<div class=\"readmore\"><a href=\"https:\/\/blog.ilgiornale.it\/franza\/2025\/01\/09\/saverio-todaro-fra-tempo-vita-ed-esistenza-una-mostra-interrogativa-al-torrione-passari-di-molfetta\/\">Continua a leggere...<\/a><\/div><\/p>","protected":false},"author":1009,"featured_media":0,"comment_status":"open","ping_status":"closed","sticky":false,"template":"","format":"standard","meta":[],"categories":[44800,9894,10357,44441,87,28308,26,17505,35188,28369],"tags":[596984,355195,53670,596982,596983],"_links":{"self":[{"href":"https:\/\/blog.ilgiornale.it\/franza\/wp-json\/wp\/v2\/posts\/35570"}],"collection":[{"href":"https:\/\/blog.ilgiornale.it\/franza\/wp-json\/wp\/v2\/posts"}],"about":[{"href":"https:\/\/blog.ilgiornale.it\/franza\/wp-json\/wp\/v2\/types\/post"}],"author":[{"embeddable":true,"href":"https:\/\/blog.ilgiornale.it\/franza\/wp-json\/wp\/v2\/users\/1009"}],"replies":[{"embeddable":true,"href":"https:\/\/blog.ilgiornale.it\/franza\/wp-json\/wp\/v2\/comments?post=35570"}],"version-history":[{"count":2,"href":"https:\/\/blog.ilgiornale.it\/franza\/wp-json\/wp\/v2\/posts\/35570\/revisions"}],"predecessor-version":[{"id":35575,"href":"https:\/\/blog.ilgiornale.it\/franza\/wp-json\/wp\/v2\/posts\/35570\/revisions\/35575"}],"wp:attachment":[{"href":"https:\/\/blog.ilgiornale.it\/franza\/wp-json\/wp\/v2\/media?parent=35570"}],"wp:term":[{"taxonomy":"category","embeddable":true,"href":"https:\/\/blog.ilgiornale.it\/franza\/wp-json\/wp\/v2\/categories?post=35570"},{"taxonomy":"post_tag","embeddable":true,"href":"https:\/\/blog.ilgiornale.it\/franza\/wp-json\/wp\/v2\/tags?post=35570"}],"curies":[{"name":"wp","href":"https:\/\/api.w.org\/{rel}","templated":true}]}}