{"id":36572,"date":"2025-04-07T17:59:02","date_gmt":"2025-04-07T17:59:02","guid":{"rendered":"https:\/\/blog.ilgiornale.it\/franza\/?p=36572"},"modified":"2025-04-08T07:51:13","modified_gmt":"2025-04-08T07:51:13","slug":"borsino-dellarte-2025-i-primi-dodici-artisti-al-top-nel-secondo-semestre-2024-investimento-sicuro-storia-e-bellezza","status":"publish","type":"post","link":"https:\/\/blog.ilgiornale.it\/franza\/2025\/04\/07\/borsino-dellarte-2025-i-primi-dodici-artisti-al-top-nel-secondo-semestre-2024-investimento-sicuro-storia-e-bellezza\/","title":{"rendered":"BORSINO DELL\u2019ARTE 2025. I primi dodici artisti al top nel secondo semestre 2024. Investimento sicuro, storia e bellezza."},"content":{"rendered":"<p><strong><a href=\"https:\/\/blog.ilgiornale.it\/franza\/files\/2025\/04\/keizo.jpg\"><img loading=\"lazy\" class=\"alignleft wp-image-36573\" src=\"https:\/\/blog.ilgiornale.it\/franza\/files\/2025\/04\/keizo.jpg\" alt=\"\" width=\"370\" height=\"332\" srcset=\"https:\/\/blog.ilgiornale.it\/franza\/files\/2025\/04\/keizo.jpg 944w, https:\/\/blog.ilgiornale.it\/franza\/files\/2025\/04\/keizo-300x269.jpg 300w, https:\/\/blog.ilgiornale.it\/franza\/files\/2025\/04\/keizo-768x690.jpg 768w\" sizes=\"(max-width: 370px) 100vw, 370px\" \/><\/a>Il mercato internazionale dell\u2019arte ha mostrato un 2024 tiepido e tenace.<\/strong> A lungo sottotono, ma in grado di accendersi<a href=\"https:\/\/blog.ilgiornale.it\/franza\/files\/2025\/04\/9788882905774-fr.jpg\"><img loading=\"lazy\" class=\" wp-image-36574 alignright\" src=\"https:\/\/blog.ilgiornale.it\/franza\/files\/2025\/04\/9788882905774-fr.jpg\" alt=\"\" width=\"216\" height=\"301\" srcset=\"https:\/\/blog.ilgiornale.it\/franza\/files\/2025\/04\/9788882905774-fr.jpg 359w, https:\/\/blog.ilgiornale.it\/franza\/files\/2025\/04\/9788882905774-fr-215x300.jpg 215w\" sizes=\"(max-width: 216px) 100vw, 216px\" \/><\/a>, con qualche squillo. E con diversi spunti di riflessione, alla luce di tanti risultati ottenuti nelle aste europee e italiane, ad iniziare da \u201cIl Ponte\u201d di Milano. <strong>La top ten delle vendite internazionali ha registrato un totale di 1,8 miliardi di dollari <\/strong>(2,4 miliardi nel 2023 e 4,1 miliardi nell\u2019indimenticabile 2022). Tra forti tensioni geopolitiche e l\u2019incertezza macroeconomica su scala globale,\u00a0il mercato dell\u2019arte vive a singhiozzi tra affanni e salite; \u00e8 quanto emerge dal nuovo report annuale realizzato da <strong>Deloitte\u00a0\u201cIl mercato dell\u2019arte e dei beni da collezione 2025\u201d <\/strong>e presentato a Milano lo scorso 31 marzo 2025 all\u2019Auditorium Deloitte. \u00a0<strong>Stantio appare il quadro generale del MIART 2025, senza novit\u00e0 e senza prospettive. Non ci sono grandi mostre all\u2019orizzonte, \u00a0o novit\u00e0, il cosiddetto nuovo, semmai molte mostre di \u201ccassetta\u201d che lasciano il tempo che trovano, da Lecco<\/strong> <strong>a Palermo.<\/strong> \u00a0C\u2019\u00e8 da dire che ad aggiornare le configurazioni e le strutture del mercato artistico e dei beni da collezione pi\u00f9 in generale si affacciano cambiamento generazionale e innovazione tecnologica, con la prima opera a base di AI battuta in asta per oltre 1 milione di dollari, il fatturato globale delle aste mostra una flessione del 26,2% rispetto al 2023. Solo un\u2019opera ha infatti superato la soglia dei 100 milioni di dollari nel 2024, rispetto alle due del 2023 e alle sei del 2022, ovvero il top lot dell\u2019anno,\u00a0\u201cL\u2019empire des lumi\u00e8res\u201d (1954) di Ren\u00e9 Magritte, venduto da Christie\u2019s per 121,1 milioni di dollari. <strong>\u201cSiamo convinti di avere ancora molto da dare al mercato italiano\u201d, afferma Lorenzo Rebecchini,<\/strong> responsabile in Italia delle aste di arte moderna e contemporanea della casa <a href=\"https:\/\/blog.ilgiornale.it\/franza\/files\/2025\/04\/Marisa-Settembrini-DIVUS-t.-m.-su-tela-cm.130x150-20081.jpg\"><img loading=\"lazy\" class=\"alignleft wp-image-36575\" src=\"https:\/\/blog.ilgiornale.it\/franza\/files\/2025\/04\/Marisa-Settembrini-DIVUS-t.-m.-su-tela-cm.130x150-20081.jpg\" alt=\"\" width=\"276\" height=\"321\" srcset=\"https:\/\/blog.ilgiornale.it\/franza\/files\/2025\/04\/Marisa-Settembrini-DIVUS-t.-m.-su-tela-cm.130x150-20081.jpg 696w, https:\/\/blog.ilgiornale.it\/franza\/files\/2025\/04\/Marisa-Settembrini-DIVUS-t.-m.-su-tela-cm.130x150-20081-258x300.jpg 258w\" sizes=\"(max-width: 276px) 100vw, 276px\" \/><\/a>d\u2019aste pi\u00f9 antica al mondo, Sotheby\u2019s mantiene nel nostro paese ben due vendite in presenza all\u2019anno, cos\u00ec pure Il Ponte Casa d\u2019Aste. \u00a0<strong>Che opere girano nelle<a href=\"https:\/\/blog.ilgiornale.it\/franza\/files\/2025\/04\/castellani-690x561-1.png\"><img loading=\"lazy\" class=\" wp-image-36576 alignright\" src=\"https:\/\/blog.ilgiornale.it\/franza\/files\/2025\/04\/castellani-690x561-1.png\" alt=\"\" width=\"361\" height=\"294\" srcset=\"https:\/\/blog.ilgiornale.it\/franza\/files\/2025\/04\/castellani-690x561-1.png 690w, https:\/\/blog.ilgiornale.it\/franza\/files\/2025\/04\/castellani-690x561-1-300x244.png 300w\" sizes=\"(max-width: 361px) 100vw, 361px\" \/><\/a> aste? Lavori eccezionali, collocabili principalmente fra gli anni \u201950 e \u201970, spiccano i Burri, i Fontana, i Boetti, gli Schifano, le nature morte di Morandi;<\/strong> per Morandi ad esempio il suo record di prezzo fu stabilito proprio da Sotheby\u2019s a Milano, nel 2022, il quadro fece 3,4 milioni di euro, da una stima base di 700.000. L\u2019arte italiana funziona ancora molto anche a livello internazionale. A Londra un Fontana rosso con una stima di due milioni ne ha realizzati quasi quattro. La qualit\u00e0 vince sempre, e su questo punto non si transige. Il mercato \u00e8 ancora solido e vibrante, basta guardare anche le aste di NYC<strong>. Il mercato \u00e8 molto legato all\u2019eredit\u00e0 dei grandi nomi italiani.<\/strong> Non manca certo l\u2019arte internazionale, ma l\u2019arte italiana \u00e8 molto sostenuta prima dai collezionisti del nostro paese e poi dagli esteri. Eppoi basta sfogliare i cataloghi molto curati delle aste, specie quelli de Il Ponte, con una forte impronta dei maestri italiani. Fontana \u00e8 presente con dei bellissimi tagli e toccanti ceramiche.\u00a0 <strong>Bellissimi lavori di Boetti, Schifano, senza dimenticare Capogrossi, Dorazio, Salvo, Melotti, Spalletti, Calzolari, Burri, Afro. Non manca una selezione di nomi non italiani come Josef Albers, Wilfredo Lam, Hans Hartung.<\/strong> <strong>Il fulcro per\u00f2 resta l\u2019arte italiana.\u00a0 Senza tralasciare i nomi dei nuovi e nuovissimi artisti italiani. <\/strong><\/p>\n<p>Artisti che hanno <a href=\"https:\/\/blog.ilgiornale.it\/franza\/files\/2025\/04\/421-MODULI-OLTRE-cm30x30x45-2020-TM-scaled-e1744048038565.jpg\"><img loading=\"lazy\" class=\"alignleft wp-image-36578\" src=\"https:\/\/blog.ilgiornale.it\/franza\/files\/2025\/04\/421-MODULI-OLTRE-cm30x30x45-2020-TM-scaled-e1744048038565.jpg\" alt=\"\" width=\"242\" height=\"241\" \/><\/a>brillato nel 2024? \u00a0\u00a0E in un momento attuale quale la recessione incombente e la capitalizzazione verso l\u2019oro, \u00e8 il momento di non tralasciare e portare a casa il successo dell&#8217;arte contemporanea. Scopriamo le opere d&#8217;arte che hanno definito l&#8217;anno 2024 e hanno lasciato il segno sulla scena artistica globale. <a href=\"https:\/\/blog.ilgiornale.it\/franza\/files\/2025\/04\/0207_DSC02291_La-bellezza-dal-mare-scaled-e1744048097612.jpg\"><img loading=\"lazy\" class=\" wp-image-36580 alignright\" src=\"https:\/\/blog.ilgiornale.it\/franza\/files\/2025\/04\/0207_DSC02291_La-bellezza-dal-mare-scaled-e1744048097612.jpg\" alt=\"\" width=\"273\" height=\"404\" \/><\/a><a href=\"https:\/\/blog.ilgiornale.it\/franza\/files\/2025\/04\/Irene-x-scaled-e1744047995565.jpg\"><img loading=\"lazy\" class=\"wp-image-36577 alignright\" src=\"https:\/\/blog.ilgiornale.it\/franza\/files\/2025\/04\/Irene-x-scaled-e1744047995565.jpg\" alt=\"\" width=\"171\" height=\"333\" \/><\/a>Una selezione esclusiva, \u201cArtisti che hanno brillato nel 2024\u201d, evidenziando anche talenti che hanno catturato il pubblico con creazioni uniche e straordinarie. Queste opere sono pi\u00f9 di un semplice investimento; sono fonti di ispirazione e bellezza che raccontano storie potenti e incarnano il meglio dell&#8217;arte contemporanea. Ogni artista tra quelli che di seguito indicheremo va portato in collezione, in quanto si sono distinti per la propria visione, per la storia e il percorso artistico che li caratterizza, per la tecnica e capacit\u00e0 di evocare emozioni.<\/p>\n<p>Grande fiducia nel mercato dell\u2019arte\u00a0e grande fiducia e attesa dei collezionisti\u00a0per tutta l\u2019arte del novecento e specialmente l\u2019arte astratta contemporanea. E naturalmente\u00a0\u00e8 fortemente visibile l\u2019interesse per la Pop Art italiana, per l\u2019Arte Cinetica e Programmata, per la\u00a0Pittura Analitica e per l\u2019Arte estroflessa. Ora, per chi ama investire sar\u00e0 bene seguire \u201ci borsini dell\u2019arte\u201d che via via proporremo ai nostri lettori, scalette e graduatorie di cosa tira effettivamente nell\u2019arte, dei nomi giusti e di cosa potr\u00e0 soprattutto resistere nell\u2019ordine di almeno venti anni.<\/p>\n<p><strong>Ecco<a href=\"https:\/\/blog.ilgiornale.it\/franza\/files\/2025\/04\/tondo-giallo-blue-e1713114456708.jpg\"><img loading=\"lazy\" class=\"alignleft wp-image-36579\" src=\"https:\/\/blog.ilgiornale.it\/franza\/files\/2025\/04\/tondo-giallo-blue-e1713114456708.jpg\" alt=\"\" width=\"216\" height=\"206\" srcset=\"https:\/\/blog.ilgiornale.it\/franza\/files\/2025\/04\/tondo-giallo-blue-e1713114456708.jpg 533w, https:\/\/blog.ilgiornale.it\/franza\/files\/2025\/04\/tondo-giallo-blue-e1713114456708-300x287.jpg 300w\" sizes=\"(max-width: 216px) 100vw, 216px\" \/><\/a> i primi dodici artisti italiani al top nel secondo semestre 2024. Investimento sicuro, tra storia e bellezza.<\/strong><\/p>\n<p><strong>\u00a0<\/strong><\/p>\n<ul>\n<li><strong>ALBERTO BURRI<\/strong><\/li>\n<li><strong>PIERO MANZONI <\/strong><\/li>\n<li><strong>CARLO CARRA\u2019<\/strong><\/li>\n<li><strong>ENRICO CASTELLANI<\/strong><\/li>\n<li><strong>LUCIO FONTANA<\/strong><\/li>\n<li><strong>MIMMO ROTELLA<\/strong><\/li>\n<li><strong>KEIZO MORISHITA<a href=\"https:\/\/blog.ilgiornale.it\/franza\/files\/2025\/04\/s-l1600.jpg\"><img loading=\"lazy\" class=\"wp-image-36583 alignright\" src=\"https:\/\/blog.ilgiornale.it\/franza\/files\/2025\/04\/s-l1600.jpg\" alt=\"\" width=\"334\" height=\"334\" srcset=\"https:\/\/blog.ilgiornale.it\/franza\/files\/2025\/04\/s-l1600.jpg 700w, https:\/\/blog.ilgiornale.it\/franza\/files\/2025\/04\/s-l1600-300x300.jpg 300w, https:\/\/blog.ilgiornale.it\/franza\/files\/2025\/04\/s-l1600-150x150.jpg 150w\" sizes=\"(max-width: 334px) 100vw, 334px\" \/><\/a> <\/strong><\/li>\n<li><strong>TONY TEDESCO<\/strong><\/li>\n<li><strong>LOI di CAMPI<\/strong><\/li>\n<li><strong>GIANNI BUCHER SCHENKER<\/strong><\/li>\n<li><strong>MARISA SETTEMBRINI <\/strong><\/li>\n<li><strong>GABRIELLA VENTAVOLI <\/strong><\/li>\n<\/ul>\n<p><strong>Una classifica che indica il valore degli artisti, il lavoro che hanno compiuto e vanno compiendo con mostre in tutto il mondo, e la presenza di loro opere significative nelle aste italiane e internazionali.<\/strong><\/p>\n<p><strong>Carlo Franza\u00a0 \u00a0<\/strong><\/p>\n<p>&nbsp;<\/p>\n","protected":false},"excerpt":{"rendered":"<p><p>Il mercato internazionale dell\u2019arte ha mostrato un 2024 tiepido e tenace. A lungo sottotono, ma in grado di accendersi, con qualche squillo. E con diversi spunti di riflessione, alla luce di tanti risultati ottenuti nelle aste europee e italiane, ad iniziare da \u201cIl Ponte\u201d di Milano. La top ten delle vendite internazionali ha registrato un totale di 1,8 miliardi di dollari (2,4 miliardi nel 2023 e 4,1 miliardi nell\u2019indimenticabile 2022). Tra forti tensioni geopolitiche e l\u2019incertezza macroeconomica su scala globale,\u00a0il mercato dell\u2019arte vive a singhiozzi tra affanni e salite; \u00e8 quanto emerge dal nuovo report annuale realizzato da Deloitte\u00a0\u201cIl mercato [&hellip;]<\/p>\n&nbsp;&nbsp;<div class=\"readmore\"><a href=\"https:\/\/blog.ilgiornale.it\/franza\/2025\/04\/07\/borsino-dellarte-2025-i-primi-dodici-artisti-al-top-nel-secondo-semestre-2024-investimento-sicuro-storia-e-bellezza\/\">Continua a leggere...<\/a><\/div><\/p>","protected":false},"author":1009,"featured_media":0,"comment_status":"open","ping_status":"closed","sticky":false,"template":"","format":"standard","meta":[],"categories":[59281,9894,10357,36390,41640,28386,44441,87,35351,35224,26,28369],"tags":[53907,598336,77021,53733,355513,74814,41590,74741,41610,80660,53596,44522,355195,76969],"_links":{"self":[{"href":"https:\/\/blog.ilgiornale.it\/franza\/wp-json\/wp\/v2\/posts\/36572"}],"collection":[{"href":"https:\/\/blog.ilgiornale.it\/franza\/wp-json\/wp\/v2\/posts"}],"about":[{"href":"https:\/\/blog.ilgiornale.it\/franza\/wp-json\/wp\/v2\/types\/post"}],"author":[{"embeddable":true,"href":"https:\/\/blog.ilgiornale.it\/franza\/wp-json\/wp\/v2\/users\/1009"}],"replies":[{"embeddable":true,"href":"https:\/\/blog.ilgiornale.it\/franza\/wp-json\/wp\/v2\/comments?post=36572"}],"version-history":[{"count":4,"href":"https:\/\/blog.ilgiornale.it\/franza\/wp-json\/wp\/v2\/posts\/36572\/revisions"}],"predecessor-version":[{"id":36586,"href":"https:\/\/blog.ilgiornale.it\/franza\/wp-json\/wp\/v2\/posts\/36572\/revisions\/36586"}],"wp:attachment":[{"href":"https:\/\/blog.ilgiornale.it\/franza\/wp-json\/wp\/v2\/media?parent=36572"}],"wp:term":[{"taxonomy":"category","embeddable":true,"href":"https:\/\/blog.ilgiornale.it\/franza\/wp-json\/wp\/v2\/categories?post=36572"},{"taxonomy":"post_tag","embeddable":true,"href":"https:\/\/blog.ilgiornale.it\/franza\/wp-json\/wp\/v2\/tags?post=36572"}],"curies":[{"name":"wp","href":"https:\/\/api.w.org\/{rel}","templated":true}]}}