{"id":3661,"date":"2014-12-12T21:43:04","date_gmt":"2014-12-12T21:43:04","guid":{"rendered":"https:\/\/blog.ilgiornale.it\/franza\/?p=3661"},"modified":"2014-12-12T21:43:04","modified_gmt":"2014-12-12T21:43:04","slug":"eros-arte-e-fotografia-in-mostra-a-palazzo-reale-200-scatti-dai-calendari-pirelli-delle-top-piu-belle-del-mondo","status":"publish","type":"post","link":"https:\/\/blog.ilgiornale.it\/franza\/2014\/12\/12\/eros-arte-e-fotografia-in-mostra-a-palazzo-reale-200-scatti-dai-calendari-pirelli-delle-top-piu-belle-del-mondo\/","title":{"rendered":"Eros, arte e fotografia in mostra a Palazzo Reale. 200  scatti dai Calendari Pirelli delle top pi\u00f9 belle del mondo."},"content":{"rendered":"<p align=\"JUSTIFY\"><span style=\"font-size: medium\"><strong><a href=\"https:\/\/blog.ilgiornale.it\/franza\/files\/2014\/12\/Herb-Ritts-Paradise-Island-Bahamas-1994-\u00ae-The-Cal-Collezione-Pirelli.jpg\"><img loading=\"lazy\" class=\"alignleft size-full wp-image-3666\" style=\"width: 260px;height: 392px\" src=\"https:\/\/blog.ilgiornale.it\/franza\/files\/2014\/12\/Herb-Ritts-Paradise-Island-Bahamas-1994-\u00ae-The-Cal-Collezione-Pirelli.jpg\" alt=\"\" width=\"1636\" height=\"2400\" srcset=\"https:\/\/blog.ilgiornale.it\/franza\/files\/2014\/12\/Herb-Ritts-Paradise-Island-Bahamas-1994-\u00ae-The-Cal-Collezione-Pirelli.jpg 1636w, https:\/\/blog.ilgiornale.it\/franza\/files\/2014\/12\/Herb-Ritts-Paradise-Island-Bahamas-1994-\u00ae-The-Cal-Collezione-Pirelli-204x300.jpg 204w, https:\/\/blog.ilgiornale.it\/franza\/files\/2014\/12\/Herb-Ritts-Paradise-Island-Bahamas-1994-\u00ae-The-Cal-Collezione-Pirelli-698x1024.jpg 698w\" sizes=\"(max-width: 1636px) 100vw, 1636px\" \/><\/a><a href=\"https:\/\/blog.ilgiornale.it\/franza\/files\/2014\/12\/untitled1.png\"><img loading=\"lazy\" class=\"alignright size-full wp-image-3669\" src=\"https:\/\/blog.ilgiornale.it\/franza\/files\/2014\/12\/untitled1.png\" alt=\"\" width=\"277\" height=\"182\" \/><\/a><a href=\"https:\/\/blog.ilgiornale.it\/franza\/files\/2014\/12\/Steve-McCurry-Rio-de-Janeiro-Brasile-2013-\u00ae-The-Cal-Collezione-Pirelli2.jpg\"><img loading=\"lazy\" class=\"alignleft size-full wp-image-3672\" style=\"width: 276px;height: 202px\" src=\"https:\/\/blog.ilgiornale.it\/franza\/files\/2014\/12\/Steve-McCurry-Rio-de-Janeiro-Brasile-2013-\u00ae-The-Cal-Collezione-Pirelli2.jpg\" alt=\"\" width=\"2400\" height=\"1600\" srcset=\"https:\/\/blog.ilgiornale.it\/franza\/files\/2014\/12\/Steve-McCurry-Rio-de-Janeiro-Brasile-2013-\u00ae-The-Cal-Collezione-Pirelli2.jpg 2400w, https:\/\/blog.ilgiornale.it\/franza\/files\/2014\/12\/Steve-McCurry-Rio-de-Janeiro-Brasile-2013-\u00ae-The-Cal-Collezione-Pirelli2-300x200.jpg 300w, https:\/\/blog.ilgiornale.it\/franza\/files\/2014\/12\/Steve-McCurry-Rio-de-Janeiro-Brasile-2013-\u00ae-The-Cal-Collezione-Pirelli2-1024x682.jpg 1024w\" sizes=\"(max-width: 2400px) 100vw, 2400px\" \/><\/a><a href=\"https:\/\/blog.ilgiornale.it\/franza\/files\/2014\/12\/Richard-Avedon-New-York-Stati-Uniti-1997-\u00ae-The-Cal-Collezione-Pirelli.jpg\"><img loading=\"lazy\" class=\"alignright size-full wp-image-3674\" style=\"width: 368px;height: 569px\" src=\"https:\/\/blog.ilgiornale.it\/franza\/files\/2014\/12\/Richard-Avedon-New-York-Stati-Uniti-1997-\u00ae-The-Cal-Collezione-Pirelli.jpg\" alt=\"\" width=\"1772\" height=\"2215\" srcset=\"https:\/\/blog.ilgiornale.it\/franza\/files\/2014\/12\/Richard-Avedon-New-York-Stati-Uniti-1997-\u00ae-The-Cal-Collezione-Pirelli.jpg 1772w, https:\/\/blog.ilgiornale.it\/franza\/files\/2014\/12\/Richard-Avedon-New-York-Stati-Uniti-1997-\u00ae-The-Cal-Collezione-Pirelli-240x300.jpg 240w, https:\/\/blog.ilgiornale.it\/franza\/files\/2014\/12\/Richard-Avedon-New-York-Stati-Uniti-1997-\u00ae-The-Cal-Collezione-Pirelli-819x1024.jpg 819w\" sizes=\"(max-width: 1772px) 100vw, 1772px\" \/><\/a><a href=\"https:\/\/blog.ilgiornale.it\/franza\/files\/2014\/12\/Herb-Ritts-Los-Angeles-California-Stati-Uniti-1999-\u00ae-The-Cal-Collezione-Pirelli.jpg\"><img loading=\"lazy\" class=\"alignleft size-full wp-image-3675\" style=\"width: 280px;height: 367px\" src=\"https:\/\/blog.ilgiornale.it\/franza\/files\/2014\/12\/Herb-Ritts-Los-Angeles-California-Stati-Uniti-1999-\u00ae-The-Cal-Collezione-Pirelli.jpg\" alt=\"\" width=\"1711\" height=\"2200\" srcset=\"https:\/\/blog.ilgiornale.it\/franza\/files\/2014\/12\/Herb-Ritts-Los-Angeles-California-Stati-Uniti-1999-\u00ae-The-Cal-Collezione-Pirelli.jpg 1711w, https:\/\/blog.ilgiornale.it\/franza\/files\/2014\/12\/Herb-Ritts-Los-Angeles-California-Stati-Uniti-1999-\u00ae-The-Cal-Collezione-Pirelli-233x300.jpg 233w, https:\/\/blog.ilgiornale.it\/franza\/files\/2014\/12\/Herb-Ritts-Los-Angeles-California-Stati-Uniti-1999-\u00ae-The-Cal-Collezione-Pirelli-796x1024.jpg 796w\" sizes=\"(max-width: 1711px) 100vw, 1711px\" \/><\/a><a href=\"https:\/\/blog.ilgiornale.it\/franza\/files\/2014\/12\/Richard-Avedon-New-York-Stati-Uniti-1995-\u00ae-The-Cal-Collezione-Pirelli1.jpg\"><img loading=\"lazy\" class=\"alignleft size-full wp-image-3677\" style=\"width: 293px;height: 463px\" src=\"https:\/\/blog.ilgiornale.it\/franza\/files\/2014\/12\/Richard-Avedon-New-York-Stati-Uniti-1995-\u00ae-The-Cal-Collezione-Pirelli1.jpg\" alt=\"\" width=\"1772\" height=\"2207\" srcset=\"https:\/\/blog.ilgiornale.it\/franza\/files\/2014\/12\/Richard-Avedon-New-York-Stati-Uniti-1995-\u00ae-The-Cal-Collezione-Pirelli1.jpg 1772w, https:\/\/blog.ilgiornale.it\/franza\/files\/2014\/12\/Richard-Avedon-New-York-Stati-Uniti-1995-\u00ae-The-Cal-Collezione-Pirelli1-240x300.jpg 240w, https:\/\/blog.ilgiornale.it\/franza\/files\/2014\/12\/Richard-Avedon-New-York-Stati-Uniti-1995-\u00ae-The-Cal-Collezione-Pirelli1-822x1024.jpg 822w\" sizes=\"(max-width: 1772px) 100vw, 1772px\" \/><\/a>A Palazzo Reale a Milano vive la mostra \u201cForma e Desiderio. The Cal Collezione Pirelli\u201d, una selezione di oltre 200 fotografie tratte dai Calendari Pirelli dalla nascita a oggi. L\u2019esposizione curata da <\/strong><\/span><strong><span style=\"font-size: medium\"><strong>Walter Guadagnini<\/strong><\/span><\/strong><span style=\"font-size: medium\"><strong> e <\/strong><\/span><strong><span style=\"font-size: medium\"><strong>Amedeo M. Turello<\/strong><\/span><\/strong><span style=\"font-size: medium\"><strong>, promossa dal Comune di Milano &#8211; Cultura con il patrocinio di Expo e organizzata e prodotta da Palazzo Reale e GAmm Giunti &#8211; nasce grazie al fondamentale contributo di Pirelli, che ai fini della selezione espositiva ha messo a disposizione il suo archivio,<\/strong><\/span><span style=\"font-size: medium\"> con migliaia di fotografie dei pi\u00f9 grandi fotografi mondiali. <\/span><span style=\"font-size: medium\"><strong>Diventato in breve tempo un oggetto di culto, il Calendario da pi\u00f9 di cinquant\u2019anni interpreta i cambiamenti sociali e culturali. <\/strong><\/span><span style=\"font-size: medium\"> Scatti che hanno fissato per l&#8217;eternit\u00e0, a dispetto del carattere transitorio del calendario stesso, <\/span><span style=\"font-size: medium\"><strong>il fascino delle top pi\u00f9 belle al mondo, da <\/strong><\/span><span style=\"font-size: medium\"><strong>Monica Bellucci<\/strong><\/span><span style=\"font-size: medium\"><strong> a <\/strong><\/span><span style=\"font-size: medium\"><strong>Adriana Lima<\/strong><\/span><span style=\"font-size: medium\"><strong>, da Alek Wek a Naomi Campbell. E poi Mariacarla Boscono, Karolina Kurkova, <\/strong><\/span><span style=\"font-size: medium\"><strong>Kate Moss<\/strong><\/span><span style=\"font-size: medium\"><strong> , Lara Stone, <\/strong><\/span><span style=\"font-size: medium\"><strong>Gisele B\u00fcndchen<\/strong><\/span><span style=\"font-size: medium\"><strong>, Helena Christensen, Miranda Kerr, Eva Herzigova, Laetitia Casta, Sophie Dahl, Alessandra Ambrosio.<\/strong><\/span><span style=\"font-size: medium\"> Immagini firmate da grandissimi fotografi, da Herb Ritts a Richard Avedon, da <\/span><span style=\"font-size: medium\"><strong>Peter Lindberg <\/strong><\/span><span style=\"font-size: medium\">a Bruce Weber, da Peter Beard a <\/span><span style=\"font-size: medium\"><strong>Steve McCurry<\/strong><\/span><span style=\"font-size: medium\">, da Patrick Demarchelier a Steven Meisel; artisti che, partecipando alla straordinaria avventura fotografica di The Cal, &#8220;si sono confrontati con la storia, con le simbologie e le mitologie, con la ricerca esplicita della seduzione, sia del luogo sia del corpo&#8221;, ha sottolineato Walter Guadagnini.<\/span><\/p>\n<p align=\"JUSTIFY\"><span style=\"font-size: medium\">L\u2019esposizione si sviluppa attraverso cinque stanze: dalla seduzione alla provocazione, dal mito all\u2019eleganza. Una delle caratteristiche pi\u00f9 ricorrenti nelle diverse annate \u00e8 quella della citazione dotta di alcuni dei monumenti della storia dell&#8217;arte del passato. Particolare \u00e8 il caso di <strong>Annie Leibovitz <\/strong>che cita testualmente non solo i maestri della fotografia ma alcune precise immagini, al fine di trasformare le pagine del Calendario in una sorta di esercizio di gusto volutamente, e provocatoriamente, accademico. La sezione <em>Lo sguardo indiscreto <\/em>\u00e8 incentrata sulle immagini caratterizzate da un misto di provocazione, gioco, trasgressione, con i lavori di <strong>Helmut Newton<\/strong> dalla matrice raffinatamente voyeurista, e dei pi\u00f9 recenti e pi\u00f9 ammiccanti Mario Testino, <strong>Bruce Weber<\/strong>, Patrick Demarchellier.<\/span><\/p>\n<p align=\"JUSTIFY\"><span style=\"font-size: medium\"><strong>L&#8217;edizione 2015 che non deve mancare nella vostra collezione \u00e8 accompagnata da un catalogo GAmm Giunti, con i testi di Walter Guadagnini, Amedeo M. Turello e Alberto Barbera e le note biografiche dei 42 fotografi. <\/strong><\/span><span style=\"font-size: medium\"><strong>Presentato per la prima volta nel 1964, il Calendario Pirelli giunge alla sua quarantaduesima edizione con l\u2019anno 2015, realizzato da Steven Meisel. <\/strong><\/span><span style=\"font-size: medium\">La mostra non segue la cronologia della pubblicazione del Calendario Pirelli, ma \u00e8 suddivisa in cinque sezioni tematiche: L\u2019incanto del mondo, Il fotografo e la sua musa, Lo sguardo indiscreto, La natura dell\u2019artificio e Il corpo in scena. Eros, arte e fotografia. <\/span><strong><span style=\"font-size: medium\">Forma e Desiderio \u2013 The Cal<\/span><\/strong><span style=\"font-size: medium\">. <\/span><span style=\"font-size: medium\"><strong>La Forma, o se preferite le forme sono quelle dei corpi delle splendide modelle, ma soprattutto quelle della bellezza, concetto che i fotografi coinvolti ogni anno per realizzare il Calendario, hanno cercato di catturare con i loro obbiettivi. Eppoi il Desiderio, ovvero l\u2019espressione del nostro comune immaginario erotico, che gli stessi grandi fotografi di The Cal hanno rappresentato e interpretato ognuno a suo modo, secondo il proprio personalissimo sguardo.<\/strong><\/span><\/p>\n<p align=\"JUSTIFY\"><strong><span style=\"font-size: medium\">Carlo Franza <\/span><\/strong><\/p>\n","protected":false},"excerpt":{"rendered":"<p><p>A Palazzo Reale a Milano vive la mostra \u201cForma e Desiderio. The Cal Collezione Pirelli\u201d, una selezione di oltre 200 fotografie tratte dai Calendari Pirelli dalla nascita a oggi. L\u2019esposizione curata da Walter Guadagnini e Amedeo M. Turello, promossa dal Comune di Milano &#8211; Cultura con il patrocinio di Expo e organizzata e prodotta da Palazzo Reale e GAmm Giunti &#8211; nasce grazie al fondamentale contributo di Pirelli, che ai fini della selezione espositiva ha messo a disposizione il suo archivio, con migliaia di fotografie dei pi\u00f9 grandi fotografi mondiali. Diventato in breve tempo un oggetto di culto, il Calendario [&hellip;]<\/p>\n&nbsp;&nbsp;<div class=\"readmore\"><a href=\"https:\/\/blog.ilgiornale.it\/franza\/2014\/12\/12\/eros-arte-e-fotografia-in-mostra-a-palazzo-reale-200-scatti-dai-calendari-pirelli-delle-top-piu-belle-del-mondo\/\">Continua a leggere...<\/a><\/div><\/p>","protected":false},"author":1009,"featured_media":0,"comment_status":"open","ping_status":"closed","sticky":false,"template":"","format":"standard","meta":[],"categories":[53709,9894,41658,36390,53794,41640,44441,87,28340,47,17505,35188,28369],"tags":[59295,7822,59382,7591,59386,42933,59387,59388,59385,59383,59290],"_links":{"self":[{"href":"https:\/\/blog.ilgiornale.it\/franza\/wp-json\/wp\/v2\/posts\/3661"}],"collection":[{"href":"https:\/\/blog.ilgiornale.it\/franza\/wp-json\/wp\/v2\/posts"}],"about":[{"href":"https:\/\/blog.ilgiornale.it\/franza\/wp-json\/wp\/v2\/types\/post"}],"author":[{"embeddable":true,"href":"https:\/\/blog.ilgiornale.it\/franza\/wp-json\/wp\/v2\/users\/1009"}],"replies":[{"embeddable":true,"href":"https:\/\/blog.ilgiornale.it\/franza\/wp-json\/wp\/v2\/comments?post=3661"}],"version-history":[{"count":2,"href":"https:\/\/blog.ilgiornale.it\/franza\/wp-json\/wp\/v2\/posts\/3661\/revisions"}],"predecessor-version":[{"id":3679,"href":"https:\/\/blog.ilgiornale.it\/franza\/wp-json\/wp\/v2\/posts\/3661\/revisions\/3679"}],"wp:attachment":[{"href":"https:\/\/blog.ilgiornale.it\/franza\/wp-json\/wp\/v2\/media?parent=3661"}],"wp:term":[{"taxonomy":"category","embeddable":true,"href":"https:\/\/blog.ilgiornale.it\/franza\/wp-json\/wp\/v2\/categories?post=3661"},{"taxonomy":"post_tag","embeddable":true,"href":"https:\/\/blog.ilgiornale.it\/franza\/wp-json\/wp\/v2\/tags?post=3661"}],"curies":[{"name":"wp","href":"https:\/\/api.w.org\/{rel}","templated":true}]}}