{"id":36960,"date":"2025-05-13T19:57:50","date_gmt":"2025-05-13T19:57:50","guid":{"rendered":"https:\/\/blog.ilgiornale.it\/franza\/?p=36960"},"modified":"2025-05-13T19:57:50","modified_gmt":"2025-05-13T19:57:50","slug":"il-pittore-eugenio-cecconi-amico-dei-macchiaioli-tra-scene-di-vita-e-di-caccia-e-ritratti-di-cani-la-mostra-al-forte-leopoldo-i-di-forte-dei-marmi","status":"publish","type":"post","link":"https:\/\/blog.ilgiornale.it\/franza\/2025\/05\/13\/il-pittore-eugenio-cecconi-amico-dei-macchiaioli-tra-scene-di-vita-e-di-caccia-e-ritratti-di-cani-la-mostra-al-forte-leopoldo-i-di-forte-dei-marmi\/","title":{"rendered":"Il pittore Eugenio Cecconi amico dei Macchiaioli tra scene di vita e di caccia e ritratti di cani. La mostra al Forte Leopoldo I di  Forte dei Marmi"},"content":{"rendered":"<div id=\"attachment_36961\" style=\"width: 586px\" class=\"wp-caption alignleft\"><a href=\"https:\/\/blog.ilgiornale.it\/franza\/files\/2025\/05\/Braccaioli-e-muta-di-cani-da-cinghiale-e1747165262417.jpg\"><img aria-describedby=\"caption-attachment-36961\" loading=\"lazy\" class=\" wp-image-36961\" src=\"https:\/\/blog.ilgiornale.it\/franza\/files\/2025\/05\/Braccaioli-e-muta-di-cani-da-cinghiale-e1747165262417.jpg\" alt=\"\" width=\"576\" height=\"366\" \/><\/a><p id=\"caption-attachment-36961\" class=\"wp-caption-text\"><\/p>\n<p><\/p><\/div>\n<p><strong>I suoi ritratti di cani conquistavano il pubblico. Telemaco Signorini, che di Eugenio Cecconi era amico ed<a href=\"https:\/\/blog.ilgiornale.it\/franza\/files\/2025\/05\/Attesa-per-la-battuta-al-cinghiale-e1747165337492.jpg\"><img loading=\"lazy\" class=\" wp-image-36962 alignright\" src=\"https:\/\/blog.ilgiornale.it\/franza\/files\/2025\/05\/Attesa-per-la-battuta-al-cinghiale-e1747165337492.jpg\" alt=\"\" width=\"424\" height=\"270\" \/><\/a> estimatore, osservava: \u201cc\u2019\u00e8 gente nei cani di Cecconi\u201d, aggiungendo che \u201cquando il Cecconi dipinge un cane ne fa il ritratto morale e fa capire ci\u00f2 che ha gi\u00e0 fatto e quello che sta per fare\u201d. L\u2019importante retrospettiva dedicata dal 31 maggio al 9 novembre 2025 al pittore amico dei Macchiaioli e promossa al Forte Leopoldo I dal Comune di Forte dei Marmi e dalla Societ\u00e0 di Belle Arti,<\/strong> con la curatela di Elisabetta Matteucci, non \u00e8 riservata per\u00f2 esclusivamente al fedele amico dell\u2019uomo. Attraverso una significativa selezione di dipinti di diversi periodi e generi articolata in sette sezioni ordinate secondo un criterio tematico, essa d\u00e0 conto delle maestose vedute, delle scene di vita e di <a href=\"https:\/\/blog.ilgiornale.it\/franza\/files\/2025\/05\/Radunata-di-caccia-grossa-e1747165371142.jpg\"><img loading=\"lazy\" class=\"size-full wp-image-36963 alignright\" src=\"https:\/\/blog.ilgiornale.it\/franza\/files\/2025\/05\/Radunata-di-caccia-grossa-e1747165371142.jpg\" alt=\"\" width=\"481\" height=\"301\" \/><\/a>caccia in Maremma e della umile, fiera quotidianit\u00e0 dei suoi abitanti. Cecconi amava raffigurare oltre a butteri e cacciatori soprattutto le \u201cfiere donne\u201d impegnate nei lavori domestici e nei<\/p>\n<p><a href=\"https:\/\/blog.ilgiornale.it\/franza\/files\/2025\/05\/La-caccia-alle-starne-presso-Ceppato-e1747165414394.jpg\"><img loading=\"lazy\" class=\" wp-image-36964\" src=\"https:\/\/blog.ilgiornale.it\/franza\/files\/2025\/05\/La-caccia-alle-starne-presso-Ceppato-e1747165414394.jpg\" alt=\"\" width=\"444\" height=\"237\" \/><\/a><\/p>\n<p>campi o dedite a offrire i doni della terra come fienaiole e, pi\u00f9 in generale, raccoglitrici, lavandaie, traghettatrici, venditrici di arance e di polli. Grazie al suo pennello ed alla profonda capacit\u00e0 di penetrazione psicologica, ciascuno volto \u00e8 nobilitato dalle fattezze tipiche di una bellezza etrusca e animato da un\u2019austera dignit\u00e0, acquisendo cos\u00ec il valore di documento sociale di un\u2019epoca. Un\u2019empatica vicinanza dell\u2019artista si avverte oltre che nell\u2019esecuzione dei ritratti, nell\u2019affrontare scene corali raffiguranti le attivit\u00e0 legate al lento succedersi delle stagioni, come la fienagione o le pratiche venatorie. Con spirito antiretorico il pittore fissa sulla tela momenti faticosi della vita contadina e, grazie alla sua abilit\u00e0 pittorica, anche quando alzano al cielo i forconi carichi di enormi fasci di fieno, i contadini paiono impegnati ad eseguire una sorta di coreografia bucolica. Quanto alle scene di caccia, poco hanno da spartire con quelle della pittura ufficiale inglese coeva; pi\u00f9<\/p>\n<div id=\"attachment_36966\" style=\"width: 570px\" class=\"wp-caption alignleft\"><a href=\"https:\/\/blog.ilgiornale.it\/franza\/files\/2025\/05\/Caccia-nel-padule-di-Fucecchio-e1747165547839.jpg\"><img aria-describedby=\"caption-attachment-36966\" loading=\"lazy\" class=\" wp-image-36966\" src=\"https:\/\/blog.ilgiornale.it\/franza\/files\/2025\/05\/Caccia-nel-padule-di-Fucecchio-e1747165547839.jpg\" alt=\"\" width=\"560\" height=\"311\" \/><\/a><p id=\"caption-attachment-36966\" class=\"wp-caption-text\"><\/p>\n<p><\/p><\/div>\n<div id=\"attachment_36965\" style=\"width: 449px\" class=\"wp-caption alignright\"><a href=\"https:\/\/blog.ilgiornale.it\/franza\/files\/2025\/05\/Pollaiole-gabbrigiane-e1747165489922.jpg\"><img aria-describedby=\"caption-attachment-36965\" loading=\"lazy\" class=\" wp-image-36965\" src=\"https:\/\/blog.ilgiornale.it\/franza\/files\/2025\/05\/Pollaiole-gabbrigiane-e1747165489922.jpg\" alt=\"\" width=\"439\" height=\"156\" \/><\/a><p id=\"caption-attachment-36965\" class=\"wp-caption-text\"><\/p>\n<p><\/p><\/div>\n<p>che una esigenza documentaristica, in esse si palesa la partecipazione di chi, in quelle medesime situazioni ha potuto essere tra i protagonisti, restituendone tutta l\u2019eccitazione e la vitalit\u00e0 di un atavico rito sociale condiviso. \u201cIn Cecconi \u2013 sottolinea la curatrice della mostra, Elisabetta Matteucci \u2013 \u00e8 evidente un intimo legame con la Natura e in particolare con il genius loci, spirito generatore dello spunto creativo\u201d. <strong>\u00c8 il momento atmosferico a nutrire le prime sezioni dell\u2019esposizione: \u201cLuce dell\u2019Etruria\u201d i cui ritmi antichi di vita contadina, apprezzati in particolare nelle zone limitrofe alla tenuta di Diego Martelli a Castiglioncello o a Ceppato di Lari, dove l\u2019artista si dedica al paesaggio assieme all\u2019amico Francesco Gioli, vengono attentamente registrati e riversati in liriche<a href=\"https:\/\/blog.ilgiornale.it\/franza\/files\/2025\/05\/Il-ritorno-delle-fienaiole-e1747165614927.jpg\"><img loading=\"lazy\" class=\" wp-image-36967 alignright\" src=\"https:\/\/blog.ilgiornale.it\/franza\/files\/2025\/05\/Il-ritorno-delle-fienaiole-e1747165614927.jpg\" alt=\"\" width=\"567\" height=\"286\" \/><\/a> composizioni quali Il ritorno delle fienaiole e Caccia alle folaghe. A seguire, \u201cMaremma fatale e fatata\u201d, terra incontaminata di forze primigenie, assiduamente frequentata dall\u2019artista nella pratica venatoria.<\/strong> A <a href=\"https:\/\/blog.ilgiornale.it\/franza\/files\/2025\/05\/Sera-sul-Lago-di-Massaciuccoli-e1747165644280.jpg\"><img loading=\"lazy\" class=\"alignleft size-full wp-image-36968\" src=\"https:\/\/blog.ilgiornale.it\/franza\/files\/2025\/05\/Sera-sul-Lago-di-Massaciuccoli-e1747165644280.jpg\" alt=\"\" width=\"481\" height=\"593\" \/><\/a>riprova dell\u2019unione tra pittura e vita, nelle sezioni \u201cInseguendo la preda\u201d e \u201cDando la via agli stivali\u201d la caccia emerge non solo come semplice passione privata e condivisa, ma come sorgente principale, non scevra di eco epica, della poetica sia figurativa che letteraria di Cecconi. Tra i leitmotiv pittorici pi\u00f9 apprezzati dalla ricercata committenza, essa \u00e8 variamente declinata, dalle scene pi\u00f9 aspre che fotografano la lotta per la vita e definitiva sconfitta della preda, alle sequenze di acceso dinamismo nelle quali la muta di cani si affanna nell\u2019impeto della ricerca e inseguimento, fino alle placide composizioni corali in cui la figura umana si fonde con lo studio paesaggistico e che della caccia sottolineano l\u2019aspetto di forte coesione sociale, illustrando i diversi momenti di partecipazione pi\u00f9 estesa quali i preparativi, l\u2019attesa, il viaggio ed il ritorno. La qualit\u00e0 della pittura di Cecconi, nonch\u00e9 l\u2019indipendenza espressiva, emergono ulteriormente nel ritratto, come si apprezza nella sezione \u201cLe fiere donne\u201d, vera e propria galleria di effigi dedicate a queste straordinarie \u201cMadonne delle messi\u201d. La maestria nella gestione delle peculiarit\u00e0 formali di questo genere e nella qualit\u00e0 mimetica raggiunge l\u2019apice nel ritratto canino; <strong>cos\u00ec nel nucleo \u201cL\u2019amico fedele\u201d si susseguono le istantanee degli amati compagni di vita e di caccia, colti nella tensione della punta o nella lenta e paziente attesa.<br \/>\n<\/strong>La mostra intende mettere in luce aspetti di una personalit\u00e0 complessa: pittore, letterato, poeta e cacciatore ma \u201csoprattutto un\u2019anima sensitiva e operante\u201d come lo ricord\u00f2 il suo amico Guido Biagi.<\/p>\n<p><strong>Carlo Franza <\/strong><\/p>\n<p>&nbsp;<\/p>\n","protected":false},"excerpt":{"rendered":"<p><p>I suoi ritratti di cani conquistavano il pubblico. Telemaco Signorini, che di Eugenio Cecconi era amico ed estimatore, osservava: \u201cc\u2019\u00e8 gente nei cani di Cecconi\u201d, aggiungendo che \u201cquando il Cecconi dipinge un cane ne fa il ritratto morale e fa capire ci\u00f2 che ha gi\u00e0 fatto e quello che sta per fare\u201d. L\u2019importante retrospettiva dedicata dal 31 maggio al 9 novembre 2025 al pittore amico dei Macchiaioli e promossa al Forte Leopoldo I dal Comune di Forte dei Marmi e dalla Societ\u00e0 di Belle Arti, con la curatela di Elisabetta Matteucci, non \u00e8 riservata per\u00f2 esclusivamente al fedele amico dell\u2019uomo. [&hellip;]<\/p>\n&nbsp;&nbsp;<div class=\"readmore\"><a href=\"https:\/\/blog.ilgiornale.it\/franza\/2025\/05\/13\/il-pittore-eugenio-cecconi-amico-dei-macchiaioli-tra-scene-di-vita-e-di-caccia-e-ritratti-di-cani-la-mostra-al-forte-leopoldo-i-di-forte-dei-marmi\/\">Continua a leggere...<\/a><\/div><\/p>","protected":false},"author":1009,"featured_media":0,"comment_status":"open","ping_status":"closed","sticky":false,"template":"","format":"standard","meta":[],"categories":[9894,180472,44441,87,35351,26,51746,17505,35188,44805,28369,7576,51665,4625,409394,2659],"tags":[598486,598485,598487,355195,51750,598484],"_links":{"self":[{"href":"https:\/\/blog.ilgiornale.it\/franza\/wp-json\/wp\/v2\/posts\/36960"}],"collection":[{"href":"https:\/\/blog.ilgiornale.it\/franza\/wp-json\/wp\/v2\/posts"}],"about":[{"href":"https:\/\/blog.ilgiornale.it\/franza\/wp-json\/wp\/v2\/types\/post"}],"author":[{"embeddable":true,"href":"https:\/\/blog.ilgiornale.it\/franza\/wp-json\/wp\/v2\/users\/1009"}],"replies":[{"embeddable":true,"href":"https:\/\/blog.ilgiornale.it\/franza\/wp-json\/wp\/v2\/comments?post=36960"}],"version-history":[{"count":10,"href":"https:\/\/blog.ilgiornale.it\/franza\/wp-json\/wp\/v2\/posts\/36960\/revisions"}],"predecessor-version":[{"id":36978,"href":"https:\/\/blog.ilgiornale.it\/franza\/wp-json\/wp\/v2\/posts\/36960\/revisions\/36978"}],"wp:attachment":[{"href":"https:\/\/blog.ilgiornale.it\/franza\/wp-json\/wp\/v2\/media?parent=36960"}],"wp:term":[{"taxonomy":"category","embeddable":true,"href":"https:\/\/blog.ilgiornale.it\/franza\/wp-json\/wp\/v2\/categories?post=36960"},{"taxonomy":"post_tag","embeddable":true,"href":"https:\/\/blog.ilgiornale.it\/franza\/wp-json\/wp\/v2\/tags?post=36960"}],"curies":[{"name":"wp","href":"https:\/\/api.w.org\/{rel}","templated":true}]}}