{"id":3778,"date":"2014-12-21T19:00:25","date_gmt":"2014-12-21T19:00:25","guid":{"rendered":"https:\/\/blog.ilgiornale.it\/franza\/?p=3778"},"modified":"2014-12-21T22:24:43","modified_gmt":"2014-12-21T22:24:43","slug":"premio-delle-arti-premio-della-cultura-xxvi-edizione-2014-assegnati-a-milano-a-eccellenze-dellarte-della-cultura-della-moda-del-gusto-e-dellimprenditoria","status":"publish","type":"post","link":"https:\/\/blog.ilgiornale.it\/franza\/2014\/12\/21\/premio-delle-arti-premio-della-cultura-xxvi-edizione-2014-assegnati-a-milano-a-eccellenze-dellarte-della-cultura-della-moda-del-gusto-e-dellimprenditoria\/","title":{"rendered":"Premio delle Arti Premio della Cultura &#8211; XXVI Edizione 2014. Assegnati a Milano a eccellenze dell&#8217;arte, della cultura, della moda,  del gusto e dell&#8217;imprenditoria."},"content":{"rendered":"<h1 style=\"text-align: left\" align=\"CENTER\"><span style=\"font-size: medium\"><a href=\"https:\/\/blog.ilgiornale.it\/franza\/files\/2014\/12\/circolo-stampa-300x196.jpg\"><img loading=\"lazy\" class=\"alignleft size-full wp-image-3779\" src=\"https:\/\/blog.ilgiornale.it\/franza\/files\/2014\/12\/circolo-stampa-300x196.jpg\" alt=\"\" width=\"300\" height=\"196\" \/><\/a><\/span><\/h1>\n<h1 style=\"text-align: left\" align=\"CENTER\"><span style=\"font-size: medium\">PREMIO DELLE ARTI<\/span><\/h1>\n<h6 style=\"text-align: left\"><span style=\"font-size: medium\">PREMIO DELLA CULTURA <\/span><\/h6>\n<h6 style=\"text-align: left\"><span style=\"font-size: medium\">MILANO 2014<\/span><\/h6>\n<h6 style=\"text-align: left\"><span style=\"font-size: medium\">XXVI EDIZIONE<\/span><\/h6>\n<p align=\"CENTER\">\u00a0<em><strong>Premiazione dei Vincitori del Premio delle Arti Premio della Cultura<\/strong><\/em><em><strong> Edizione XXVI del 2014 <\/strong><\/em><\/p>\n<h6 style=\"text-align: left\"><\/h6>\n<p align=\"CENTER\"><strong>Circolo della Stampa di Milano, Palazzo Bocconi, Corso Venezia 48<\/strong><\/p>\n<h6 style=\"text-align: left\"><\/h6>\n<p>&nbsp;<\/p>\n<h6 style=\"text-align: left\"><\/h6>\n<p align=\"JUSTIFY\">Durante la cerimonia di premiazione, il <strong>Professor Carlo Franza<\/strong>, Storico dell&#8217;Arte Moderna e Contemporanea e <strong>Presidente della Giuria<\/strong>, ha tenuto una lectio magistralis su \u201cS<strong>cenari e sviluppi dell&#8217;arte italiana, europea e internazional<\/strong>e\u201d<\/p>\n<h6 style=\"text-align: left\"><\/h6>\n<h6 style=\"text-align: left\"><\/h6>\n<p align=\"JUSTIFY\">Il Premio Internazionale fondato a Milano nel 1988, da un drappello di valorosi uomini di cultura, \u00e8 ormai istituzione di vasto respiro culturale, capace ancora di indicare e campionare al pubblico internazionale nomi di artisti, intellettuali e professionisti di sicura professionalit\u00e0 e competenza, come d\u2019altronde \u00e8 stato nelle precedenti edizioni.<\/p>\n<h6 style=\"text-align: left\"><\/h6>\n<p align=\"JUSTIFY\">L\u2019ambito riconoscimento va a puntare il dito, annualmente, non solo su nomi di chiara fama nell\u2019ambito delle Arti in genere, ma mette in risalto anche giovani eccellenze che si aprono a un futuro ricco di speranze.<\/p>\n<h6 style=\"text-align: left\"><\/h6>\n<p align=\"JUSTIFY\">La Giuria internazionale, composta da sei giurati e presieduta dall\u2019illustre Storico dell\u2019Arte Moderna e Contemporanea, Prof. Carlo Franza, intellettuale di chiara fama, attraverso pi\u00f9 sessioni di lavoro ha proceduto anche quest&#8217;anno alla rosa dei vincitori.<\/p>\n<h6 style=\"text-align: left\"><\/h6>\n<p>&nbsp;<\/p>\n<h6 style=\"text-align: left\"><\/h6>\n<h4 align=\"CENTER\">VINCITORI<\/h4>\n<h6 style=\"text-align: left\"><\/h6>\n<h6 style=\"text-align: left\"><\/h6>\n<p align=\"CENTER\"><em>Premio delle Arti <\/em><em><strong>ARMANDO MARROCCO<\/strong><\/em><em> <\/em><\/p>\n<p align=\"CENTER\"><em>Premio della Cultura<\/em><em><strong>PAOLO DI STEFANO<\/strong><\/em><em><strong> (Corriere della Sera)<\/strong><\/em><\/p>\n<h6 style=\"text-align: left\"><\/h6>\n<p align=\"CENTER\"><em>Artista dell&#8217;anno<\/em><strong> TURI SIMETI<\/strong><\/p>\n<h6 style=\"text-align: left\"><\/h6>\n<p align=\"CENTER\"><em>Premio della Critica <\/em><strong>VINCENZO PAREA <\/strong><\/p>\n<p align=\"CENTER\"><strong><\/strong><em>Premio della Giuria <\/em><strong>VINCENZO PELLITTA <\/strong><\/p>\n<h6 style=\"text-align: left\"><\/h6>\n<p align=\"CENTER\"><em>Premio dei Musei <\/em><strong>RAFFAELE SCAGLIONE<\/strong><\/p>\n<h6 style=\"text-align: left\"><\/h6>\n<p align=\"CENTER\"><em>Premio delle Nazioni <\/em><strong>MARIA MASTRANGELO <\/strong><\/p>\n<p align=\"CENTER\"><strong><\/strong><em>Premio dell\u2019Europa<\/em><strong> EMANUELA PUGLIESE<\/strong><\/p>\n<h6 style=\"text-align: left\"><\/h6>\n<p align=\"CENTER\"><em>Premio delle Esposizioni <\/em><strong>ADOLFO\u00a0 DE TURRIS <\/strong><\/p>\n<p align=\"CENTER\"><strong><\/strong><em>Artista Emergente <\/em><em><strong>DOMENICO GHIRO<\/strong><\/em><\/p>\n<h6 style=\"text-align: left\"><\/h6>\n<p align=\"CENTER\"><em>Pittura <\/em><em><strong>GABRIELLA VENTAVOLI\u00a0 <\/strong><\/em><em>Scultura <\/em><em><strong>ANDREAS MIGGIANO <\/strong><\/em><\/p>\n<h6 style=\"text-align: left\"><\/h6>\n<p align=\"CENTER\"><em>Moda <\/em><strong>GIUSEPPE PATANE&#8217;<\/strong><\/p>\n<h6 style=\"text-align: left\"><\/h6>\n<p align=\"CENTER\"><em>Narrativa <\/em><strong>ANDREA SETTEMBRINI <\/strong>Poesia <em><strong>WALTER TRESOLDI <\/strong><\/em><\/p>\n<h6 style=\"text-align: left\"><\/h6>\n<p align=\"CENTER\"><em>Musica <\/em><em><strong>GIULIO TAMPALINI<\/strong><\/em><\/p>\n<h6 style=\"text-align: left\"><\/h6>\n<p align=\"CENTER\"><em>Arte del Gusto <\/em><strong>AZIENDA GIGLIOTTO TENUTE <\/strong><strong>(Piazza Armerina-Enna)<\/strong><\/p>\n<h6 style=\"text-align: left\"><\/h6>\n<p align=\"CENTER\"><em>Imprenditoria<\/em><strong> AZIENDA AGRICOLA RUSSO VIVAI <\/strong><strong>(Randazzo-CT)<\/strong><\/p>\n<h6 style=\"text-align: left\"><\/h6>\n<h6 style=\"text-align: left\"><\/h6>\n<p align=\"LEFT\"><strong>Ecco alcune Motivazioni:<\/strong><\/p>\n<h6 style=\"text-align: left\"><\/h6>\n<h6 style=\"text-align: left\"><\/h6>\n<p align=\"LEFT\"><strong>Premio delle Arti<\/strong><\/p>\n<p align=\"LEFT\"><strong>Conferito a Armando Marrocco<\/strong><\/p>\n<p align=\"LEFT\"><strong><\/strong><strong>Motivazione<\/strong><\/p>\n<p align=\"LEFT\"><strong><\/strong>Con una lucida e creativa coscienza del fare Armando Marrocco \u00e8 riuscito nel suo percorso artistico a campionare capitoli di indagine e rilettura del mondo, ponendosi nuovo sciamano, neospazialista di sorprendente vitalit\u00e0 e artista come pochi anche nell&#8217;arte sacra di cui ne sono testimonianza le ideazioni e costruzioni sparse in Italia.<\/p>\n<h6 style=\"text-align: left\"><\/h6>\n<h6 style=\"text-align: left\"><\/h6>\n<p align=\"JUSTIFY\"><strong>Premio della Cultura<\/strong><\/p>\n<h6 style=\"text-align: left\"><\/h6>\n<p align=\"JUSTIFY\"><strong>Conferito a Paolo Di Stefano<\/strong><\/p>\n<h6 style=\"text-align: left\"><\/h6>\n<p align=\"JUSTIFY\"><strong>Motivazione <\/strong><\/p>\n<h6 style=\"text-align: left\"><\/h6>\n<p align=\"JUSTIFY\">Per la manifesta preparazione letteraria, la scrittura giornalistica e la cultura, che fanno di Paolo Di Stefano, firma de Il Corriere della Sera, uno dei giornalisti italiani maggiormente capaci di comunicare con esperta limpidit\u00e0 di linguaggio, ponendosi anche scrittore di grandi interessi, di collaudata storia letteraria e di grande libert\u00e0.<\/p>\n<h6 style=\"text-align: left\"><\/h6>\n<h6 style=\"text-align: left\"><\/h6>\n<p><strong>Premio Artista dell\u2019Anno<\/strong><\/p>\n<h6 style=\"text-align: left\"><\/h6>\n<p><strong>Conferito a Turi Simeti<\/strong><\/p>\n<h6 style=\"text-align: left\"><\/h6>\n<p><strong>Motivazione<\/strong><\/p>\n<h6 style=\"text-align: left\"><\/h6>\n<p align=\"JUSTIFY\">Turi Simeti \u00e8 uno dei pi\u00f9 significativi artisti italiani del nostro tempo, partecipe di prestigiosissimi inviti pubblici e mostre, per via di una lezione spazialista che innerva e plasma il suo lavoro di estroflessioni, tanto che le opere vivono un viaggio di sapore eracliteo verso \u201cl&#8217;inizio del mondo\u201d, come scolpite da una nostalgia; e con questo modellare monocromamente lo spazio-natura, Simeti fa testimonianza intellettiva di rigore, valore e unicit\u00e0.<\/p>\n<h6 style=\"text-align: left\"><\/h6>\n<h4 align=\"JUSTIFY\"><\/h4>\n<h6 style=\"text-align: left\"><\/h6>\n<h4><\/h4>\n<h6 style=\"text-align: left\"><\/h6>\n<p align=\"LEFT\"><strong>Premio della Critica<\/strong><\/p>\n<h6 style=\"text-align: left\"><\/h6>\n<p align=\"LEFT\"><strong>Conferito a Vincenzo Parea <\/strong><\/p>\n<h6 style=\"text-align: left\"><\/h6>\n<p><strong>Motivazione<\/strong><\/p>\n<h6 style=\"text-align: left\"><\/h6>\n<p align=\"JUSTIFY\">Per la sua astrazione concettuale affidata a monocromie che si accendono anche di strutture interne geometriche tonali, Vincenzo Parea si pone artista concettuale di portata extraeuropea, e ci consegna forme e composizioni con il senso dell&#8217;armonia, della misura, della generazione, e della luce-colore sempre ascensionale.<\/p>\n<h6 style=\"text-align: left\"><\/h6>\n<p align=\"JUSTIFY\">\u00a0<strong>Premio dei Musei<\/strong><\/p>\n<h6 style=\"text-align: left\"><\/h6>\n<h6 style=\"text-align: left\"><\/h6>\n<p align=\"JUSTIFY\"><strong>Conferito a Raffaele Scaglione <\/strong><\/p>\n<h6 style=\"text-align: left\"><\/h6>\n<p align=\"JUSTIFY\"><strong>Motivazione <\/strong>La leggibilit\u00e0 del mondo, i linguaggi del mondo, le simbolicit\u00e0 e i vessilli di ogni popolo, l&#8217;arte come elemento di linguaggio elettivo, tutto ci\u00f2 fa di Raffaele Scaglione uno degli artisti pi\u00f9 innovativi del nostro tempo.<\/p>\n<h6 style=\"text-align: left\"><\/h6>\n<h6 style=\"text-align: left\"><\/h6>\n<p><strong>Premio della Giuria<\/strong><\/p>\n<h6 style=\"text-align: left\"><\/h6>\n<p><strong>Conferito a Vincenzo Pellitta <\/strong><\/p>\n<p><strong>Motivazione<\/strong><\/p>\n<h6 style=\"text-align: left\"><\/h6>\n<p align=\"JUSTIFY\"><span style=\"color: #000000\"><span style=\"font-size: medium\">Per le sue strutture geometriche minimaliste capaci di relazionare forma e informe, per la narrativit\u00e0 interna delle opere che si liberano tra diversi materiali anche specchianti, per tutto ci\u00f2 Vincenzo Pellitta ha costruito con seriet\u00e0 e metodicit\u00e0 un percorso artistico di grande fascino, rigore e sensibile lezione geometrico-concettuale.<\/span><\/span><\/p>\n<h6 style=\"text-align: left\"><\/h6>\n<h6 style=\"text-align: left\"><\/h6>\n<p align=\"JUSTIFY\">\u00a0<strong>Premio delle Esposizioni<\/strong><\/p>\n<h6 style=\"text-align: left\"><\/h6>\n<p><strong>Conferito a Adolfo De Turris <\/strong><\/p>\n<h6 style=\"text-align: left\"><\/h6>\n<p><strong>Motivazione<\/strong><\/p>\n<h6 style=\"text-align: left\"><\/h6>\n<p align=\"JUSTIFY\">Storie del mondo, impaginazioni di civilt\u00e0, vivace attenzione all&#8217;immaginario e mistiche sublimazioni del reale fanno di Adolfo De Turris l&#8217;artista della sintesi che, con padronanza e impegno, si \u00e8 avventurato su astrazioni surreali in bilico tra realt\u00e0 e incanto.<\/p>\n<p align=\"JUSTIFY\">\u00a0<strong>Premio Artista Emergente <\/strong><\/p>\n<p align=\"JUSTIFY\"><strong><\/strong><strong>Conferito a Ghiro Domenico <\/strong><\/p>\n<p align=\"JUSTIFY\"><strong><\/strong><strong>Motivazione<\/strong><\/p>\n<p align=\"LEFT\"><strong><\/strong>Per aver realizzato nel vetro e nel cristallo sviluppato con la sua arte, una particolare descrizione di quel piccolo mondo antico che giornalmente ci circonda, dando preziosit\u00e0 ai suoi oggetti fatti di luce e trasparenza.<\/p>\n<p align=\"LEFT\"><strong>Premio per la Pittura <\/strong><\/p>\n<p align=\"LEFT\"><strong><\/strong><strong>Conferito a Gabriella Ventavoli<\/strong><\/p>\n<p align=\"LEFT\"><strong><\/strong><strong>Motivazione<\/strong><\/p>\n<p align=\"LEFT\"><strong><\/strong>Per la seria, ideativa, mirata e profonda lezione sulla natura che Gabriella Ventavoli da anni porta avanti nella pittura; lezione pittorica che si innerva nello spirito e nelle richieste del nostro tempo, e capace ancor pi\u00f9 di sottolineare come i 4 elementi del mondo, e tra questi l&#8217;acqua, siano il motore creativo del suo scavo poetico, la perla dell&#8217;impegno e della ricerca.<\/p>\n<h6 style=\"text-align: left\"><\/h6>\n<p align=\"JUSTIFY\"><strong>Premio per la Scultura <\/strong><\/p>\n<p align=\"JUSTIFY\"><strong><\/strong><strong>Conferito a Andreas Miggiano<\/strong><\/p>\n<p align=\"JUSTIFY\"><strong><\/strong><strong>Motivazione <\/strong><\/p>\n<p align=\"JUSTIFY\"><strong><\/strong>Per le sue pareti appiumate di cera, e le sculture liberate attorno a una ideazione naturale, Andreas Miggiano si accerta novello artista che \u00e8 stato capace di campionare una personale ricerca di spazio e materia.<\/p>\n<h6 style=\"text-align: left\"><\/h6>\n<h6 style=\"text-align: left\"><\/h6>\n<p align=\"JUSTIFY\"><strong>Premio per la Moda <\/strong><\/p>\n<p align=\"JUSTIFY\"><strong><\/strong><strong>Conferito a Giuseppe Patan\u00e8 <\/strong><\/p>\n<p align=\"JUSTIFY\"><strong><\/strong><strong>Motivazione <\/strong><\/p>\n<p align=\"JUSTIFY\"><strong><\/strong>Progettualit\u00e0, stile, meravigliose creazioni, splendidi abiti dove i colori cantano la sua terra, stoffe preziose, eleganza, seduzione, cuore e atmosfere, tutto si intreccia nelle personalissime collezioni che portano il suo nome. Il nome di Giuseppe Patan\u00e8, stilista italiano ormai conosciuto in tutto il mondo, miglior talento e miglior stilista 2014, \u00e8 patrimonio artistico acclarato dell&#8217;alta moda italiana.<\/p>\n<h6 style=\"text-align: left\"><\/h6>\n<h6 style=\"text-align: left\"><\/h6>\n<p align=\"JUSTIFY\"><strong>Premio per la Narrativa <\/strong><\/p>\n<p align=\"JUSTIFY\"><strong><\/strong><strong>Conferito a Andrea Settembrini<\/strong><\/p>\n<p align=\"JUSTIFY\"><strong><\/strong><strong>Motivazione<\/strong><\/p>\n<p align=\"JUSTIFY\"><strong><\/strong>La giovane produzione narrativa di Andrea Settembrini mette a fuoco, in modo unico e prezioso, i gravi e sensibili problemi del nostro tempo, con una umana e febbrile scrittura ed anche una implacabile complessit\u00e0 ambientale e psicologica, porgendoci uno spaccato scientifico di vita epocale scavata fra le pieghe della storia e del mondo.<\/p>\n<h6 style=\"text-align: left\"><\/h6>\n<h6 style=\"text-align: left\"><\/h6>\n<p align=\"JUSTIFY\"><strong>Premio per la Poesia <\/strong><\/p>\n<p align=\"JUSTIFY\"><strong><\/strong><strong>Conferito a Walter Tresoldi<\/strong><\/p>\n<p align=\"JUSTIFY\"><strong><\/strong><strong>Motivazione <\/strong><\/p>\n<p align=\"JUSTIFY\"><strong><\/strong>Poesia come filosofia e sguardo sul mondo esteriore e interiore; cos\u00ec vive la grande poesia di Walter Tresoldi, poeta italiano che ci ha gi\u00e0 consegnato tre libri di poesia capaci di porgerci l&#8217;immediatezza del vivere, l&#8217;ansia del quotidiano, la presenza umana costante, tanto che ormai i suoi versi sono pensiero, ricordo, colloquio e soliloquio, storia e racconto.<\/p>\n<h6 style=\"text-align: left\"><\/h6>\n<p align=\"JUSTIFY\"><strong>Premio per la Musica<\/strong><\/p>\n<p align=\"JUSTIFY\"><strong>Conferito a Giulio Tampalini<\/strong><\/p>\n<p align=\"JUSTIFY\"><strong><\/strong><strong>Motivazione<\/strong><\/p>\n<p align=\"JUSTIFY\"><strong><\/strong>Interprete musicale, ricercatore instancabile, ha affinato negli anni melodia e suono, specie nell&#8217;uso della chitarra, divenendo cos\u00ec un nome di rilievo del panorama musicale internazionale.<\/p>\n<h6 style=\"text-align: left\"><\/h6>\n<h6 style=\"text-align: left\"><\/h6>\n<p align=\"JUSTIFY\"><strong>Premio per Arte del Gusto<\/strong><\/p>\n<p align=\"JUSTIFY\"><strong><\/strong><strong>Conferito a Azienda Gigliotto Tenute di Piazza Armerina (Enna)<\/strong><\/p>\n<p align=\"JUSTIFY\"><strong><\/strong><strong>Motivazione<\/strong><\/p>\n<p align=\"JUSTIFY\"><strong><\/strong>La giuria internazionale ha scelto quest&#8217;anno 2014 l&#8217;azienda \u201cGigliotto Tenute\u201d di Piazza Armerina(Enna) in quanto massimamente distinta, con lode, per il Premio Arte del Gusto a motivo dei suoi vini di inconfondibile portata, il cui marchio si apparenta cos\u00ec tra i grandi loghi internazionali per la cultura della lavorazione del prodotto, per la tradizione di antica casata, e per l&#8217;inconfondibile aspetto gradevole dei suoi vini, che unitamente ad amabilit\u00e0, corpo, gusto e persistenza, danno prova d&#8217;essere vera eccellenza italiana nel mondo.<\/p>\n<h6 style=\"text-align: left\"><\/h6>\n<p><strong>Premio per l&#8217;Imprenditoria <\/strong><\/p>\n<p><strong><\/strong><strong>Conferito a Azienda Agricola Russo Vivai di Randazzo (Catania)<\/strong><\/p>\n<p><strong><\/strong><strong>Motivazione <\/strong><\/p>\n<p><strong><\/strong>Professionalit\u00e0, imprenditorialit\u00e0 ed esperienza fanno dell&#8217;Azienda Agricola Russo Vivai di Randazzo un&#8217;azienda innovativa e dinamica, attiva nella speciale selezione di piante di ogni tipo e fiori, offrendo alla clientela servizi di altissima qualit\u00e0 a seguito dell&#8217;esperienza maturata nel corso degli anni. Per tutto ci\u00f2 l&#8217;Azienda Russo Vivai \u00e8 diventata un&#8217;importante realt\u00e0 europea nel mondo del verde, e presenza certa tra i leader europei del made in Italy.<\/p>\n<p align=\"JUSTIFY\"><strong>Carlo Franza<\/strong><\/p>\n","protected":false},"excerpt":{"rendered":"<p><p>PREMIO DELLE ARTI PREMIO DELLA CULTURA MILANO 2014 XXVI EDIZIONE \u00a0Premiazione dei Vincitori del Premio delle Arti Premio della Cultura Edizione XXVI del 2014 Circolo della Stampa di Milano, Palazzo Bocconi, Corso Venezia 48 &nbsp; Durante la cerimonia di premiazione, il Professor Carlo Franza, Storico dell&#8217;Arte Moderna e Contemporanea e Presidente della Giuria, ha tenuto una lectio magistralis su \u201cScenari e sviluppi dell&#8217;arte italiana, europea e internazionale\u201d Il Premio Internazionale fondato a Milano nel 1988, da un drappello di valorosi uomini di cultura, \u00e8 ormai istituzione di vasto respiro culturale, capace ancora di indicare e campionare al pubblico internazionale nomi [&hellip;]<\/p>\n&nbsp;&nbsp;<div class=\"readmore\"><a href=\"https:\/\/blog.ilgiornale.it\/franza\/2014\/12\/21\/premio-delle-arti-premio-della-cultura-xxvi-edizione-2014-assegnati-a-milano-a-eccellenze-dellarte-della-cultura-della-moda-del-gusto-e-dellimprenditoria\/\">Continua a leggere...<\/a><\/div><\/p>","protected":false},"author":1009,"featured_media":0,"comment_status":"open","ping_status":"closed","sticky":false,"template":"","format":"standard","meta":[],"categories":[59281,35499,9894,53794,44545,87,35351,16571,7575,64,28369,774,17494],"tags":[59486,44817,44524,59480,41630,944,51622,59484,48959,59478,59483,53885,53595,53594,59485,59479],"_links":{"self":[{"href":"https:\/\/blog.ilgiornale.it\/franza\/wp-json\/wp\/v2\/posts\/3778"}],"collection":[{"href":"https:\/\/blog.ilgiornale.it\/franza\/wp-json\/wp\/v2\/posts"}],"about":[{"href":"https:\/\/blog.ilgiornale.it\/franza\/wp-json\/wp\/v2\/types\/post"}],"author":[{"embeddable":true,"href":"https:\/\/blog.ilgiornale.it\/franza\/wp-json\/wp\/v2\/users\/1009"}],"replies":[{"embeddable":true,"href":"https:\/\/blog.ilgiornale.it\/franza\/wp-json\/wp\/v2\/comments?post=3778"}],"version-history":[{"count":6,"href":"https:\/\/blog.ilgiornale.it\/franza\/wp-json\/wp\/v2\/posts\/3778\/revisions"}],"predecessor-version":[{"id":3785,"href":"https:\/\/blog.ilgiornale.it\/franza\/wp-json\/wp\/v2\/posts\/3778\/revisions\/3785"}],"wp:attachment":[{"href":"https:\/\/blog.ilgiornale.it\/franza\/wp-json\/wp\/v2\/media?parent=3778"}],"wp:term":[{"taxonomy":"category","embeddable":true,"href":"https:\/\/blog.ilgiornale.it\/franza\/wp-json\/wp\/v2\/categories?post=3778"},{"taxonomy":"post_tag","embeddable":true,"href":"https:\/\/blog.ilgiornale.it\/franza\/wp-json\/wp\/v2\/tags?post=3778"}],"curies":[{"name":"wp","href":"https:\/\/api.w.org\/{rel}","templated":true}]}}