{"id":39616,"date":"2026-01-02T17:55:11","date_gmt":"2026-01-02T17:55:11","guid":{"rendered":"https:\/\/blog.ilgiornale.it\/franza\/?p=39616"},"modified":"2026-01-02T17:55:11","modified_gmt":"2026-01-02T17:55:11","slug":"claudio-cargiolli-con-oltre-la-trama-e-larcheologia-del-cuore-la-mostra-al-museo-diocesano-di-massa","status":"publish","type":"post","link":"https:\/\/blog.ilgiornale.it\/franza\/2026\/01\/02\/claudio-cargiolli-con-oltre-la-trama-e-larcheologia-del-cuore-la-mostra-al-museo-diocesano-di-massa\/","title":{"rendered":"Claudio Cargiolli con oltre la trama e l\u2019archeologia del cuore. La mostra al Museo Diocesano di Massa"},"content":{"rendered":"<p><a href=\"https:\/\/blog.ilgiornale.it\/franza\/files\/2026\/01\/Cargiolli-opera-1.jpg\"><img loading=\"lazy\" class=\"alignleft  wp-image-39617\" src=\"https:\/\/blog.ilgiornale.it\/franza\/files\/2026\/01\/Cargiolli-opera-1.jpg\" alt=\"\" width=\"415\" height=\"518\" srcset=\"https:\/\/blog.ilgiornale.it\/franza\/files\/2026\/01\/Cargiolli-opera-1.jpg 820w, https:\/\/blog.ilgiornale.it\/franza\/files\/2026\/01\/Cargiolli-opera-1-240x300.jpg 240w, https:\/\/blog.ilgiornale.it\/franza\/files\/2026\/01\/Cargiolli-opera-1-768x959.jpg 768w\" sizes=\"(max-width: 415px) 100vw, 415px\" \/><\/a>Il\u00a0<strong>Museo Diocesano di Massa ha<\/strong>\u00a0inaugurato \u201c<em>Oltre la trama<\/em>\u201d, una mostra di\u00a0<strong>Claudio Cargiolli<\/strong>\u00a0promossa dall&#8217;<strong>Associazione Quattro Coronati<\/strong>\u00a0in collaborazione con il Museo, visitabile fino al<a href=\"https:\/\/blog.ilgiornale.it\/franza\/files\/2026\/01\/cargiolli-opera-2-e1767376273362.jpg\"><img loading=\"lazy\" class=\" wp-image-39618 alignright\" src=\"https:\/\/blog.ilgiornale.it\/franza\/files\/2026\/01\/cargiolli-opera-2-e1767376273362.jpg\" alt=\"\" width=\"416\" height=\"544\" \/><\/a>l\u201911 gennaio 2026. L&#8217;esposizione \u00e8 accompagnata da un testo critico di Mauro Daniele Lucchesi e Alessandro Romanini. L&#8217;iniziativa offre al pubblico un&#8217;immersione nell&#8217;universo creativo di Claudio Cargiolli, artista toscano protagonista di un percorso di ricerca che, dagli esordi negli anni Settanta, ha dato vita a un linguaggio pittorico originale, complesso e perfettamente riconoscibile. Dalle prime esposizioni presentate da Pier Carlo Santini sino alle pi\u00f9 recenti sperimentazioni, Cargiolli ha elaborato un autentico alfabeto espressivo in cui immaginazione e rigore compositivo convivono in equilibrio.<\/p>\n<p><strong>Le sue opere di pittura, caratterizzate da una raffinata architettura interna, invitano lo spettatore a superare la semplice fruizione visiva per entrare in un processo attivo di interpretazione. Cargiolli costruisce infatti dispositivi narrativi che interpellano l&#8217;osservatore, chiamato a ricostruire una personale \u201carcheologia del cuore\u201d e a generare nuove narrazioni a partire da frammenti, simboli e riferimenti che popolano la superficie pittorica.<\/strong><\/p>\n<p>La mostra mette in luce la capacit\u00e0 dell&#8217;artista di coniugare disciplina geometrica e slancio poetico, articolando profondit\u00e0 di campo, piani narrativi e richiami intertestuali secondo una grammatica visiva che dialoga tanto con la tradizione occidentale <a href=\"https:\/\/blog.ilgiornale.it\/franza\/files\/2026\/01\/cargiolli-opera-3-e1767376303395.jpg\"><img loading=\"lazy\" class=\"alignleft size-full wp-image-39619\" src=\"https:\/\/blog.ilgiornale.it\/franza\/files\/2026\/01\/cargiolli-opera-3-e1767376303395.jpg\" alt=\"\" width=\"400\" height=\"289\" \/><\/a>quanto con suggestioni provenienti dalla miniatura orientale. <strong>Prospettive illusive, pattern decorativi, diagonali luminose e scarti visivi guidano lo sguardo attraverso composizioni che evocano dispositivi teatrali e cinematografici.<\/strong><\/p>\n<p>\u00ab<em>La composizione messa in atto da Cargiolli<\/em>\u00a0\u2013\u00a0<strong>spiegano Mauro Daniele Lucchesi e Alessandro Romanini\u00a0<\/strong>\u2013\u00a0<em>\u00e8 una<a href=\"https:\/\/blog.ilgiornale.it\/franza\/files\/2026\/01\/cargiolli-opera-4-e1767376333990.jpg\"><img loading=\"lazy\" class=\" wp-image-39620 alignright\" src=\"https:\/\/blog.ilgiornale.it\/franza\/files\/2026\/01\/cargiolli-opera-4-e1767376333990.jpg\" alt=\"\" width=\"437\" height=\"440\" \/><\/a> sapiente distillazione di elementi spaziali e linguistici, un vero e proprio linguaggio cinematografico. Un lavoro sulla profondit\u00e0 di campo (anche quando sembra rinunciare all&#8217;articolazione dei piani e alla profondit\u00e0 prospettica a favore della bidimensionalit\u00e0 e dell&#8217;appiattimento visuale), che richiede un raffinato &#8220;montaggio interno&#8221; basato sull&#8217;orchestrazione e sulla coreografia di personaggi, oggetti ed elementi naturali. Il percorso espositivo \u2013 proseguono \u2013 evidenzia inoltre l&#8217;evoluzione del linguaggio di Cargiolli: dalla solidit\u00e0 prospettica dei primi lavori sino all&#8217;essenzialit\u00e0 delle opere pi\u00f9 recenti, in cui la bidimensionalit\u00e0 diventa scelta consapevole che esalta la forza simbolica delle immagini.<\/em><br \/>\n<em>Una pittura che, nella sua ricchezza di rimandi culturali e nella sua levit\u00e0 calviniana, riafferma con vigore la vitalit\u00e0 del mezzo pittorico. Una mostra \u2013 concludono Lucchesi e Romanini \u2013 che offre al pubblico un&#8217;occasione preziosa per riscoprire un artista la cui opera continua a sorprendere per profondit\u00e0, eleganza compositiva e potenza immaginativa<\/em>\u00bb.<\/p>\n<p><strong>Claudio Cargiolli \u2013 <\/strong>Nato nel 1952 a Ponzanello, borgo vicino a Fosdinovo (Massa-Carrara), Claudio Cargiolli ha studiato al Liceo Artistico e all&#8217;Accademia di Belle Arti di Carrara, dove vive e lavora. Fin dagli esordi ha mostrato una curiosit\u00e0 e una libert\u00e0 espressiva che lo hanno portato a privilegiare immaginazione e fantasia, mantenendosi lontano dalle mode e concentrandosi sulla ricerca della &#8220;buona pittura&#8221;. Dal 1968 ha partecipato a numerose rassegne e la sua prima mostra personale risale al 1971.<\/p>\n<p><strong>Carlo Franza <\/strong><\/p>\n<p>&nbsp;<\/p>\n","protected":false},"excerpt":{"rendered":"<p><p>Il\u00a0Museo Diocesano di Massa ha\u00a0inaugurato \u201cOltre la trama\u201d, una mostra di\u00a0Claudio Cargiolli\u00a0promossa dall&#8217;Associazione Quattro Coronati\u00a0in collaborazione con il Museo, visitabile fino all\u201911 gennaio 2026. L&#8217;esposizione \u00e8 accompagnata da un testo critico di Mauro Daniele Lucchesi e Alessandro Romanini. L&#8217;iniziativa offre al pubblico un&#8217;immersione nell&#8217;universo creativo di Claudio Cargiolli, artista toscano protagonista di un percorso di ricerca che, dagli esordi negli anni Settanta, ha dato vita a un linguaggio pittorico originale, complesso e perfettamente riconoscibile. Dalle prime esposizioni presentate da Pier Carlo Santini sino alle pi\u00f9 recenti sperimentazioni, Cargiolli ha elaborato un autentico alfabeto espressivo in cui immaginazione e rigore compositivo [&hellip;]<\/p>\n&nbsp;&nbsp;<div class=\"readmore\"><a href=\"https:\/\/blog.ilgiornale.it\/franza\/2026\/01\/02\/claudio-cargiolli-con-oltre-la-trama-e-larcheologia-del-cuore-la-mostra-al-museo-diocesano-di-massa\/\">Continua a leggere...<\/a><\/div><\/p>","protected":false},"author":1009,"featured_media":0,"comment_status":"open","ping_status":"closed","sticky":false,"template":"","format":"standard","meta":[],"categories":[59281,53889,53888,53710,9894,10357,180472,44441,87,35351,26,17505,35188,28369,28291],"tags":[600735,600736,600734,355195],"_links":{"self":[{"href":"https:\/\/blog.ilgiornale.it\/franza\/wp-json\/wp\/v2\/posts\/39616"}],"collection":[{"href":"https:\/\/blog.ilgiornale.it\/franza\/wp-json\/wp\/v2\/posts"}],"about":[{"href":"https:\/\/blog.ilgiornale.it\/franza\/wp-json\/wp\/v2\/types\/post"}],"author":[{"embeddable":true,"href":"https:\/\/blog.ilgiornale.it\/franza\/wp-json\/wp\/v2\/users\/1009"}],"replies":[{"embeddable":true,"href":"https:\/\/blog.ilgiornale.it\/franza\/wp-json\/wp\/v2\/comments?post=39616"}],"version-history":[{"count":1,"href":"https:\/\/blog.ilgiornale.it\/franza\/wp-json\/wp\/v2\/posts\/39616\/revisions"}],"predecessor-version":[{"id":39621,"href":"https:\/\/blog.ilgiornale.it\/franza\/wp-json\/wp\/v2\/posts\/39616\/revisions\/39621"}],"wp:attachment":[{"href":"https:\/\/blog.ilgiornale.it\/franza\/wp-json\/wp\/v2\/media?parent=39616"}],"wp:term":[{"taxonomy":"category","embeddable":true,"href":"https:\/\/blog.ilgiornale.it\/franza\/wp-json\/wp\/v2\/categories?post=39616"},{"taxonomy":"post_tag","embeddable":true,"href":"https:\/\/blog.ilgiornale.it\/franza\/wp-json\/wp\/v2\/tags?post=39616"}],"curies":[{"name":"wp","href":"https:\/\/api.w.org\/{rel}","templated":true}]}}