{"id":40921,"date":"2026-04-28T20:18:04","date_gmt":"2026-04-28T20:18:04","guid":{"rendered":"https:\/\/blog.ilgiornale.it\/franza\/?p=40921"},"modified":"2026-04-28T20:18:04","modified_gmt":"2026-04-28T20:18:04","slug":"pignotti-100-pop-esie-visive-al-mart-di-rovereto-in-occasione-del-suo-centesimo-compleanno","status":"publish","type":"post","link":"https:\/\/blog.ilgiornale.it\/franza\/2026\/04\/28\/pignotti-100-pop-esie-visive-al-mart-di-rovereto-in-occasione-del-suo-centesimo-compleanno\/","title":{"rendered":"Pignotti 100. Pop-esie visive al Mart di Rovereto in occasione del suo centesimo compleanno."},"content":{"rendered":"<p><a href=\"https:\/\/blog.ilgiornale.it\/franza\/files\/2026\/04\/03-lamberto-pignotti-guai-a-chi-si-agita-1968-collage-su-carta-mart-donazione-lamberto-pignotti.jpg\"><img loading=\"lazy\" class=\"alignleft  wp-image-40922\" src=\"https:\/\/blog.ilgiornale.it\/franza\/files\/2026\/04\/03-lamberto-pignotti-guai-a-chi-si-agita-1968-collage-su-carta-mart-donazione-lamberto-pignotti.jpg\" alt=\"\" width=\"569\" height=\"753\" srcset=\"https:\/\/blog.ilgiornale.it\/franza\/files\/2026\/04\/03-lamberto-pignotti-guai-a-chi-si-agita-1968-collage-su-carta-mart-donazione-lamberto-pignotti.jpg 981w, https:\/\/blog.ilgiornale.it\/franza\/files\/2026\/04\/03-lamberto-pignotti-guai-a-chi-si-agita-1968-collage-su-carta-mart-donazione-lamberto-pignotti-227x300.jpg 227w, https:\/\/blog.ilgiornale.it\/franza\/files\/2026\/04\/03-lamberto-pignotti-guai-a-chi-si-agita-1968-collage-su-carta-mart-donazione-lamberto-pignotti-775x1024.jpg 775w, https:\/\/blog.ilgiornale.it\/franza\/files\/2026\/04\/03-lamberto-pignotti-guai-a-chi-si-agita-1968-collage-su-carta-mart-donazione-lamberto-pignotti-768x1015.jpg 768w\" sizes=\"(max-width: 569px) 100vw, 569px\" \/><\/a>Il\u00a0<strong>Mart<\/strong>\u00a0<strong>omaggia<\/strong>\u00a0<strong>Lamberto Pignotti<\/strong>\u00a0<strong>con un focus espositivo a lui dedicato, in occasione del suo centesimo compleanno.<\/strong><\/p>\n<p>Tra i fondatori del\u00a0<strong>Gruppo 70<\/strong>\u00a0e del\u00a0<strong>Gruppo 63<\/strong>,\u00a0<strong>Lamberto Pignotti<\/strong>\u00a0ha segnato profondamente la neoavanguardia italiana, ha studiato e in qualche modo \u201crovesciato\u201d il mondo dei media con ironia critica, decostruendo la societ\u00e0 dei consumi e giocando con il linguaggio per renderlo \u201cvisibile\u201d e interrogativo.<\/p>\n<p>Realizzato in collaborazione con il\u00a0<strong>Collegio Cairoli di Pavia<\/strong>, il progetto si concentra principalmente sugli anni Sessanta e Settanta \u2013 i pi\u00f9 rivoluzionari e fertili della ricerca dell&#8217;artista. In questo periodo Pignotti teorizz\u00f2 e pratic\u00f2 la poesia tecnologica e visiva insieme agli altri membri del fiorentino\u00a0<strong>Gruppo 70<\/strong>, intrecciando parola, immagine, fotografie di cronaca, inserti pubblicitari e linguaggi della comunicazione di massa e della cultura pop, inclusi cinema e fumetto. La destrutturazione dei linguaggi prosegue negli anni successivi, con ricerche dedicate al rapporto tra pubblicit\u00e0 e universo femminile (al centro anche di numerosi studi teorici), sperimentazioni verbovisive ironiche legate al mondo dei rebus e indagini sul rapporto tra arte, poesia e sensi.<\/p>\n<p>In mostra una selezione di opere d&#8217;arte, libri d&#8217;artista, poesie sonore, corrispondenza, fotografie d&#8217;epoca, volantini, manifesti e materiali documentari restituiscono il fermento delle neo-avanguardie verbovisive. Accanto alle opere della\u00a0<strong>donazione Pignotti<\/strong>, generosamente giunta al Mart nel 2019, sono esposte opere e documenti della collezione\u00a0<strong>Archivio di Nuova Scrittura<\/strong>\u00a0e del deposito\u00a0<strong>Tullia Denza<\/strong>.<\/p>\n<p><strong>Lamberto Pignotti<\/strong>\u00a0(Firenze, 1926) \u00e8 uno dei principali protagonisti della poesia visiva e delle sperimentazioni verbo-visive in Italia. Figlio di un pittore, si forma e vive a Firenze fino al 1968, anno in<a href=\"https:\/\/blog.ilgiornale.it\/franza\/files\/2026\/04\/Lamberto-Pignotti-Journal-1967-Libro-d-artista-in-esemplare-unico-Mart-Donazione-Lamberto-Pignotti-e1777406934561.jpg\"><img loading=\"lazy\" class=\" wp-image-40924 alignright\" src=\"https:\/\/blog.ilgiornale.it\/franza\/files\/2026\/04\/Lamberto-Pignotti-Journal-1967-Libro-d-artista-in-esemplare-unico-Mart-Donazione-Lamberto-Pignotti-e1777406934561.jpg\" alt=\"\" width=\"563\" height=\"390\" \/><\/a> cui si trasferisce a Roma.<\/p>\n<p>Fin dagli anni Quaranta, assimilando le avanguardie storiche, avvia ricerche innovative che lo porteranno a sviluppare forme artistiche ibride tra parola e immagine. A partire dagli anni Cinquanta affianca all&#8217;attivit\u00e0 creativa un&#8217;intensa produzione saggistica e critica, collaborando con importanti testate come\u00a0<em>Paese Sera<\/em>,\u00a0<em>La Nazione<\/em>\u00a0e\u00a0<em>L&#8217;Unit\u00e0<\/em>, oltre che con programmi culturali della RAI.<\/p>\n<p>Nei primi anni Sessanta \u00e8 tra i pionieri della\u00a0<em>poesia tecnologica<\/em>\u00a0e della\u00a0<em>poesia visiva<\/em>, contribuendo alla loro definizione teorica e pratica. Nel 1963 fonda il Gruppo 70 e partecipa alla nascita del Gruppo 63, due momenti centrali della neoavanguardia italiana.<\/p>\n<p>Dal 1971 al 1996 insegna all&#8217;Universit\u00e0, prima alla Facolt\u00e0 di Architettura di Firenze e poi al DAMS di Bologna, approfondendo i rapporti tra avanguardie artistiche, mass media e nuovi media.<\/p>\n<p>La sua opera si caratterizza per un approccio multimediale e sinestetico: combina linguaggi visivi, verbali e sensoriali, dando vita a forme come collage poetici, cine-poesie, performance, happening e opere interattive (poesie da toccare, mangiare o ascoltare).<\/p>\n<p>Autore prolifico, ha pubblicato numerosi libri di poesia, narrativa e saggistica con editori di rilievo come Mondadori ed Einaudi. Ha inoltre promosso mostre, festival e dibattiti sulla cultura contemporanea, partecipando attivamente alla scena artistica internazionale. Nel corso della sua carriera ha ricevuto importanti riconoscimenti, tra cui premi presieduti da figure come Eugenio Montale e Mario Luzi. La sua produzione \u00e8 ampiamente documentata in antologie, monografie e collezioni pubbliche e private, confermandolo come una figura centrale nella ricerca artistica tra parola, immagine e comunicazione di massa.<\/p>\n<p><strong>Carlo Franza<\/strong><\/p>\n<p>&nbsp;<\/p>\n","protected":false},"excerpt":{"rendered":"<p><p>Il\u00a0Mart\u00a0omaggia\u00a0Lamberto Pignotti\u00a0con un focus espositivo a lui dedicato, in occasione del suo centesimo compleanno. Tra i fondatori del\u00a0Gruppo 70\u00a0e del\u00a0Gruppo 63,\u00a0Lamberto Pignotti\u00a0ha segnato profondamente la neoavanguardia italiana, ha studiato e in qualche modo \u201crovesciato\u201d il mondo dei media con ironia critica, decostruendo la societ\u00e0 dei consumi e giocando con il linguaggio per renderlo \u201cvisibile\u201d e interrogativo. Realizzato in collaborazione con il\u00a0Collegio Cairoli di Pavia, il progetto si concentra principalmente sugli anni Sessanta e Settanta \u2013 i pi\u00f9 rivoluzionari e fertili della ricerca dell&#8217;artista. In questo periodo Pignotti teorizz\u00f2 e pratic\u00f2 la poesia tecnologica e visiva insieme agli altri membri del [&hellip;]<\/p>\n&nbsp;&nbsp;<div class=\"readmore\"><a href=\"https:\/\/blog.ilgiornale.it\/franza\/2026\/04\/28\/pignotti-100-pop-esie-visive-al-mart-di-rovereto-in-occasione-del-suo-centesimo-compleanno\/\">Continua a leggere...<\/a><\/div><\/p>","protected":false},"author":1009,"featured_media":0,"comment_status":"open","ping_status":"closed","sticky":false,"template":"","format":"standard","meta":[],"categories":[35499,9894,10357,44441,87,35224,17030,26,47,53842,28369,4625,409394,44754],"tags":[601276,601273,601275,591441,600739,601274,601277,406690,355195],"_links":{"self":[{"href":"https:\/\/blog.ilgiornale.it\/franza\/wp-json\/wp\/v2\/posts\/40921"}],"collection":[{"href":"https:\/\/blog.ilgiornale.it\/franza\/wp-json\/wp\/v2\/posts"}],"about":[{"href":"https:\/\/blog.ilgiornale.it\/franza\/wp-json\/wp\/v2\/types\/post"}],"author":[{"embeddable":true,"href":"https:\/\/blog.ilgiornale.it\/franza\/wp-json\/wp\/v2\/users\/1009"}],"replies":[{"embeddable":true,"href":"https:\/\/blog.ilgiornale.it\/franza\/wp-json\/wp\/v2\/comments?post=40921"}],"version-history":[{"count":3,"href":"https:\/\/blog.ilgiornale.it\/franza\/wp-json\/wp\/v2\/posts\/40921\/revisions"}],"predecessor-version":[{"id":40926,"href":"https:\/\/blog.ilgiornale.it\/franza\/wp-json\/wp\/v2\/posts\/40921\/revisions\/40926"}],"wp:attachment":[{"href":"https:\/\/blog.ilgiornale.it\/franza\/wp-json\/wp\/v2\/media?parent=40921"}],"wp:term":[{"taxonomy":"category","embeddable":true,"href":"https:\/\/blog.ilgiornale.it\/franza\/wp-json\/wp\/v2\/categories?post=40921"},{"taxonomy":"post_tag","embeddable":true,"href":"https:\/\/blog.ilgiornale.it\/franza\/wp-json\/wp\/v2\/tags?post=40921"}],"curies":[{"name":"wp","href":"https:\/\/api.w.org\/{rel}","templated":true}]}}