{"id":40950,"date":"2026-05-01T19:22:28","date_gmt":"2026-05-01T19:22:28","guid":{"rendered":"https:\/\/blog.ilgiornale.it\/franza\/?p=40950"},"modified":"2026-05-01T19:22:28","modified_gmt":"2026-05-01T19:22:28","slug":"lartista-vesna-pavan-si-aggiudica-il-premium-international-florence-seven-stars-2026-con-il-primato-dellarte-internazionale","status":"publish","type":"post","link":"https:\/\/blog.ilgiornale.it\/franza\/2026\/05\/01\/lartista-vesna-pavan-si-aggiudica-il-premium-international-florence-seven-stars-2026-con-il-primato-dellarte-internazionale\/","title":{"rendered":"L\u2019artista Vesna Pavan si aggiudica il Premium International Florence Seven Stars 2026 con il Primato dell\u2019Arte Internazionale"},"content":{"rendered":"<p><strong><a href=\"https:\/\/blog.ilgiornale.it\/franza\/files\/2026\/05\/20260327_1252471-e1777662563133.jpg\"><img loading=\"lazy\" class=\"alignleft  wp-image-40952\" src=\"https:\/\/blog.ilgiornale.it\/franza\/files\/2026\/05\/20260327_1252471-e1777662563133.jpg\" alt=\"\" width=\"235\" height=\"334\" \/><\/a>L\u2019artista Vesna Pavan residente e attiva a Milano \u00e8 stata individuata dalla giuria del Premium International Florence Se<a href=\"https:\/\/blog.ilgiornale.it\/franza\/files\/2026\/05\/image2-e1777662275513.jpeg\"><img loading=\"lazy\" class=\" wp-image-40951 alignright\" src=\"https:\/\/blog.ilgiornale.it\/franza\/files\/2026\/05\/image2-e1777662275513.jpeg\" alt=\"\" width=\"587\" height=\"392\" \/><\/a>ven Stars 2026 aggiudicandosi e vincendo il Primato dei nobel dell\u2019Arte Internazionale, per il recente capitolo di opere, decine e decine, che raccontano l\u2019urlo, il grido, l\u2019esistenza e la contemporaneit\u00e0;<\/strong> opere individuate non solo perch\u00e9 in linea con gli stilemi pi\u00f9 affascinanti dell\u2019arte tra primo e secondo Novecento, da Matisse a Picasso, ma soprattutto perch\u00e9 anticipano e diventano quasi profetiche\u00a0 di un divenire dell\u2019arte capace di guidare \u00a0e divenirne traccia alitante e fiammeggiante, cometa che taglia cielo e terra.<\/p>\n<p>Tra le numerose personalit\u00e0, intellettuali, artisti, diplomatici che quest\u2019anno si vedranno sulla Gran Terrazza del Plus Florence a Firenze che si affaccia sul Duomo di Firenze l\u2019illustre Ambasciatore italiano Massimo Spinetti che le consegner\u00e0 l\u2019ambito Premio italiano giunto alla XXVI edizione.<\/p>\n<p>Il Premio, sicuro vanto della Citt\u00e0 di Firenze, con la sua internazionalit\u00e0, vive destinazioni colte, <a href=\"https:\/\/blog.ilgiornale.it\/franza\/files\/2026\/05\/20260327_1250161-e1777662620693.jpg\"><img loading=\"lazy\" class=\"alignleft  wp-image-40953\" src=\"https:\/\/blog.ilgiornale.it\/franza\/files\/2026\/05\/20260327_1250161-e1777662620693.jpg\" alt=\"\" width=\"231\" height=\"327\" \/><\/a>mirate, professionali, va annualmente alle migliori figure delle Arti, della Diplomazia, del Giornalismo, della Cultura e della Scienza, alle Imprese Innovative, a quel Made in Italy con capacit\u00e0 tali di generare significative ricadute positive negli ambiti sociali, culturali, ambientali e produttivi. Sicch\u00e8 \u00e8 l\u2019assegnazione del Premium International<a href=\"https:\/\/blog.ilgiornale.it\/franza\/files\/2026\/05\/20260327_1250381-e1777662688400.jpg\"><img loading=\"lazy\" class=\" wp-image-40954 alignright\" src=\"https:\/\/blog.ilgiornale.it\/franza\/files\/2026\/05\/20260327_1250381-e1777662688400.jpg\" alt=\"\" width=\"198\" height=\"280\" \/><\/a> Florence Seven Stars ad accreditarne il valore, e ad esserne degna testimonianza. <strong>\u00a0<\/strong>La cerimonia di premiazione nel corso del Gran Concerto d\u2019Estate fiorentina tenuto da valenti professionisti dell\u2019Accademia Fiorentina MusicArea di Firenze sul \u201cBelvedere\u201d del Plus Florence.<\/p>\n<p>La Giuria si \u00e8 soffermata su opere realizzate con acrilico e pennarello che\u00a0rivelano una formazione segnata da un\u2019attenzione compositiva dello spazio e da una sensibilit\u00e0 per la costruzione mentale dell\u2019immagine. La neo-figurazione di Vesna Pavan non \u00e8 mai semplice rappresentazione, bens\u00ec un campo di tensione tra corpo e linguaggio, tra immagine e ferita.<\/p>\n<p><strong>Ecco la motivazione<\/strong> <strong>del <\/strong><strong><em>Premio<\/em><\/strong> a Vesna Pavan: <strong>\u201cL\u2019artista di chiara fama internazionale Vesna Pavan residente e attiva a Milano \u00e8 stata individuata, scelta e imposta dalla giuria del Premium International Florence Seven Stars 2026 aggiudicandosi e vincendo il Primato dei Nobel dell\u2019Arte Internazionale, per il recente capitolo di opere, decine e decine, che raccontano l\u2019urlo, il grido, l\u2019esistenza e la contemporaneit\u00e0; opere in<a href=\"https:\/\/blog.ilgiornale.it\/franza\/files\/2026\/05\/20260327_125314-e1777662752595.jpg\"><img loading=\"lazy\" class=\"alignleft  wp-image-40955\" src=\"https:\/\/blog.ilgiornale.it\/franza\/files\/2026\/05\/20260327_125314-e1777662752595.jpg\" alt=\"\" width=\"207\" height=\"298\" \/><\/a>dividuate non solo perch\u00e9 in linea con gli stilemi pi\u00f9 affascinanti e sibillini dell\u2019arte tra primo e secondo Novecento, avamposti del terzo millennio. Nobile lezione artistica quella di Vesna Pavan che si \u00e8 fatta ormai scuola internazionale\u201d. <\/strong><\/p>\n<p>Le figure che abitano i disegni su particolari carte -come si evince in opere visionate dalla giuria per l\u2019assegnazione di questo prestigiosissimo premio-<a href=\"https:\/\/blog.ilgiornale.it\/franza\/files\/2026\/05\/20260327_1253471-e1777662812135.jpg\"><img loading=\"lazy\" class=\" wp-image-40956 alignright\" src=\"https:\/\/blog.ilgiornale.it\/franza\/files\/2026\/05\/20260327_1253471-e1777662812135.jpg\" alt=\"\" width=\"221\" height=\"320\" \/><\/a> non sono ritratti convenzionali, ma <strong>apparizioni<\/strong>; emergono da campiture stratificate e trame geometriche, solcate da segni forti che incidono la superficie come cicatrici. In un racconto frammentato fatto di contraddizioni, pensieri e stati interiori, i suoi lavori riflettono la complessit\u00e0 dell\u2019esperienza umana: ogni figura, ogni dettaglio diventa parte di una costellazione di significati in cui lo spettatore \u00e8 chiamato a trovare il proprio percorso, senza indicazioni univoche. Il suo approccio \u201cespressionista\u201d concentra la ricerca sulle emozioni umane, i conflitti interiori e gli stati d\u2019animo. Attraverso la combinazione di figure, colori, testi e forme geometriche, trasforma la complessit\u00e0 del mondo interiore e la natura stratificata dei sentimenti in un linguaggio visivo.<\/p>\n<p>Le opere recenti che in autunno andranno poi in mostra a Milano, non sono uno slogan ottimistico, ma una formula vincente, un gesto di resistenza pronunciato sull\u2019orlo della contraddizione; per Vesna Pavan, affermare che la vita \u00e8 \u201cbuona\u201d significa attraversarne il peso e la complessit\u00e0, senza ignorarne le incrinature, e questo premio ne \u00e8 <a href=\"https:\/\/blog.ilgiornale.it\/franza\/files\/2026\/05\/20260327_1254311-e1777662864552.jpg\"><img loading=\"lazy\" class=\"alignleft  wp-image-40957\" src=\"https:\/\/blog.ilgiornale.it\/franza\/files\/2026\/05\/20260327_1254311-e1777662864552.jpg\" alt=\"\" width=\"272\" height=\"392\" \/><\/a>degna testimonianza.<a href=\"https:\/\/blog.ilgiornale.it\/franza\/files\/2026\/05\/20260327_1254481-e1777662891481.jpg\"><img loading=\"lazy\" class=\" wp-image-40958 alignright\" src=\"https:\/\/blog.ilgiornale.it\/franza\/files\/2026\/05\/20260327_1254481-e1777662891481.jpg\" alt=\"\" width=\"271\" height=\"396\" \/><\/a><\/p>\n<p><strong>Carlo Franza <\/strong><\/p>\n<p><strong>\u00a0<\/strong><\/p>\n<p><strong>\u00a0<\/strong><\/p>\n","protected":false},"excerpt":{"rendered":"<p><p>L\u2019artista Vesna Pavan residente e attiva a Milano \u00e8 stata individuata dalla giuria del Premium International Florence Seven Stars 2026 aggiudicandosi e vincendo il Primato dei nobel dell\u2019Arte Internazionale, per il recente capitolo di opere, decine e decine, che raccontano l\u2019urlo, il grido, l\u2019esistenza e la contemporaneit\u00e0; opere individuate non solo perch\u00e9 in linea con gli stilemi pi\u00f9 affascinanti dell\u2019arte tra primo e secondo Novecento, da Matisse a Picasso, ma soprattutto perch\u00e9 anticipano e diventano quasi profetiche\u00a0 di un divenire dell\u2019arte capace di guidare \u00a0e divenirne traccia alitante e fiammeggiante, cometa che taglia cielo e terra. Tra le numerose personalit\u00e0, [&hellip;]<\/p>\n&nbsp;&nbsp;<div class=\"readmore\"><a href=\"https:\/\/blog.ilgiornale.it\/franza\/2026\/05\/01\/lartista-vesna-pavan-si-aggiudica-il-premium-international-florence-seven-stars-2026-con-il-primato-dellarte-internazionale\/\">Continua a leggere...<\/a><\/div><\/p>","protected":false},"author":1009,"featured_media":0,"comment_status":"open","ping_status":"closed","sticky":false,"template":"","format":"standard","meta":[],"categories":[59281,9894,10357,44441,87,35351,26,28369,774],"tags":[339861,601820,601821,355195,339862],"_links":{"self":[{"href":"https:\/\/blog.ilgiornale.it\/franza\/wp-json\/wp\/v2\/posts\/40950"}],"collection":[{"href":"https:\/\/blog.ilgiornale.it\/franza\/wp-json\/wp\/v2\/posts"}],"about":[{"href":"https:\/\/blog.ilgiornale.it\/franza\/wp-json\/wp\/v2\/types\/post"}],"author":[{"embeddable":true,"href":"https:\/\/blog.ilgiornale.it\/franza\/wp-json\/wp\/v2\/users\/1009"}],"replies":[{"embeddable":true,"href":"https:\/\/blog.ilgiornale.it\/franza\/wp-json\/wp\/v2\/comments?post=40950"}],"version-history":[{"count":4,"href":"https:\/\/blog.ilgiornale.it\/franza\/wp-json\/wp\/v2\/posts\/40950\/revisions"}],"predecessor-version":[{"id":40962,"href":"https:\/\/blog.ilgiornale.it\/franza\/wp-json\/wp\/v2\/posts\/40950\/revisions\/40962"}],"wp:attachment":[{"href":"https:\/\/blog.ilgiornale.it\/franza\/wp-json\/wp\/v2\/media?parent=40950"}],"wp:term":[{"taxonomy":"category","embeddable":true,"href":"https:\/\/blog.ilgiornale.it\/franza\/wp-json\/wp\/v2\/categories?post=40950"},{"taxonomy":"post_tag","embeddable":true,"href":"https:\/\/blog.ilgiornale.it\/franza\/wp-json\/wp\/v2\/tags?post=40950"}],"curies":[{"name":"wp","href":"https:\/\/api.w.org\/{rel}","templated":true}]}}