{"id":4096,"date":"2015-01-22T23:28:25","date_gmt":"2015-01-22T23:28:25","guid":{"rendered":"https:\/\/blog.ilgiornale.it\/franza\/?p=4096"},"modified":"2015-01-22T23:28:25","modified_gmt":"2015-01-22T23:28:25","slug":"andrea-branzi-riscopre-i-dolmen-e-la-condizione-delluomo","status":"publish","type":"post","link":"https:\/\/blog.ilgiornale.it\/franza\/2015\/01\/22\/andrea-branzi-riscopre-i-dolmen-e-la-condizione-delluomo\/","title":{"rendered":"Andrea Branzi riscopre i Dolmen e la condizione dell&#8217;uomo."},"content":{"rendered":"<p align=\"JUSTIFY\"><strong><span style=\"font-family: Times New Roman, serif\"><span style=\"font-size: medium\"><strong><a href=\"https:\/\/blog.ilgiornale.it\/franza\/files\/2015\/01\/ba958a82-d11d-4cd6-bc92-a452c9394a23.jpg\"><img loading=\"lazy\" class=\"alignleft size-full wp-image-4097\" style=\"width: 481px;height: 164px\" src=\"https:\/\/blog.ilgiornale.it\/franza\/files\/2015\/01\/ba958a82-d11d-4cd6-bc92-a452c9394a23.jpg\" alt=\"\" width=\"2946\" height=\"1115\" srcset=\"https:\/\/blog.ilgiornale.it\/franza\/files\/2015\/01\/ba958a82-d11d-4cd6-bc92-a452c9394a23.jpg 2946w, https:\/\/blog.ilgiornale.it\/franza\/files\/2015\/01\/ba958a82-d11d-4cd6-bc92-a452c9394a23-300x113.jpg 300w, https:\/\/blog.ilgiornale.it\/franza\/files\/2015\/01\/ba958a82-d11d-4cd6-bc92-a452c9394a23-1024x387.jpg 1024w\" sizes=\"(max-width: 2946px) 100vw, 2946px\" \/><\/a>Andrea Branzi \u00e8<\/strong><\/span><\/span><\/strong><span style=\"font-family: Times New Roman, serif\"><span style=\"font-size: medium\"><strong> presso la Galleria Antonia Jannone di Milano con un nuovo progetto espositivo: 15 modelli, \u201c<\/strong><\/span><\/span><em><span style=\"font-family: Times New Roman, serif\"><span style=\"font-size: medium\"><strong>Dolmen\u201d<\/strong><\/span><\/span><\/em><span style=\"font-family: Times New Roman, serif\"><span style=\"font-size: medium\"><strong>, realizzati in vetro, plexiglass, plastilina e creta, frutto delle sue pi\u00f9 recenti ricerche che indagano la condizione dell\u2019individuo all\u2019interno della societ\u00e0. <\/strong><\/span><\/span><span style=\"font-family: Times New Roman, serif\"><span style=\"font-size: medium\">Architetto, designer, artista e scrittore, consapevole che l\u2019evoluzione umana sia in continuo divenire, Branzi compie una ricerca che attraversa un arco di tempo molto ampio, partendo dalla riflessione sulle civilt\u00e0 megalitiche fino alla componente magica della cultura del progetto. E&#8217; questo un punto di vista che interessa in particolar modo gli addetti ai lavori nel campo dell\u2019architettura e del design, affinch\u00e9 si consideri ogni studio lontano dal mito razionalista del progetto definitivo. La mostra nel corso del 2015 sar\u00e0 presentata nelle maggiori universit\u00e0 americane: Harvard, Columbia, Berkeley, Cornell\/Ithaca, CCI Canada, Princeton, Graham Foundation.<\/span><\/span><\/p>\n<p><strong><span style=\"font-family: Times New Roman, serif\"><span style=\"font-size: medium\">Andrea Branzi <\/span><\/span><\/strong><span style=\"font-family: Times New Roman, serif\"><span style=\"font-size: medium\">architetto e designer, nato a Firenze nel 1938, dalla meta\u0300 degli anni \u201970 vive e lavora a Milano. Dal 1964 al 1974 prende parte a Archizoom Associati, primo gruppo di avanguardia noto in campo internazionale. Cofondatore di Domus Academy nel 1982, prima scuola internazionale post-laurea di design, ha ricevuto tre Compassi d\u2019Oro, uno alla carriera nel 1987 oltre alla Laurea Honoris Causa in Disegno Industriale all\u2019Universit\u00e0 La Sapienza di Roma nel 2008. Nello stesso anno \u00e8 nominato Membro Onorario del Royal Design for Industry di Londra. Autore di molti libri su storia e teoria del design, Andrea Branzi \u00e8 uno dei volti di Ambassador per Expo Milano 2015.<\/span><\/span><\/p>\n<p><strong><span style=\"font-family: Times New Roman, serif\"><span style=\"font-size: medium\">Antonia Jannone <\/span><\/span><\/strong><span style=\"font-family: Times New Roman, serif\"><span style=\"font-size: medium\">apre la sua galleria nel 1979, scegliendo come campo d\u2019indagine il disegno d\u2019architettura: una forma d\u2019arte capace di uscire dalla funzione strettamente progettuale e di esprimere il lavoro pi\u00f9 intimo e poetico degli architetti. Da allora si \u00e8 affermata come punto di riferimento della scena culturale, realizzando progetti insieme ai grandi nomi dell\u2019architettura italiana e internazionale, quali Ettore Sottsass, Vittorio Gregotti, Aldo Rossi, Alvaro Siza, Andrea Branzi, Michele De Lucchi, Ugo La Pietra, Mario Botta, Aldo Cibic. Affianca alla programmazione pi\u00f9 strettamente legata all\u2019architettura, mostre e progetti dedicati alla fotografia (da Ferdinando Scianna a Carlo Orsi), alla pittura, alla scultura fino al design. Situata al civico 125 di Corso Garibaldi, la galleria si affaccia su un cortile immerso nel verde.<\/span><\/span><\/p>\n<p align=\"JUSTIFY\">\u00a0<span style=\"font-family: Times New Roman, serif\"><span style=\"font-size: medium\"><strong>Carlo Franza<\/strong><\/span><\/span><span style=\"font-family: Times New Roman, serif\"><span style=\"font-size: medium\"><br \/>\n<\/span><\/span><\/p>\n","protected":false},"excerpt":{"rendered":"<p><p>Andrea Branzi \u00e8 presso la Galleria Antonia Jannone di Milano con un nuovo progetto espositivo: 15 modelli, \u201cDolmen\u201d, realizzati in vetro, plexiglass, plastilina e creta, frutto delle sue pi\u00f9 recenti ricerche che indagano la condizione dell\u2019individuo all\u2019interno della societ\u00e0. Architetto, designer, artista e scrittore, consapevole che l\u2019evoluzione umana sia in continuo divenire, Branzi compie una ricerca che attraversa un arco di tempo molto ampio, partendo dalla riflessione sulle civilt\u00e0 megalitiche fino alla componente magica della cultura del progetto. E&#8217; questo un punto di vista che interessa in particolar modo gli addetti ai lavori nel campo dell\u2019architettura e del design, affinch\u00e9 [&hellip;]<\/p>\n&nbsp;&nbsp;<div class=\"readmore\"><a href=\"https:\/\/blog.ilgiornale.it\/franza\/2015\/01\/22\/andrea-branzi-riscopre-i-dolmen-e-la-condizione-delluomo\/\">Continua a leggere...<\/a><\/div><\/p>","protected":false},"author":1009,"featured_media":0,"comment_status":"open","ping_status":"closed","sticky":false,"template":"","format":"standard","meta":[],"categories":[9894,44441,87,35266,28308,17505,17494],"tags":[59591,59271,59593,59594,59592,249],"_links":{"self":[{"href":"https:\/\/blog.ilgiornale.it\/franza\/wp-json\/wp\/v2\/posts\/4096"}],"collection":[{"href":"https:\/\/blog.ilgiornale.it\/franza\/wp-json\/wp\/v2\/posts"}],"about":[{"href":"https:\/\/blog.ilgiornale.it\/franza\/wp-json\/wp\/v2\/types\/post"}],"author":[{"embeddable":true,"href":"https:\/\/blog.ilgiornale.it\/franza\/wp-json\/wp\/v2\/users\/1009"}],"replies":[{"embeddable":true,"href":"https:\/\/blog.ilgiornale.it\/franza\/wp-json\/wp\/v2\/comments?post=4096"}],"version-history":[{"count":2,"href":"https:\/\/blog.ilgiornale.it\/franza\/wp-json\/wp\/v2\/posts\/4096\/revisions"}],"predecessor-version":[{"id":4099,"href":"https:\/\/blog.ilgiornale.it\/franza\/wp-json\/wp\/v2\/posts\/4096\/revisions\/4099"}],"wp:attachment":[{"href":"https:\/\/blog.ilgiornale.it\/franza\/wp-json\/wp\/v2\/media?parent=4096"}],"wp:term":[{"taxonomy":"category","embeddable":true,"href":"https:\/\/blog.ilgiornale.it\/franza\/wp-json\/wp\/v2\/categories?post=4096"},{"taxonomy":"post_tag","embeddable":true,"href":"https:\/\/blog.ilgiornale.it\/franza\/wp-json\/wp\/v2\/tags?post=4096"}],"curies":[{"name":"wp","href":"https:\/\/api.w.org\/{rel}","templated":true}]}}