{"id":42198,"date":"2026-09-04T20:49:33","date_gmt":"2026-09-04T20:49:33","guid":{"rendered":"https:\/\/blog.ilgiornale.it\/franza\/?p=42198"},"modified":"2026-09-04T20:49:33","modified_gmt":"2026-09-04T20:49:33","slug":"una-grande-mostra-dedicata-ad-alberto-savinio-inaugura-lautunno-2026-della-pinacoteca-agnelli-di-torino","status":"publish","type":"post","link":"https:\/\/blog.ilgiornale.it\/franza\/2026\/09\/04\/una-grande-mostra-dedicata-ad-alberto-savinio-inaugura-lautunno-2026-della-pinacoteca-agnelli-di-torino\/","title":{"rendered":"Una grande mostra dedicata ad Alberto Savinio inaugura l\u2019autunno 2026 della Pinacoteca Agnelli di Torino"},"content":{"rendered":"<p><a href=\"https:\/\/blog.ilgiornale.it\/franza\/files\/2026\/09\/1930_Monumento-ai-giocattoli_-credito-fotografico-Bruno-Bani-2400x2911-1-scaled-e1788554721202.jpg\"><img loading=\"lazy\" class=\"alignleft  wp-image-42199\" src=\"https:\/\/blog.ilgiornale.it\/franza\/files\/2026\/09\/1930_Monumento-ai-giocattoli_-credito-fotografico-Bruno-Bani-2400x2911-1-scaled-e1788554721202.jpg\" alt=\"\" width=\"565\" height=\"686\" \/><\/a>La<strong>\u00a0Pinacoteca Agnelli<\/strong>\u00a0di<strong>\u00a0Torino<\/strong>\u00a0inaugura la\u00a0<strong>nuova stagione espositiva<\/strong>\u00a0venerd\u00ec 30 ottobre, in occasione della Torino Art Week, con tre progetti che attraversano il Novecento storico e la ricerca contemporanea, confermando la vocazione del museo a mettere in relazione collezione, nuove produzioni e riletture della storia dell\u2019arte. La programmazione autunnale propone: \u201c<strong>Alberto Savinio. Souvenir<\/strong>\u201d, la prima grande retrospettiva istituzionale dedicata a una delle personalit\u00e0 pi\u00f9 originali della cultura europea del Novecento; \u201c<strong>Laure. Chris Ofili &amp; \u00c9douard Manet<\/strong>\u201d, nuovo appuntamento del ciclo Beyond the Collection, che invita artisti contemporanei a confrontarsi con le opere della Collezione Permanente; e il nuovo intervento di<strong>\u00a0Iris Touliatou<\/strong>, vincitrice dell\u2019edizione 2025 del Premio Pista 500, in collaborazione con Artissima, per La Pista 500, il progetto di arte contemporanea all\u2019aperto che ha trasformato l\u2019ex pista di collaudo del Lingotto in uno dei luoghi pi\u00f9 riconoscibili della scena artistica internazionale.<br \/>\nTre progetti profondamente diversi per linguaggi, generazioni e approcci, accomunati dalla volont\u00e0 di interrogare la contemporaneit\u00e0 attraverso nuove prospettive critiche e di proporre al pubblico strumenti inediti per leggere il presente. La stagione autunnale conferma il ruolo della Pinacoteca Agnelli come luogo in cui la ricerca storica dialoga con la contemporaneit\u00e0, con la Collezione Permanente come punto di partenza e fulcro per nuove interpretazioni.<\/p>\n<p><strong>Alberto Savinio. Souvenir<\/strong><\/p>\n<p>Da venerd\u00ec 30 ottobre 2026 a domenica 4 aprile 2027, fulcro della programmazione \u00e8 \u201cAlberto Savinio. Souvenir\u201d, la pi\u00f9 importante mostra dedicata all\u2019opera di Savinio (1891, Atene \u2013 1952, Roma), <strong>intellettuale tra i protagonisti della cultura europea del Novecento.<\/strong><strong><br \/>\n<\/strong>A cura di Sarah Cosulich e Pietro Rigolo, realizzata in collaborazione con l\u2019Archivio Alberto Savinio e con il supporto di un comitato scientifico internazionale, la mostra riunisce circa settantacinque opere tra dipinti e disegni, offrendo una rilettura ampia e articolata della sua ricerca pittorica dagli anni Venti ai primi anni Cinquanta.<br \/>\nFigura difficilmente riconducibile a un\u2019unica disciplina, Savinio ha attraversato musica, letteratura, teatro e arti visive costruendo un immaginario personale in cui convivono mito classico, memoria, ironia e invenzione. La mostra ne restituisce la complessit\u00e0 attraverso un percorso che mette in evidenza la straordinaria originalit\u00e0 della sua pittura e il suo contributo alla costruzione della cultura visiva del Novecento. Il percorso espositivo segue l\u2019evoluzione della sua ricerca attraverso alcuni dei nuclei tematici pi\u00f9 significativi della sua produzione: i riferimenti al mondo classico e alla Grecia della sua infanzia, il tema della memoria, i ritratti di famiglia, le figure ibride tra uomo e animale, i celebri \u201cgiocattoli\u201d, i paesaggi antropomorfi e la produzione grafica, che negli ultimi anni della sua attivit\u00e0 assume una crescente autonomia. Pi\u00f9 che una ricostruzione cronologica, Souvenir propone una riflessione sulla straordinaria capacit\u00e0 di Savinio di attraversare il proprio tempo anticipando questioni ancora oggi centrali: il rapporto tra identit\u00e0 e rappresentazione, il dialogo tra culture, la costruzione della memoria e il ruolo dell\u2019immaginazione come strumento di conoscenza. Ad accompagnare la mostra sar\u00e0 pubblicato da Mousse Publishing un catalogo bilingue italiano-inglese, la prima pubblicazione istituzionale in lingua inglese dedicata all\u2019artista. Il volume raccoglie saggi originali di studiosi internazionali, un ricco apparato iconografico e una cronologia che ricostruisce il percorso umano e artistico di Savinio intrecciando arti visive, letteratura e musica.<\/p>\n<p><strong>Carlo Franza<\/strong><\/p>\n<p>&nbsp;<\/p>\n<p><strong>\u00a0<\/strong><\/p>\n<p><strong>\u00a0<\/strong><\/p>\n<p><strong>\u00a0<\/strong><\/p>\n","protected":false},"excerpt":{"rendered":"<p><p>La\u00a0Pinacoteca Agnelli\u00a0di\u00a0Torino\u00a0inaugura la\u00a0nuova stagione espositiva\u00a0venerd\u00ec 30 ottobre, in occasione della Torino Art Week, con tre progetti che attraversano il Novecento storico e la ricerca contemporanea, confermando la vocazione del museo a mettere in relazione collezione, nuove produzioni e riletture della storia dell\u2019arte. La programmazione autunnale propone: \u201cAlberto Savinio. Souvenir\u201d, la prima grande retrospettiva istituzionale dedicata a una delle personalit\u00e0 pi\u00f9 originali della cultura europea del Novecento; \u201cLaure. Chris Ofili &amp; \u00c9douard Manet\u201d, nuovo appuntamento del ciclo Beyond the Collection, che invita artisti contemporanei a confrontarsi con le opere della Collezione Permanente; e il nuovo intervento di\u00a0Iris Touliatou, vincitrice dell\u2019edizione 2025 [&hellip;]<\/p>\n&nbsp;&nbsp;<div class=\"readmore\"><a href=\"https:\/\/blog.ilgiornale.it\/franza\/2026\/09\/04\/una-grande-mostra-dedicata-ad-alberto-savinio-inaugura-lautunno-2026-della-pinacoteca-agnelli-di-torino\/\">Continua a leggere...<\/a><\/div><\/p>","protected":false},"author":1009,"featured_media":0,"comment_status":"open","ping_status":"closed","sticky":false,"template":"","format":"standard","meta":[],"categories":[9894,10357,41640,35351,26,17505,35188,28369,51665,4625,409394],"tags":[231314,602926,602925,355195],"_links":{"self":[{"href":"https:\/\/blog.ilgiornale.it\/franza\/wp-json\/wp\/v2\/posts\/42198"}],"collection":[{"href":"https:\/\/blog.ilgiornale.it\/franza\/wp-json\/wp\/v2\/posts"}],"about":[{"href":"https:\/\/blog.ilgiornale.it\/franza\/wp-json\/wp\/v2\/types\/post"}],"author":[{"embeddable":true,"href":"https:\/\/blog.ilgiornale.it\/franza\/wp-json\/wp\/v2\/users\/1009"}],"replies":[{"embeddable":true,"href":"https:\/\/blog.ilgiornale.it\/franza\/wp-json\/wp\/v2\/comments?post=42198"}],"version-history":[{"count":2,"href":"https:\/\/blog.ilgiornale.it\/franza\/wp-json\/wp\/v2\/posts\/42198\/revisions"}],"predecessor-version":[{"id":42201,"href":"https:\/\/blog.ilgiornale.it\/franza\/wp-json\/wp\/v2\/posts\/42198\/revisions\/42201"}],"wp:attachment":[{"href":"https:\/\/blog.ilgiornale.it\/franza\/wp-json\/wp\/v2\/media?parent=42198"}],"wp:term":[{"taxonomy":"category","embeddable":true,"href":"https:\/\/blog.ilgiornale.it\/franza\/wp-json\/wp\/v2\/categories?post=42198"},{"taxonomy":"post_tag","embeddable":true,"href":"https:\/\/blog.ilgiornale.it\/franza\/wp-json\/wp\/v2\/tags?post=42198"}],"curies":[{"name":"wp","href":"https:\/\/api.w.org\/{rel}","templated":true}]}}