{"id":4726,"date":"2015-04-01T13:05:09","date_gmt":"2015-04-01T13:05:09","guid":{"rendered":"https:\/\/blog.ilgiornale.it\/franza\/?p=4726"},"modified":"2015-04-01T13:05:46","modified_gmt":"2015-04-01T13:05:46","slug":"il-nuovo-stadio-di-milano-al-portello-uneccellenza-architettonica-tutta-italiana-capace-di-coniugare-vissuti-diversi","status":"publish","type":"post","link":"https:\/\/blog.ilgiornale.it\/franza\/2015\/04\/01\/il-nuovo-stadio-di-milano-al-portello-uneccellenza-architettonica-tutta-italiana-capace-di-coniugare-vissuti-diversi\/","title":{"rendered":"Il nuovo stadio di Milano. Al Portello un&#8217;eccellenza architettonica tutta italiana capace di coniugare vissuti diversi."},"content":{"rendered":"<p align=\"JUSTIFY\"><span style=\"font-size: large\"><a href=\"https:\/\/blog.ilgiornale.it\/franza\/files\/2015\/04\/images.jpg\"><img loading=\"lazy\" class=\"alignright size-full wp-image-4728\" src=\"https:\/\/blog.ilgiornale.it\/franza\/files\/2015\/04\/images.jpg\" alt=\"images\" width=\"275\" height=\"183\" \/><\/a><a href=\"https:\/\/blog.ilgiornale.it\/franza\/files\/2015\/04\/untitled.png\"><img loading=\"lazy\" class=\" size-full wp-image-4729 alignleft\" src=\"https:\/\/blog.ilgiornale.it\/franza\/files\/2015\/04\/untitled.png\" alt=\"untitled\" width=\"275\" height=\"183\" \/><\/a>Non tutti hanno idea della Milano del futuro, e se nel quartiere Garibaldi c&#8217;\u00e8 una scopiazzatura tutta newyorkese, ormai attuata, non \u00e8 cos\u00ec per quanto si viene a sviluppare al Portello, zona ex Fiera. <\/span><span style=\"font-size: large\">Si direbbe, guardando<a href=\"https:\/\/blog.ilgiornale.it\/franza\/files\/2015\/04\/images.jpg7_.jpg\"><img loading=\"lazy\" class=\"alignright size-full wp-image-4731\" src=\"https:\/\/blog.ilgiornale.it\/franza\/files\/2015\/04\/images.jpg7_.jpg\" alt=\"images.jpg7\" width=\"271\" height=\"186\" \/><\/a><a href=\"https:\/\/blog.ilgiornale.it\/franza\/files\/2015\/04\/images.jpg1_.jpg\"><img loading=\"lazy\" class=\" size-full wp-image-4730 alignleft\" src=\"https:\/\/blog.ilgiornale.it\/franza\/files\/2015\/04\/images.jpg1_.jpg\" alt=\"images.jpg1\" width=\"240\" height=\"180\" \/><\/a> i progetti, che si lavora sull&#8217;understatement. Un po&#8217; il contrario di quello che si fece con lo stadio Meazza a San Siro: ingombrante, gigante, ciclopica struttura che conta 80mila posti e che si presta a polemiche di ogni tipo, sia che si tratti di concerti rock che di iniziative sportive.<a href=\"https:\/\/blog.ilgiornale.it\/franza\/files\/2015\/04\/untitled.png3_.png\"><img loading=\"lazy\" class=\"alignright size-full wp-image-4733\" src=\"https:\/\/blog.ilgiornale.it\/franza\/files\/2015\/04\/untitled.png3_.png\" alt=\"untitled.png3\" width=\"275\" height=\"183\" \/><\/a><\/span><\/p>\n<p align=\"JUSTIFY\"><span style=\"font-size: large\"><b>Sicch\u00e8 cosa progetta il Milan nella sua citt\u00e0? Progetta un nuovo stadio, dentro quella che sar\u00e0 una delle &#8220;Piazze&#8221; pi\u00f9 \u00e0 la page del prossimo futuro in citt\u00e0, quella del portello. E dove sorgeranno anche i grattacieli di Zaha Hadid, Arata Isozaki e Libeskind.<\/b><\/span><\/p>\n<p align=\"JUSTIFY\"><span style=\"font-size: large\">Gi\u00e0, perch\u00e9 tanto come ben sappiamo la societ\u00e0 calcistica non ha certo problemi di fondi, e conta anche un museo &#8211; all&#8217;interno del Meazza &#8211; che \u00e8 il pi\u00f9 visitato della citt\u00e0, in barba ai numeri dei Civici e dell&#8217;arte. <\/span><span style=\"font-size: large\"><b>Il progetto \u00e8 firmato da Arup, e sar\u00e0 uno stadio &#8220;urbano&#8221;: pochi posti a sedere (circa 48mila) incastonato in un centro multiservizi che avr\u00e0 sui suoi roof anche una serie di giardini pensili. Un&#8217;altra costruzione, beninteso, dalla molteplice identit\u00e0,<\/b> che nemmeno negli Emirati o nelle megalopoli asiatiche con i centri commerciali incastonati nei casin\u00f2 a loro volta incastrati in uffici, associati ad aree ristoro, e con mille altre aggetture.<\/span><\/p>\n<p align=\"JUSTIFY\"><span style=\"font-size: large\"><b>Lo stadio non sar\u00e0 pi\u00f9 alto di 30 metri e il campo scavato a 10 metri sotto il livello stradale, sar\u00e0 inaugurato &#8211; se tutto andr\u00e0 per il meglio &#8211; alla fine del 2018.\u00a0<\/b><\/span><span style=\"font-size: large\">All&#8217;interno vi sar\u00e0 anche un liceo sportivo, un albergo, ristoranti. Un nuovo centro tra diverse offerte sul piatto, che \u00e8 come dire fare vita in modo diverso. <\/span><span style=\"font-size: large\">Sapete invece che ha proposto l&#8217;azienda Vitali spa e Stam Europe? Una camminata sopraelevata di 600 metri, alta sette metri, lungo viale Scarampo (quello per intenderci degli ingressi alla vecchia fiera, dove si svolge anche Miart): una High Line milanese. Peccato che a New York sia stato un recupero unico al mondo e difficilmente scimmiotabile, e che lo skyline non sia il medesimo. Ma quel che sembra pi\u00f9 mancare, a margine della volont\u00e0 di costruire, \u00e8 un po&#8217; di originalit\u00e0 nell&#8217;offerta. <b>Abortito il progetto della biblioteca europea in Porta Vittoria, altra zona in riqualificazione della citt\u00e0, ecco vivere e far vivere la triade wellness -ristorazione \u2013 alloggi. Ancora un passo in avanti, diciamo pure che il governo Renzi non ha mai avuto una politica architettonica, ambientale, paesaggistica, sicch\u00e8<a href=\"https:\/\/blog.ilgiornale.it\/franza\/files\/2015\/04\/milano.jpg\"><img loading=\"lazy\" class=\"alignleft size-full wp-image-4727\" src=\"https:\/\/blog.ilgiornale.it\/franza\/files\/2015\/04\/milano.jpg\" alt=\"milano\" width=\"523\" height=\"300\" srcset=\"https:\/\/blog.ilgiornale.it\/franza\/files\/2015\/04\/milano.jpg 523w, https:\/\/blog.ilgiornale.it\/franza\/files\/2015\/04\/milano-300x172.jpg 300w\" sizes=\"(max-width: 523px) 100vw, 523px\" \/><\/a> ognuno sui muove come isola a s\u00e9. Cos\u00ec \u00e8 anche per il nuovo stadio di Milano, con ormai il sindaco Pisapia troppo lontano dalla citt\u00e0 e in via d&#8217;uscita. <\/b><\/span><\/p>\n<p align=\"JUSTIFY\"><span style=\"font-size: large\"><b>Carlo Franza <\/b><\/span><\/p>\n","protected":false},"excerpt":{"rendered":"<p><p>Non tutti hanno idea della Milano del futuro, e se nel quartiere Garibaldi c&#8217;\u00e8 una scopiazzatura tutta newyorkese, ormai attuata, non \u00e8 cos\u00ec per quanto si viene a sviluppare al Portello, zona ex Fiera. Si direbbe, guardando i progetti, che si lavora sull&#8217;understatement. Un po&#8217; il contrario di quello che si fece con lo stadio Meazza a San Siro: ingombrante, gigante, ciclopica struttura che conta 80mila posti e che si presta a polemiche di ogni tipo, sia che si tratti di concerti rock che di iniziative sportive. Sicch\u00e8 cosa progetta il Milan nella sua citt\u00e0? Progetta un nuovo stadio, dentro [&hellip;]<\/p>\n&nbsp;&nbsp;<div class=\"readmore\"><a href=\"https:\/\/blog.ilgiornale.it\/franza\/2015\/04\/01\/il-nuovo-stadio-di-milano-al-portello-uneccellenza-architettonica-tutta-italiana-capace-di-coniugare-vissuti-diversi\/\">Continua a leggere...<\/a><\/div><\/p>","protected":false},"author":1009,"featured_media":0,"comment_status":"open","ping_status":"closed","sticky":false,"template":"","format":"standard","meta":[],"categories":[59281,31446,9894,53794,44441,87],"tags":[66733,406626,39706,66734,10833,249,66729,66731,66732],"_links":{"self":[{"href":"https:\/\/blog.ilgiornale.it\/franza\/wp-json\/wp\/v2\/posts\/4726"}],"collection":[{"href":"https:\/\/blog.ilgiornale.it\/franza\/wp-json\/wp\/v2\/posts"}],"about":[{"href":"https:\/\/blog.ilgiornale.it\/franza\/wp-json\/wp\/v2\/types\/post"}],"author":[{"embeddable":true,"href":"https:\/\/blog.ilgiornale.it\/franza\/wp-json\/wp\/v2\/users\/1009"}],"replies":[{"embeddable":true,"href":"https:\/\/blog.ilgiornale.it\/franza\/wp-json\/wp\/v2\/comments?post=4726"}],"version-history":[{"count":1,"href":"https:\/\/blog.ilgiornale.it\/franza\/wp-json\/wp\/v2\/posts\/4726\/revisions"}],"predecessor-version":[{"id":4734,"href":"https:\/\/blog.ilgiornale.it\/franza\/wp-json\/wp\/v2\/posts\/4726\/revisions\/4734"}],"wp:attachment":[{"href":"https:\/\/blog.ilgiornale.it\/franza\/wp-json\/wp\/v2\/media?parent=4726"}],"wp:term":[{"taxonomy":"category","embeddable":true,"href":"https:\/\/blog.ilgiornale.it\/franza\/wp-json\/wp\/v2\/categories?post=4726"},{"taxonomy":"post_tag","embeddable":true,"href":"https:\/\/blog.ilgiornale.it\/franza\/wp-json\/wp\/v2\/tags?post=4726"}],"curies":[{"name":"wp","href":"https:\/\/api.w.org\/{rel}","templated":true}]}}