{"id":4918,"date":"2015-05-08T15:48:46","date_gmt":"2015-05-08T15:48:46","guid":{"rendered":"https:\/\/blog.ilgiornale.it\/franza\/?p=4918"},"modified":"2015-05-08T15:48:46","modified_gmt":"2015-05-08T15:48:46","slug":"la-spezieria-e-lorto-di-santa-fina-a-san-gimignano-una-delle-piu-antiche-farmacie-della-toscana","status":"publish","type":"post","link":"https:\/\/blog.ilgiornale.it\/franza\/2015\/05\/08\/la-spezieria-e-lorto-di-santa-fina-a-san-gimignano-una-delle-piu-antiche-farmacie-della-toscana\/","title":{"rendered":"La Spezieria e l\u2019Orto di Santa Fina. A San Gimignano una delle pi\u00f9 antiche farmacie della Toscana."},"content":{"rendered":"<p align=\"JUSTIFY\"><span style=\"color: #222222\"><span style=\"font-family: arial, sans-serif\"><span style=\"font-size: large\"><a href=\"https:\/\/blog.ilgiornale.it\/franza\/files\/2015\/05\/Farmacia.jpg\"><img loading=\"lazy\" class=\"alignleft  wp-image-4919\" src=\"https:\/\/blog.ilgiornale.it\/franza\/files\/2015\/05\/Farmacia.jpg\" alt=\"Farmacia\" width=\"323\" height=\"214\" srcset=\"https:\/\/blog.ilgiornale.it\/franza\/files\/2015\/05\/Farmacia.jpg 1654w, https:\/\/blog.ilgiornale.it\/franza\/files\/2015\/05\/Farmacia-300x199.jpg 300w, https:\/\/blog.ilgiornale.it\/franza\/files\/2015\/05\/Farmacia-1024x678.jpg 1024w\" sizes=\"(max-width: 323px) 100vw, 323px\" \/><\/a>Presso il giardino della Spezieria di Santa Fina, una delle pi\u00f9 antiche farmacie della Toscana, inserita<a href=\"https:\/\/blog.ilgiornale.it\/franza\/files\/2015\/05\/Orci.jpg\"><img loading=\"lazy\" class=\"  wp-image-4920 alignright\" src=\"https:\/\/blog.ilgiornale.it\/franza\/files\/2015\/05\/Orci.jpg\" alt=\"Orci\" width=\"354\" height=\"236\" srcset=\"https:\/\/blog.ilgiornale.it\/franza\/files\/2015\/05\/Orci.jpg 1654w, https:\/\/blog.ilgiornale.it\/franza\/files\/2015\/05\/Orci-300x200.jpg 300w, https:\/\/blog.ilgiornale.it\/franza\/files\/2015\/05\/Orci-1024x683.jpg 1024w\" sizes=\"(max-width: 354px) 100vw, 354px\" \/><\/a> nel meraviglioso <a href=\"https:\/\/blog.ilgiornale.it\/franza\/files\/2015\/05\/Ampolle.jpg\"><img loading=\"lazy\" class=\"  wp-image-4921 alignnone\" src=\"https:\/\/blog.ilgiornale.it\/franza\/files\/2015\/05\/Ampolle.jpg\" alt=\"Ampolle\" width=\"219\" height=\"320\" srcset=\"https:\/\/blog.ilgiornale.it\/franza\/files\/2015\/05\/Ampolle.jpg 1077w, https:\/\/blog.ilgiornale.it\/franza\/files\/2015\/05\/Ampolle-205x300.jpg 205w, https:\/\/blog.ilgiornale.it\/franza\/files\/2015\/05\/Ampolle-700x1024.jpg 700w\" sizes=\"(max-width: 219px) 100vw, 219px\" \/><\/a>complesso dell\u2019ex Conservatorio di Santa Chiara, \u00e8 stato inaugurato l\u2019<\/span><\/span><\/span><strong><span style=\"color: #222222\"><span style=\"font-family: arial, sans-serif\"><span style=\"font-size: large\">Orto di Santa Fina.<\/span><\/span><\/span><\/strong><span style=\"color: #222222\"><span style=\"font-family: arial, sans-serif\"><span style=\"font-size: large\"><a href=\"https:\/\/blog.ilgiornale.it\/franza\/files\/2015\/05\/Panorama.jpg\"><img loading=\"lazy\" class=\"alignright  wp-image-4922\" src=\"https:\/\/blog.ilgiornale.it\/franza\/files\/2015\/05\/Panorama.jpg\" alt=\"Panorama\" width=\"342\" height=\"221\" srcset=\"https:\/\/blog.ilgiornale.it\/franza\/files\/2015\/05\/Panorama.jpg 2074w, https:\/\/blog.ilgiornale.it\/franza\/files\/2015\/05\/Panorama-300x194.jpg 300w, https:\/\/blog.ilgiornale.it\/franza\/files\/2015\/05\/Panorama-1024x662.jpg 1024w\" sizes=\"(max-width: 342px) 100vw, 342px\" \/><\/a><br \/>\nLo Spedale di Santa Fina, il pi\u00f9 importante ente assistenziale della citt\u00e0 di San Gimignano, fu dotato, almeno dal Cinquecento, di una propria Spezieria, che acquistava o produceva i medicamenti sia ad uso interno che per la vendita esterna. <a href=\"https:\/\/blog.ilgiornale.it\/franza\/files\/2015\/05\/Spezieria.jpg\"><img loading=\"lazy\" class=\"alignleft  wp-image-4923\" src=\"https:\/\/blog.ilgiornale.it\/franza\/files\/2015\/05\/Spezieria.jpg\" alt=\"Spezieria\" width=\"249\" height=\"374\" srcset=\"https:\/\/blog.ilgiornale.it\/franza\/files\/2015\/05\/Spezieria.jpg 1152w, https:\/\/blog.ilgiornale.it\/franza\/files\/2015\/05\/Spezieria-200x300.jpg 200w, https:\/\/blog.ilgiornale.it\/franza\/files\/2015\/05\/Spezieria-683x1024.jpg 683w\" sizes=\"(max-width: 249px) 100vw, 249px\" \/><\/a>L\u2019allestimento attuale presenta l\u2019assetto originale della farmacia, con la \u201ccucina\u201d, il luogo ove si preparavano i medicinali, e la \u201cbottega\u201d, ambiente preposto alla vendita dei prodotti. I medicamenti, che si conservano ancora dentro vasi in ceramica e in vetro venivano fabbricati sulla base di indicazioni precise, raccolte in antichi ricettari, anch\u2019essi inclusi nell\u2019allestimento. Ogni Spezieria aveva per\u00f2 bisogno di materie prime, soprattutto erbe, le cui essenze o i distillati erano la base per la preparazione dei rimedi: le forniture potevano essere acquistate altrove o coltivate nei terreni di pertinenza dello Spedale. Da qui nasce l\u2019idea di dare nuova vita all\u2019Orto della Spezieria che oggi si offre ai visitatori nuovamente ravvivato da fiori e piante cos\u00ec come in passato. E\u2019 la nuova tappa del processo di recupero e valorizzazione culturale e turistica dell\u2019ex Conservatorio di Santa Chiara, scaturito dalla partnership tra il Comune di San Gimignano e il gruppo Opera- Civita. Architetti, archeologi, esperti di botanica e giardinieri, si sono a lungo confrontati per riuscire ad evocare negli gli spazi verdi del giardino l\u2019aspetto, l\u2019atmosfera e le caratteristiche dell\u2019antica Spezieria. Nelle fioriere create appositamente per questa occasione sono stati messi a dimora, in seguito ad un\u2019attenta selezione, le piante ed i fiori che verosimilmente erano impiegati nell\u2019antica Farmacia per scopi gastronomici e terapeutici.<br \/>\nLa visita a questa sezione del Museo diventa cos\u00ec, ora pi\u00f9 che mai, una vera e propria esperienza sensoriale che porta il visitatore ad immergersi in un\u2019atmosfera di aromi e profumi. L\u2019 \u201corto aromatico\u201d diventa, cos\u00ec, fonte d\u2019ispirazione per stabilire nuovi rapporti con la natura, uno strumento sociale e didattico dove il visitatore pu\u00f2 trovare fonte d\u2019ispirazione per recuperare un futuro fatto di ritorno alla terra, origine di tutte le cose.<br \/>\nL\u2019allestimento dell\u2019Orto di Santa Fina, offrir\u00e0 in futuro l\u2019occasione per presentare una serie di iniziative quali incontri, laboratori didattici per adulti e bambini, performance di maestri della cucina provenienti dal territorio, degustazioni di vini autoctoni (Vernaccia), mercati di prodotti d.o.p. a chilometro zero. <\/span><\/span><\/span><span style=\"color: #222222\"><span style=\"font-family: arial, sans-serif\"><span style=\"font-size: large\"><b>Italia, dunque, da percorrere dall&#8217;alto in basso per scoprirne tutte le sue bellezze, non solo quelle pi\u00f9 esposte, ma soprattutto quelle nascoste, con autentici capolavori di secoli d&#8217;oro, quando la cultura caratterizz\u00f2 al meglio corti, mecenatismo, e citt\u00e0 medioevali e rinascimentali. <\/b><\/span><\/span><\/span><span style=\"color: #222222\"><span style=\"font-family: arial, sans-serif\"><span style=\"font-size: small\"><b><br \/>\n<\/b><\/span><\/span><\/span><span style=\"color: #222222\"><span style=\"font-family: arial, sans-serif\"><span style=\"font-size: large\"><b>Carlo Franza<\/b><\/span><\/span><\/span><\/p>\n","protected":false},"excerpt":{"rendered":"<p><p>Presso il giardino della Spezieria di Santa Fina, una delle pi\u00f9 antiche farmacie della Toscana, inserita nel meraviglioso complesso dell\u2019ex Conservatorio di Santa Chiara, \u00e8 stato inaugurato l\u2019Orto di Santa Fina. Lo Spedale di Santa Fina, il pi\u00f9 importante ente assistenziale della citt\u00e0 di San Gimignano, fu dotato, almeno dal Cinquecento, di una propria Spezieria, che acquistava o produceva i medicamenti sia ad uso interno che per la vendita esterna. L\u2019allestimento attuale presenta l\u2019assetto originale della farmacia, con la \u201ccucina\u201d, il luogo ove si preparavano i medicinali, e la \u201cbottega\u201d, ambiente preposto alla vendita dei prodotti. I medicamenti, che si [&hellip;]<\/p>\n&nbsp;&nbsp;<div class=\"readmore\"><a href=\"https:\/\/blog.ilgiornale.it\/franza\/2015\/05\/08\/la-spezieria-e-lorto-di-santa-fina-a-san-gimignano-una-delle-piu-antiche-farmacie-della-toscana\/\">Continua a leggere...<\/a><\/div><\/p>","protected":false},"author":1009,"featured_media":0,"comment_status":"open","ping_status":"closed","sticky":false,"template":"","format":"standard","meta":[],"categories":[44662,9894,53794,41640,46356,44759,28386,87,28369,59220,53819,4625,41643],"tags":[406673,66862,66863,53760,66864],"_links":{"self":[{"href":"https:\/\/blog.ilgiornale.it\/franza\/wp-json\/wp\/v2\/posts\/4918"}],"collection":[{"href":"https:\/\/blog.ilgiornale.it\/franza\/wp-json\/wp\/v2\/posts"}],"about":[{"href":"https:\/\/blog.ilgiornale.it\/franza\/wp-json\/wp\/v2\/types\/post"}],"author":[{"embeddable":true,"href":"https:\/\/blog.ilgiornale.it\/franza\/wp-json\/wp\/v2\/users\/1009"}],"replies":[{"embeddable":true,"href":"https:\/\/blog.ilgiornale.it\/franza\/wp-json\/wp\/v2\/comments?post=4918"}],"version-history":[{"count":2,"href":"https:\/\/blog.ilgiornale.it\/franza\/wp-json\/wp\/v2\/posts\/4918\/revisions"}],"predecessor-version":[{"id":4925,"href":"https:\/\/blog.ilgiornale.it\/franza\/wp-json\/wp\/v2\/posts\/4918\/revisions\/4925"}],"wp:attachment":[{"href":"https:\/\/blog.ilgiornale.it\/franza\/wp-json\/wp\/v2\/media?parent=4918"}],"wp:term":[{"taxonomy":"category","embeddable":true,"href":"https:\/\/blog.ilgiornale.it\/franza\/wp-json\/wp\/v2\/categories?post=4918"},{"taxonomy":"post_tag","embeddable":true,"href":"https:\/\/blog.ilgiornale.it\/franza\/wp-json\/wp\/v2\/tags?post=4918"}],"curies":[{"name":"wp","href":"https:\/\/api.w.org\/{rel}","templated":true}]}}