{"id":5826,"date":"2015-09-14T14:03:07","date_gmt":"2015-09-14T14:03:07","guid":{"rendered":"https:\/\/blog.ilgiornale.it\/franza\/?p=5826"},"modified":"2015-09-14T14:03:07","modified_gmt":"2015-09-14T14:03:07","slug":"la-vita-a-colori-di-lartigue-una-mostra-a-parigi-lo-ha-consacrato-fra-i-piu-grandi-fotografi-del-xx-secolo","status":"publish","type":"post","link":"https:\/\/blog.ilgiornale.it\/franza\/2015\/09\/14\/la-vita-a-colori-di-lartigue-una-mostra-a-parigi-lo-ha-consacrato-fra-i-piu-grandi-fotografi-del-xx-secolo\/","title":{"rendered":"La vita a colori di Lartigue.Una mostra a Parigi lo ha consacrato fra i pi\u00f9 grandi fotografi del XX secolo."},"content":{"rendered":"<p><strong><a href=\"https:\/\/blog.ilgiornale.it\/franza\/files\/2015\/09\/113131-md.jpg\"><img loading=\"lazy\" class=\"alignleft  wp-image-5828\" src=\"https:\/\/blog.ilgiornale.it\/franza\/files\/2015\/09\/113131-md.jpg\" alt=\"113131-md\" width=\"251\" height=\"251\" srcset=\"https:\/\/blog.ilgiornale.it\/franza\/files\/2015\/09\/113131-md.jpg 1024w, https:\/\/blog.ilgiornale.it\/franza\/files\/2015\/09\/113131-md-150x150.jpg 150w, https:\/\/blog.ilgiornale.it\/franza\/files\/2015\/09\/113131-md-300x300.jpg 300w\" sizes=\"(max-width: 251px) 100vw, 251px\" \/><\/a>\u201cDa quando sono bambino soffro di una specie di malattia: tutte le cose che mi <a href=\"https:\/\/blog.ilgiornale.it\/franza\/files\/2015\/09\/113132-md.jpg\"><img loading=\"lazy\" class=\"  wp-image-5829 alignright\" src=\"https:\/\/blog.ilgiornale.it\/franza\/files\/2015\/09\/113132-md.jpg\" alt=\"113132-md\" width=\"267\" height=\"267\" srcset=\"https:\/\/blog.ilgiornale.it\/franza\/files\/2015\/09\/113132-md.jpg 1024w, https:\/\/blog.ilgiornale.it\/franza\/files\/2015\/09\/113132-md-150x150.jpg 150w, https:\/\/blog.ilgiornale.it\/franza\/files\/2015\/09\/113132-md-300x300.jpg 300w\" sizes=\"(max-width: 267px) 100vw, 267px\" \/><\/a>colpiscono e mi stupiscono a un certo punto spariscono, come se la mia memoria non riuscisse a conservarle\u201d, cos\u00ec scriveva Jacques Henri Lartigue nel 1965.<\/strong> Questo problema lo aveva spinto fin dall\u2019et\u00e0 di otto anni a trovare modi per ricordare milioni di istanti.<br \/>\n<strong>Jacques Henri Lartigue (1894-1986) espone le sue foto per la prima volta al MoMA di New York quando ha gi\u00e0 6<\/strong><strong><a href=\"https:\/\/blog.ilgiornale.it\/franza\/files\/2015\/09\/113128-md.jpg\"><img loading=\"lazy\" class=\"alignleft  wp-image-5830\" src=\"https:\/\/blog.ilgiornale.it\/franza\/files\/2015\/09\/113128-md.jpg\" alt=\"113128-md\" width=\"268\" height=\"280\" srcset=\"https:\/\/blog.ilgiornale.it\/franza\/files\/2015\/09\/113128-md.jpg 1024w, https:\/\/blog.ilgiornale.it\/franza\/files\/2015\/09\/113128-md-287x300.jpg 287w, https:\/\/blog.ilgiornale.it\/franza\/files\/2015\/09\/113128-md-978x1024.jpg 978w\" sizes=\"(max-width: 268px) 100vw, 268px\" \/><\/a><\/strong><strong>9 anni. La mostra raccoglie solo 43 scatti dei centomila in suo possesso. Nello stesso<\/strong><strong> periodo, la riv<\/strong><strong><a href=\"https:\/\/blog.ilgiornale.it\/franza\/files\/2015\/09\/113129-md.jpg\"><img loading=\"lazy\" class=\"  wp-image-5831 alignright\" src=\"https:\/\/blog.ilgiornale.it\/franza\/files\/2015\/09\/113129-md.jpg\" alt=\"113129-md\" width=\"246\" height=\"263\" srcset=\"https:\/\/blog.ilgiornale.it\/franza\/files\/2015\/09\/113129-md.jpg 1024w, https:\/\/blog.ilgiornale.it\/franza\/files\/2015\/09\/113129-md-281x300.jpg 281w, https:\/\/blog.ilgiornale.it\/franza\/files\/2015\/09\/113129-md-958x1024.jpg 958w\" sizes=\"(max-width: 246px) 100vw, 246px\" \/><\/a><\/strong><strong>ista Life lo consacra come autore internazional<\/strong><strong>e. <a href=\"https:\/\/blog.ilgiornale.it\/franza\/files\/2015\/09\/113127-md.jpg\"><img loading=\"lazy\" class=\"  wp-image-5832 alignright\" src=\"https:\/\/blog.ilgiornale.it\/franza\/files\/2015\/09\/113127-md.jpg\" alt=\"113127-md\" width=\"216\" height=\"216\" srcset=\"https:\/\/blog.ilgiornale.it\/franza\/files\/2015\/09\/113127-md.jpg 1024w, https:\/\/blog.ilgiornale.it\/franza\/files\/2015\/09\/113127-md-150x150.jpg 150w, https:\/\/blog.ilgiornale.it\/franza\/files\/2015\/09\/113127-md-300x300.jpg 300w\" sizes=\"(max-width: 216px) 100vw, 216px\" \/><\/a>Lartigue \u00e8 diventato cos\u00ec uno<a href=\"https:\/\/blog.ilgiornale.it\/franza\/files\/2015\/09\/113130-md.jpg\"><img loading=\"lazy\" class=\"  wp-image-5833 alignleft\" src=\"https:\/\/blog.ilgiornale.it\/franza\/files\/2015\/09\/113130-md.jpg\" alt=\"113130-md\" width=\"238\" height=\"238\" srcset=\"https:\/\/blog.ilgiornale.it\/franza\/files\/2015\/09\/113130-md.jpg 1024w, https:\/\/blog.ilgiornale.it\/franza\/files\/2015\/09\/113130-md-150x150.jpg 150w, https:\/\/blog.ilgiornale.it\/franza\/files\/2015\/09\/113130-md-300x300.jpg 300w\" sizes=\"(max-width: 238px) 100vw, 238px\" \/><\/a> dei pi\u00f9 gra<\/strong><strong>ndi fotografi del ventesimo secolo, bench\u00e9 si consideri soprattutto <\/strong><strong>un pittore.<\/strong><br \/>\n<strong>Da poco Parigi ha celebrato il maestro con la mostra \u201cLartigue, la vie en couleurs\u201d, organizzata dalla Maison Europ\u00e9enne de la Photographie. I curatori hanno scelto un lato meno conosciuto del fotografo francese, concentrandosi sulla produzione a colori.<\/strong> Lartigue ha usato il colore in due periodi della sua vita. Il primo, dal 1912 al 1927 con il procedimento Autochrome che viene abbandonato per la pesantezza delle apparecchiature e i lunghi tempi di posa. Da questo momento decide di preferire il bianco e nero. Dal 1949, ritorna sul colore grazie all\u2019arrivo dei rullini e privilegiando il formato quadrato della fotocamera Rolleiflex.<br \/>\n<strong>Per tutta la vita, Lartigue ha tenuto un diario visivo per non dimenticare i momenti pi\u00f9 belli e importanti, come nelle foto in cui la protagonista \u00e8 la giovane moglie Florette con cui celebra la gioia e la sensualit\u00e0, la bellezza sotto ogni forma. Lartigue ha avuto uno sguardo giovane anche da anziano, come se conservasse sempre uno stupore infantile davanti al mondo. Con l\u2019aiuto del colore questa caratteristica \u00e8 stata esaltata, regalando a queste immagini una straordinaria contemporaneit\u00e0, una singolare nobilt\u00e0, una preziosa\u00a0 cornice.<\/strong><\/p>\n<p>&nbsp;<\/p>\n<p><strong>Carlo Franza<\/strong><\/p>\n","protected":false},"excerpt":{"rendered":"<p><p>\u201cDa quando sono bambino soffro di una specie di malattia: tutte le cose che mi colpiscono e mi stupiscono a un certo punto spariscono, come se la mia memoria non riuscisse a conservarle\u201d, cos\u00ec scriveva Jacques Henri Lartigue nel 1965. Questo problema lo aveva spinto fin dall\u2019et\u00e0 di otto anni a trovare modi per ricordare milioni di istanti. Jacques Henri Lartigue (1894-1986) espone le sue foto per la prima volta al MoMA di New York quando ha gi\u00e0 69 anni. La mostra raccoglie solo 43 scatti dei centomila in suo possesso. Nello stesso periodo, la rivista Life lo consacra come [&hellip;]<\/p>\n&nbsp;&nbsp;<div class=\"readmore\"><a href=\"https:\/\/blog.ilgiornale.it\/franza\/2015\/09\/14\/la-vita-a-colori-di-lartigue-una-mostra-a-parigi-lo-ha-consacrato-fra-i-piu-grandi-fotografi-del-xx-secolo\/\">Continua a leggere...<\/a><\/div><\/p>","protected":false},"author":1009,"featured_media":0,"comment_status":"open","ping_status":"closed","sticky":false,"template":"","format":"standard","meta":[],"categories":[53888,53709,53710,9894,53794,44441,87,28340,17505,35188,28369],"tags":[59480,406620,80444,80447,80446,80445,6367],"_links":{"self":[{"href":"https:\/\/blog.ilgiornale.it\/franza\/wp-json\/wp\/v2\/posts\/5826"}],"collection":[{"href":"https:\/\/blog.ilgiornale.it\/franza\/wp-json\/wp\/v2\/posts"}],"about":[{"href":"https:\/\/blog.ilgiornale.it\/franza\/wp-json\/wp\/v2\/types\/post"}],"author":[{"embeddable":true,"href":"https:\/\/blog.ilgiornale.it\/franza\/wp-json\/wp\/v2\/users\/1009"}],"replies":[{"embeddable":true,"href":"https:\/\/blog.ilgiornale.it\/franza\/wp-json\/wp\/v2\/comments?post=5826"}],"version-history":[{"count":4,"href":"https:\/\/blog.ilgiornale.it\/franza\/wp-json\/wp\/v2\/posts\/5826\/revisions"}],"predecessor-version":[{"id":5836,"href":"https:\/\/blog.ilgiornale.it\/franza\/wp-json\/wp\/v2\/posts\/5826\/revisions\/5836"}],"wp:attachment":[{"href":"https:\/\/blog.ilgiornale.it\/franza\/wp-json\/wp\/v2\/media?parent=5826"}],"wp:term":[{"taxonomy":"category","embeddable":true,"href":"https:\/\/blog.ilgiornale.it\/franza\/wp-json\/wp\/v2\/categories?post=5826"},{"taxonomy":"post_tag","embeddable":true,"href":"https:\/\/blog.ilgiornale.it\/franza\/wp-json\/wp\/v2\/tags?post=5826"}],"curies":[{"name":"wp","href":"https:\/\/api.w.org\/{rel}","templated":true}]}}