{"id":6152,"date":"2015-10-25T22:10:28","date_gmt":"2015-10-25T22:10:28","guid":{"rendered":"https:\/\/blog.ilgiornale.it\/franza\/?p=6152"},"modified":"2015-10-25T22:10:28","modified_gmt":"2015-10-25T22:10:28","slug":"symbola-il-potere-dei-simboli-a-roma-in-mostra-i-recuperi-archeologici-della-guardia-di-finanza","status":"publish","type":"post","link":"https:\/\/blog.ilgiornale.it\/franza\/2015\/10\/25\/symbola-il-potere-dei-simboli-a-roma-in-mostra-i-recuperi-archeologici-della-guardia-di-finanza\/","title":{"rendered":"Symbola.Il potere dei simboli. A Roma in mostra i recuperi archeologici della Guardia di Finanza."},"content":{"rendered":"<p><strong><a href=\"https:\/\/blog.ilgiornale.it\/franza\/files\/2015\/10\/copertina.jpg\"><img loading=\"lazy\" class=\"alignleft  wp-image-6153\" src=\"https:\/\/blog.ilgiornale.it\/franza\/files\/2015\/10\/copertina.jpg\" alt=\"copertina\" width=\"334\" height=\"361\" srcset=\"https:\/\/blog.ilgiornale.it\/franza\/files\/2015\/10\/copertina.jpg 492w, https:\/\/blog.ilgiornale.it\/franza\/files\/2015\/10\/copertina-278x300.jpg 278w\" sizes=\"(max-width: 334px) 100vw, 334px\" \/><\/a>Lo Stadio di Domiziano ospita una straordinaria rassegna di opere e manufatti di interesse archeologico che esplorano il tema della simbologia nell\u2019antichit\u00e0 dal punto di vista delle tradizioni funerarie, politico-sociali e magico-religiose. Opere e manufatti del tutto inediti, oltre 200, di cui la maggior parte recuperata nel corso dell\u2019attivit\u00e0 svolta a tutela dei beni culturali, detenuti in regime di giudiziale <a href=\"https:\/\/blog.ilgiornale.it\/franza\/files\/2015\/10\/1444735573248_Cattura1-e1445810247893.jpg\"><img loading=\"lazy\" class=\"  wp-image-6155 alignright\" src=\"https:\/\/blog.ilgiornale.it\/franza\/files\/2015\/10\/1444735573248_Cattura1-e1445810247893.jpg\" alt=\"1444735573248_Cattura1\" width=\"440\" height=\"435\" \/><\/a>custodia nei caveaux del Gruppo Tutela Patrimonio Archeologico della Guardia di Finanza.<\/strong> L\u2019esposizione ideata e promossa dall\u2019 Associazione culturale Vicus Italicus ed organizzata dallo Stadio di Domiziano, lascia vedere tra i vari manufatti, un corpus di materiale fittile proveniente dalla stipe votiva di Pantanacci, nell\u2019agro del Comune di Lanuvio, dove la Guardia di Finanza nel 2012 ha individuato un sito fino ad allora sconosciuto ai mappali della Soprintendenza. <strong>Il percorso espositivo \u00e8 ordinato in quattro diverse sezioni, che danno conto dell\u2019importanza dei simboli nel mondo antico, del loro significato e della loro forte carica espressiva ed evocativa. La maggior parte delle opere esposte \u00e8 inedita ed \u00e8 stata studiata e presentata al pubblico per la prima volta. Il percorso espositivo abbraccia tre aspetti della societ\u00e0 antica, con oggetti-simbolo che vanno dal IX sec. a.C. al IV sec. d.C.: societ\u00e0 e istituzioni pubbliche; religione e ritualit\u00e0; <a href=\"https:\/\/blog.ilgiornale.it\/franza\/files\/2015\/10\/1444735630603_Cattura2-e1445810463421.jpg\"><img loading=\"lazy\" class=\"alignleft  wp-image-6156\" src=\"https:\/\/blog.ilgiornale.it\/franza\/files\/2015\/10\/1444735630603_Cattura2-e1445810463421.jpg\" alt=\"1444735630603_Cattura2\" width=\"372\" height=\"585\" \/><\/a>ambito funerario.<a href=\"https:\/\/blog.ilgiornale.it\/franza\/files\/2015\/10\/1444735670091_Cattura3-e1445810179994.jpg\"><img loading=\"lazy\" class=\"alignleft  wp-image-6154\" src=\"https:\/\/blog.ilgiornale.it\/franza\/files\/2015\/10\/1444735670091_Cattura3-e1445810179994.jpg\" alt=\"1444735670091_Cattura3\" width=\"350\" height=\"325\" \/><\/a><\/strong> Il simbolo \u00e8 un elemento concreto al quale si attribuisce un significato che va oltre il suo aspetto o la sua funzione primaria, in grado di evocare un valore pi\u00f9 ampio nell\u2019immaginario umano. Un insieme di simboli \u00e8 quindi in grado di tradursi in un linguaggio che, se codificato, pu\u00f2 raccontare molto sui costumi, la vita ed il pensiero di chi lo ha prodotto. E vi troviamo in concomitanza con l\u2019Expo di Milano, un settore speciale della mostra dedicato all\u2019alimentazione nel mondo antico e al valore simbolico di attributi e immagini legati al cibo e al simposio. L\u2019esposizione \u00e8 allestita all\u2019 interno della suggestiva Area Archeologica dello Stadio di Domiziano (ingresso da Via di Tor Sanguigna, 1\/3 \u2013 Piazza Navona, 45), dove le imponenti strutture antiche fanno da cornice al percorso espositivo, che si avvale di apparati didattici e di supporti audiovisivi, e da sostegno al visitatore nella comprensione del linguaggio spesso criptico dei popoli antichi dell\u2019area Mediterranea. <strong>Prestigioso e illuminante lo scopo di tale mostra, -realizzata in collaborazione il Nucleo di Polizia Tributaria Roma della Guardia di Finanza (al cui interno ha operato fin dal 1916 un\u2019articolazione deputata alla tutela del patrimonio archeologico) \u2013 il cui intento \u00e8 quello di divulgare il mondo immaginifico classico nei suoi diversi aspetti e ambiti di produzione e fruizione attraverso il simbolo.<\/strong> E poich\u00e9 il materiale espositivo proviene da sequestri effettuati dalle Fiamme Gialle e detenuto nei caveaux giudiziari del Reparto, non accessibili al pubblico e quindi non fruibile, la rassegna rimane dunque l\u2019occasione per<strong> far conoscere alla collettivit\u00e0 l\u2019importante attivit\u00e0 posta in essere dalla Guardia di Finanza a salvaguardia del patrimonio storico, artistico e archeologico, quell\u2019altrimenti indefinibile museo a cielo aperto che nella locuzione pi\u00f9 comune viene spesso indicato come \u201cla banca degli italiani\u201d, ma anche museo il pi\u00f9 delle volte vituperato da bande di scavatori di frodo che alimentano l\u2019indotto illecito.<\/strong><\/p>\n<p><strong>Carlo Franza<\/strong><\/p>\n","protected":false},"excerpt":{"rendered":"<p><p>Lo Stadio di Domiziano ospita una straordinaria rassegna di opere e manufatti di interesse archeologico che esplorano il tema della simbologia nell\u2019antichit\u00e0 dal punto di vista delle tradizioni funerarie, politico-sociali e magico-religiose. Opere e manufatti del tutto inediti, oltre 200, di cui la maggior parte recuperata nel corso dell\u2019attivit\u00e0 svolta a tutela dei beni culturali, detenuti in regime di giudiziale custodia nei caveaux del Gruppo Tutela Patrimonio Archeologico della Guardia di Finanza. L\u2019esposizione ideata e promossa dall\u2019 Associazione culturale Vicus Italicus ed organizzata dallo Stadio di Domiziano, lascia vedere tra i vari manufatti, un corpus di materiale fittile proveniente dalla [&hellip;]<\/p>\n&nbsp;&nbsp;<div class=\"readmore\"><a href=\"https:\/\/blog.ilgiornale.it\/franza\/2015\/10\/25\/symbola-il-potere-dei-simboli-a-roma-in-mostra-i-recuperi-archeologici-della-guardia-di-finanza\/\">Continua a leggere...<\/a><\/div><\/p>","protected":false},"author":1009,"featured_media":0,"comment_status":"open","ping_status":"closed","sticky":false,"template":"","format":"standard","meta":[],"categories":[59281,44662,77048,66748,77049,53794,41640,35247,44441,87,42896,35185,17505,35188,28369,51665],"tags":[406708,15123,80648,80649,406587,80645,80652,80650,80640,80646,80651,80644,80643],"_links":{"self":[{"href":"https:\/\/blog.ilgiornale.it\/franza\/wp-json\/wp\/v2\/posts\/6152"}],"collection":[{"href":"https:\/\/blog.ilgiornale.it\/franza\/wp-json\/wp\/v2\/posts"}],"about":[{"href":"https:\/\/blog.ilgiornale.it\/franza\/wp-json\/wp\/v2\/types\/post"}],"author":[{"embeddable":true,"href":"https:\/\/blog.ilgiornale.it\/franza\/wp-json\/wp\/v2\/users\/1009"}],"replies":[{"embeddable":true,"href":"https:\/\/blog.ilgiornale.it\/franza\/wp-json\/wp\/v2\/comments?post=6152"}],"version-history":[{"count":2,"href":"https:\/\/blog.ilgiornale.it\/franza\/wp-json\/wp\/v2\/posts\/6152\/revisions"}],"predecessor-version":[{"id":6158,"href":"https:\/\/blog.ilgiornale.it\/franza\/wp-json\/wp\/v2\/posts\/6152\/revisions\/6158"}],"wp:attachment":[{"href":"https:\/\/blog.ilgiornale.it\/franza\/wp-json\/wp\/v2\/media?parent=6152"}],"wp:term":[{"taxonomy":"category","embeddable":true,"href":"https:\/\/blog.ilgiornale.it\/franza\/wp-json\/wp\/v2\/categories?post=6152"},{"taxonomy":"post_tag","embeddable":true,"href":"https:\/\/blog.ilgiornale.it\/franza\/wp-json\/wp\/v2\/tags?post=6152"}],"curies":[{"name":"wp","href":"https:\/\/api.w.org\/{rel}","templated":true}]}}