{"id":7537,"date":"2016-05-11T22:27:42","date_gmt":"2016-05-11T22:27:42","guid":{"rendered":"https:\/\/blog.ilgiornale.it\/franza\/?p=7537"},"modified":"2016-05-11T22:31:27","modified_gmt":"2016-05-11T22:31:27","slug":"renzi-e-franceschini-disfano-le-bellezze-ditalia-emergenza-cultura-crolla-il-ministero-dei-beni-culturali-cosi-perderemo-presto-il-cuore-del-nostro-paese-lanim","status":"publish","type":"post","link":"https:\/\/blog.ilgiornale.it\/franza\/2016\/05\/11\/renzi-e-franceschini-disfano-le-bellezze-ditalia-emergenza-cultura-crolla-il-ministero-dei-beni-culturali-cosi-perderemo-presto-il-cuore-del-nostro-paese-lanim\/","title":{"rendered":"Renzi e Franceschini disfano  le \u201cbellezze d\u2019Italia\u201d. Emergenza Cultura, crolla il Ministero dei Beni Culturali. Cos\u00ec perderemo presto il cuore del nostro paese, l\u2019anima e le sue bellezze."},"content":{"rendered":"<p><a href=\"https:\/\/blog.ilgiornale.it\/franza\/files\/2016\/05\/franceschini_pompei_675-630x257.png\"><img loading=\"lazy\" class=\"alignleft size-full wp-image-7538\" src=\"https:\/\/blog.ilgiornale.it\/franza\/files\/2016\/05\/franceschini_pompei_675-630x257.png\" alt=\"franceschini_pompei_675-630x257\" width=\"630\" height=\"257\" srcset=\"https:\/\/blog.ilgiornale.it\/franza\/files\/2016\/05\/franceschini_pompei_675-630x257.png 630w, https:\/\/blog.ilgiornale.it\/franza\/files\/2016\/05\/franceschini_pompei_675-630x257-300x122.png 300w\" sizes=\"(max-width: 630px) 100vw, 630px\" \/><\/a><a href=\"https:\/\/blog.ilgiornale.it\/franza\/files\/2016\/05\/l43-franceschini-140731113044_big.jpg\"><img loading=\"lazy\" class=\" size-full wp-image-7539 alignright\" src=\"https:\/\/blog.ilgiornale.it\/franza\/files\/2016\/05\/l43-franceschini-140731113044_big.jpg\" alt=\"l43-franceschini-140731113044_big\" width=\"441\" height=\"300\" srcset=\"https:\/\/blog.ilgiornale.it\/franza\/files\/2016\/05\/l43-franceschini-140731113044_big.jpg 441w, https:\/\/blog.ilgiornale.it\/franza\/files\/2016\/05\/l43-franceschini-140731113044_big-300x204.jpg 300w\" sizes=\"(max-width: 441px) 100vw, 441px\" \/><\/a>Il 7 maggio a Roma\u00a0 c\u2019\u00e8 stata una manifestazione dal titolo \u201cEmergenza cultura\u201d contro il degrado, il caos e la paralisi che regna nel settore Beni Culturali e nella tutela \u00a0del Paese Italia. <strong>Renzi e Franceschini hanno preso e prendono in giro gli italiani riempendosi a sproposito la bocca della parola \u201cbellezza\u201d, parola che usano in tutte le salse quasi novelli innovatori di un neo-dolcestilnovo, \u00a0\u00a0\u00a0facendo credere che l\u2019Italia stia realmente risorgendo e camminando grazie ad investimenti sulla cultura e <a href=\"https:\/\/blog.ilgiornale.it\/franza\/files\/2016\/05\/08desk1-beni-culturali-riapertura.jpg\"><img loading=\"lazy\" class=\"alignleft size-full wp-image-7540\" src=\"https:\/\/blog.ilgiornale.it\/franza\/files\/2016\/05\/08desk1-beni-culturali-riapertura.jpg\" alt=\"08desk1-beni-culturali-riapertura\" width=\"450\" height=\"300\" srcset=\"https:\/\/blog.ilgiornale.it\/franza\/files\/2016\/05\/08desk1-beni-culturali-riapertura.jpg 450w, https:\/\/blog.ilgiornale.it\/franza\/files\/2016\/05\/08desk1-beni-culturali-riapertura-300x200.jpg 300w\" sizes=\"(max-width: 450px) 100vw, 450px\" \/><\/a>sull\u2019arte. Tutte balle.<\/strong> Grandi, grandissime balle. C\u2019erano una volta i \u201csovrintendenti alle belle arti\u201d, preposti alla tutela\u00a0 della bellezza e all\u2019organizzazione del settore \u201cBeni Culturali\u201d, oggi Renzi\u00a0 dice \u201csovrintendenti de che?\u201d. E allora ecco che questa figura dirigenziale e statale \u00e8 stata indebolita, resa innocua, sottomessa al potere, proprio perch\u00e8 \u00a0lui presidente del consiglio e il signor Franceschini possano dire \u00a0e decidere e mettere mano su un tema o su temi\u00a0 dei quali non capiscono proprio nulla; <strong>i due soloni pretendono di capirne di estetica, bellezza, organizzazione e tutela dei beni archeologici e artistici e invece pare \u00a0non sappiano \u00a0neppure distinguere i colori primari dai secondari. E non \u00e8 tutto!<\/strong> Cari italiani e \u00a0intellettuali d\u2019Italia, Renzi e company chiamano questo modo di fare, riforme, ma \u00a0tutto ci\u00f2 non ha neppure l\u2019odore delle riforme. Franceschini ha \u00a0staccato i grandi musei e i siti archeologici\u00a0 dai soprintendenti \u00a0e dal loro territorio, per poterli rendere autonomi. Sapete cosa ne \u00e8 venuto? Un caos\u00a0 incredibile per \u00a0archivi cartacei, biblioteche, archivi fotografici siti archeologici,ecc. ecc.<a href=\"https:\/\/blog.ilgiornale.it\/franza\/files\/2016\/05\/numeri-e1463004641818.png\"><img loading=\"lazy\" class=\"alignleft size-full wp-image-7541\" src=\"https:\/\/blog.ilgiornale.it\/franza\/files\/2016\/05\/numeri-e1463004641818.png\" alt=\"numeri\" width=\"600\" height=\"449\" \/><\/a> <strong>Veniamo ai musei, ai grandi musei. Renzi ha messo in totale autonomia ben 20 musei di eccellenza, neppure fosse il Re Sole. Per la gestione di questi musei ha pensato bene indire non un concorso europeo, ma utilizzare colloqui e curricula. E\u2019 cos\u00ec che sono stati promossi\u00a0 sconosciuti, \u00a0e persino direttori di chiara fama, gi\u00e0 in carica come Antonio Natali direttore degli Uffizi, mandati in esilio. Sapete chi \u00e8 andato agli Uffizi al posto di Natali? Un certo tedesco Schmidt che era direttore del Museo di Arti Applicate\u00a0 e tessili del Minnesota. Pensate, un conoscitore di coperte e lenzuola agli Uffizi. Alla Reggi<\/strong><strong><a href=\"https:\/\/blog.ilgiornale.it\/franza\/files\/2016\/05\/b697770ac8a1e4b821e56971d8bd7876_L.jpg\"><img loading=\"lazy\" class=\" size-full wp-image-7544 alignright\" src=\"https:\/\/blog.ilgiornale.it\/franza\/files\/2016\/05\/b697770ac8a1e4b821e56971d8bd7876_L.jpg\" alt=\"b697770ac8a1e4b821e56971d8bd7876_L\" width=\"400\" height=\"300\" srcset=\"https:\/\/blog.ilgiornale.it\/franza\/files\/2016\/05\/b697770ac8a1e4b821e56971d8bd7876_L.jpg 400w, https:\/\/blog.ilgiornale.it\/franza\/files\/2016\/05\/b697770ac8a1e4b821e56971d8bd7876_L-300x225.jpg 300w\" sizes=\"(max-width: 400px) 100vw, 400px\" \/><\/a><\/strong><strong>a di Caserta assegnato un comunista doc, certo Mauro Felicori \u00a0laureato in Marketin<\/strong><strong>g,\u00a0 che era in servizio al Comune di Bologna e che \u00a0il sindaco Guazzaloca prima e Co<\/strong><strong>fferati poi \u00a0avevano\u00a0 messo a gestire il Cimitero della Certosa( pensate, questo personaggio ha cr<\/strong><strong>eato l\u2019Associazione europea dei cimiteri!) e nel curriculum vanta per l\u2019appunto due libroni sui cimiteri. Sic! \u00a0Al sito di Paestum\u00a0 assegnato un giovane svizzero\u00a0 che per la verit\u00e0 non ha mai gestito nulla. Al Museo di Taranto, capitale della Magna Grecia con i suoi Ori di Taranto, assegnata un\u2019archeologa medioevale. A Napoli poi per il Museo greco-romano\u00a0 assegnato un etruscologo\u00a0 con un curriculum poverissimo di bibliografia, che io non avrei preso neppure come\u00a0 assistente. Potrei continuare ma mi fermo. <a href=\"https:\/\/blog.ilgiornale.it\/franza\/files\/2016\/05\/image-e1463004956569.jpg\"><img loading=\"lazy\" class=\"alignleft size-full wp-image-7542\" src=\"https:\/\/blog.ilgiornale.it\/franza\/files\/2016\/05\/image-e1463004956569.jpg\" alt=\"image\" width=\"568\" height=\"337\" \/><\/a>Ebbene questi signori \u00a0avranno stipendi da ben 145mila euro \u00a0lordi in su all\u2019anno mentre i vecchi soprintendenti ne ricevevano solo 35.000 lordi. Ed \u00e8 bene ancora sapere che grazie alla maxi-riforma \u00a0amministrativa varata dal ministro Madia \u00a0e al suo silenzio\/assenso per le pratiche veloci, se dopo i 90 giorni le sovrintendenze non dovessero fare a tempo a rispondere( ma intanto manca personale\u00a0 e di pratiche ce ne sono centinaia di migliaia) cosa ne sar\u00e0 della speculazione e della tutela paesaggistica in Italia? Tutti, dico tutti, italiani e migranti costruiranno dalla riva del mare fin nei parchi nazionali! E a proposito della ministra Madia, con quel suo visino da dolce stilnovo,\u00a0 tutti devono sapere che ha deciso che \u00a0i Soprintendenti d\u2019Italia saranno al servizio e agli ordini dei Prefetti, e dunque saranno i Prefetti a decidere della salvaguardia e della tutela ambientale, delle bellezze \u00a0d\u2019Italia, se mandare o no un archeologo o un architetto in situazioni difficili. <a href=\"https:\/\/blog.ilgiornale.it\/franza\/files\/2016\/05\/cid_image001_png@01D18471-723x1024-e1463005050846.png\"><img loading=\"lazy\" class=\"alignleft size-full wp-image-7543\" src=\"https:\/\/blog.ilgiornale.it\/franza\/files\/2016\/05\/cid_image001_png@01D18471-723x1024-e1463005050846.png\" alt=\"cid_image001_png@01D18471-723x1024\" width=\"523\" height=\"741\" \/><\/a>Questo, ripeto questo, succedeva ai tempi di Carlo Alberto nel Regno sardo-piemontese, cos\u00ec si torna allo Statuto Albertino, oggi \u00a0non si \u00e8 pi\u00f9 \u00a0conformi alla Costituzione italiana di epoca repubblicana. E cosa ancor pi\u00f9 grave, anzi gravissima, per decisione di Franceschini \u00a0le Soprintendenze \u00a0archeologiche saranno accorpate\u00a0 con le Belle Arti e il Paesaggio, un disastro di inaudibile lutto. L\u2019amico Antonio Paolucci gi\u00e0\u00a0 Soprintendente e oggi Direttore dei Musei Vaticani\u00a0 dice che cos\u00ec facendo si crea un \u201cMOSTRO\u201d.\u00a0 E non \u00e8 finita, quanti sanno che il senatore Andrea Marcucci di osservanza renziana,\u00a0 ha pensato \u00a0di fare allentare\u00a0 i vincoli delle esportazioni di opere d\u2019arte, sicch\u00e8 pensate a quante opere\u00a0 d\u2019arte di inestimabile valore, usciranno dai confini d\u2019Italia. Dicevo prima di questi \u201cdirettori\u201d nominati da Renzi per i 20 musei di eccellenza, ebbene quel giovane svizzero, tal Gabriel Zulchfriengel\u00a0 a Paestum, far\u00e0 aprire l\u2019area archeologica a festini, matrimoni, compleanni, feste di laurea, alberi della cuccagna, \u00a0carnevalate, ecc.ecc. Una vergogna inaudibile! E non \u00e8 da meno il direttore Felicori della Reggia di Caserta che vorrebbe far nuotare Federica Pellegrini nella piscina della Reggia per catturare visitatori e vendere biglietti. E tutto per prendere soldi, rimettere in piedi le salamate e le bicchierate delle Feste dell\u2019Unit\u00e0, catturare il nuovo popolo sovietizzato, \u00a0e svendere le bellezze d\u2019Italia, i siti e i capolavori che ci rendono unici nel mondo. Ma \u00e8 bastato un governo Renzi per mettere a ferro e fuoco la cultura e le bellezze d\u2019Italia. Noi italiani, intellettuali e uomini di buona volont\u00e0, potremmo portare rimedio a tutto ci\u00f2 solo facendo cadere il governo Renzi, interrompere questa gestione cos\u00ec cinica \u00a0\u00a0e \u00a0costringerlo a \u00a0tornarsene \u00a0alla Leopolda a Firenze, da dove era per l\u2019appunto partito alla conquista della capitale e della nazione.<\/strong><\/p>\n<p><strong>Carlo Franza <\/strong><\/p>\n<p><strong>\u00a0<\/strong><\/p>\n<p><strong>\u00a0<\/strong><\/p>\n","protected":false},"excerpt":{"rendered":"<p><p>Il 7 maggio a Roma\u00a0 c\u2019\u00e8 stata una manifestazione dal titolo \u201cEmergenza cultura\u201d contro il degrado, il caos e la paralisi che regna nel settore Beni Culturali e nella tutela \u00a0del Paese Italia. Renzi e Franceschini hanno preso e prendono in giro gli italiani riempendosi a sproposito la bocca della parola \u201cbellezza\u201d, parola che usano in tutte le salse quasi novelli innovatori di un neo-dolcestilnovo, \u00a0\u00a0\u00a0facendo credere che l\u2019Italia stia realmente risorgendo e camminando grazie ad investimenti sulla cultura e sull\u2019arte. Tutte balle. Grandi, grandissime balle. C\u2019erano una volta i \u201csovrintendenti alle belle arti\u201d, preposti alla tutela\u00a0 della bellezza e [&hellip;]<\/p>\n&nbsp;&nbsp;<div class=\"readmore\"><a href=\"https:\/\/blog.ilgiornale.it\/franza\/2016\/05\/11\/renzi-e-franceschini-disfano-le-bellezze-ditalia-emergenza-cultura-crolla-il-ministero-dei-beni-culturali-cosi-perderemo-presto-il-cuore-del-nostro-paese-lanim\/\">Continua a leggere...<\/a><\/div><\/p>","protected":false},"author":1009,"featured_media":0,"comment_status":"open","ping_status":"closed","sticky":false,"template":"","format":"standard","meta":[],"categories":[44662,77048,31446,9894,53794,80449,41640,44441,87,44697,35185,35188,80448,64,28369,44492,51665],"tags":[149142,59480,44063,406587,5709,406628,149144,53654,149143,149145],"_links":{"self":[{"href":"https:\/\/blog.ilgiornale.it\/franza\/wp-json\/wp\/v2\/posts\/7537"}],"collection":[{"href":"https:\/\/blog.ilgiornale.it\/franza\/wp-json\/wp\/v2\/posts"}],"about":[{"href":"https:\/\/blog.ilgiornale.it\/franza\/wp-json\/wp\/v2\/types\/post"}],"author":[{"embeddable":true,"href":"https:\/\/blog.ilgiornale.it\/franza\/wp-json\/wp\/v2\/users\/1009"}],"replies":[{"embeddable":true,"href":"https:\/\/blog.ilgiornale.it\/franza\/wp-json\/wp\/v2\/comments?post=7537"}],"version-history":[{"count":2,"href":"https:\/\/blog.ilgiornale.it\/franza\/wp-json\/wp\/v2\/posts\/7537\/revisions"}],"predecessor-version":[{"id":7546,"href":"https:\/\/blog.ilgiornale.it\/franza\/wp-json\/wp\/v2\/posts\/7537\/revisions\/7546"}],"wp:attachment":[{"href":"https:\/\/blog.ilgiornale.it\/franza\/wp-json\/wp\/v2\/media?parent=7537"}],"wp:term":[{"taxonomy":"category","embeddable":true,"href":"https:\/\/blog.ilgiornale.it\/franza\/wp-json\/wp\/v2\/categories?post=7537"},{"taxonomy":"post_tag","embeddable":true,"href":"https:\/\/blog.ilgiornale.it\/franza\/wp-json\/wp\/v2\/tags?post=7537"}],"curies":[{"name":"wp","href":"https:\/\/api.w.org\/{rel}","templated":true}]}}