{"id":7783,"date":"2016-06-13T20:13:38","date_gmt":"2016-06-13T20:13:38","guid":{"rendered":"https:\/\/blog.ilgiornale.it\/franza\/?p=7783"},"modified":"2016-06-13T20:16:17","modified_gmt":"2016-06-13T20:16:17","slug":"la-sharia-e-gia-in-italia-va-messa-al-bando-con-una-legge-e-contro-la-costituzione-e-il-diritto-italiano","status":"publish","type":"post","link":"https:\/\/blog.ilgiornale.it\/franza\/2016\/06\/13\/la-sharia-e-gia-in-italia-va-messa-al-bando-con-una-legge-e-contro-la-costituzione-e-il-diritto-italiano\/","title":{"rendered":"La Sharia \u00e8 gi\u00e0 in Italia. Va messa  al bando con una legge. E\u2019 contro la Costituzione e il diritto italiano."},"content":{"rendered":"<p><strong><a href=\"https:\/\/blog.ilgiornale.it\/franza\/files\/2016\/06\/image.jpg\"><img loading=\"lazy\" class=\"alignleft  wp-image-7784\" src=\"https:\/\/blog.ilgiornale.it\/franza\/files\/2016\/06\/image.jpg\" alt=\"image\" width=\"553\" height=\"375\" srcset=\"https:\/\/blog.ilgiornale.it\/franza\/files\/2016\/06\/image.jpg 648w, https:\/\/blog.ilgiornale.it\/franza\/files\/2016\/06\/image-300x203.jpg 300w\" sizes=\"(max-width: 553px) 100vw, 553px\" \/><\/a>Sono ancora tutti l\u00ec i soloni della politica, ad iniziare da Renzi fino alla Boldrini, a battersi il petto perch\u00e9 il nostro giornale ha dato ai lettori il \u201cMein Kampf\u201d, il breviario di Hitler.\u00a0 Certi\u00a0 signori politici non amano leggere, io per la verit\u00e0 quel breviario l\u2019ho letto pi\u00f9 volte cos\u00ec come pi\u00f9 volte ho letto \u201cil diario di Anna Frank\u201d. Eppoi il nostro direttore Sallusti\u00a0 ne ha ben spiegato l&#8217;intento, nonostante da pi\u00f9 parti si sianostracciate le vesti. C\u2019\u00e8 di pi\u00f9. Si spaventano che quel libro circoli in Italia. Non sanno che quel libro circola in Germania da tutte le parti,<\/strong> lo si \u00e8 visto con pi\u00f9 frequenza \u00a0&#8211; anzi l\u2019ho potuto constatare perch\u00e9 spesso sono a Berlino- \u00a0specie in quest\u2019ultimo biennio. Un motivo ci sar\u00e0. Lascio a loro l\u2019analisi sociologica, se ne sono in grado.\u00a0 \u00a0<strong><a href=\"https:\/\/blog.ilgiornale.it\/franza\/files\/2016\/06\/fascismo-islamico.jpg\"><img loading=\"lazy\" class=\"alignleft size-full wp-image-7785\" src=\"https:\/\/blog.ilgiornale.it\/franza\/files\/2016\/06\/fascismo-islamico.jpg\" alt=\"fascismo islamico\" width=\"430\" height=\"260\" srcset=\"https:\/\/blog.ilgiornale.it\/franza\/files\/2016\/06\/fascismo-islamico.jpg 430w, https:\/\/blog.ilgiornale.it\/franza\/files\/2016\/06\/fascismo-islamico-300x181.jpg 300w\" sizes=\"(max-width: 430px) 100vw, 430px\" \/><\/a><\/strong><\/p>\n<p><strong><a href=\"https:\/\/blog.ilgiornale.it\/franza\/files\/2016\/06\/donne-musulmane-violenza-510.jpg\"><img loading=\"lazy\" class=\" size-full wp-image-7786 alignright\" src=\"https:\/\/blog.ilgiornale.it\/franza\/files\/2016\/06\/donne-musulmane-violenza-510.jpg\" alt=\"donne-musulmane-violenza-510\" width=\"510\" height=\"340\" srcset=\"https:\/\/blog.ilgiornale.it\/franza\/files\/2016\/06\/donne-musulmane-violenza-510.jpg 510w, https:\/\/blog.ilgiornale.it\/franza\/files\/2016\/06\/donne-musulmane-violenza-510-300x200.jpg 300w\" sizes=\"(max-width: 510px) 100vw, 510px\" \/><\/a>Ma al di l\u00e0 di questa povera vicenda nostrana, la orrenda e terrificante strage di Orlando negli Stati Uniti mi conferma\u00a0 mille dubbi sui migranti, sull\u2019Islam e sulla sua integrazione. Applaudono i jihadisti con la loro sharia<\/strong>. <strong>Ora la Sharia \u00e8 gi\u00e0 in Italia. L\u2019ultimo numero di Micromega (in edicola) ne approfondisce la questione se taluni \u00a0volessero approfondire. \u00a0\u00a0<\/strong><\/p>\n<p><strong>Parto dal filosofo tedesco \u00a0Peter Sloterdijk\u00a0 il quale ha osservato che \u201c la Sharia\u00a0 \u00e8 un ostacolo\u00a0 al modus vivendi\u00a0 della societ\u00e0 civile\u201d, manifestando inoltre una vivace preoccupazione\u00a0 che una \u201clegge religiosa\u201d possa ledere la Costituzione.<\/strong> E\u2019 inutile che Renzi corra a voler cambiare la nostra ILLUSTRE \u00a0Costituzione Italiana, e spinga per il si, perch\u00e9 \u00a0non c\u2019\u00e8 n\u00e9 affatto bisogno. Noi, come milioni di italiani,\u00a0\u00a0 siamo per il NO. La nostra Costituzione \u00e8 un muro sicuro contro\u00a0 ogni velleitaria egemonia islamica. <strong>Anzi si faccia presto una legge che metta al bando la Sharia, o un futuro partito islamico. <\/strong><\/p>\n<p><strong><a href=\"https:\/\/blog.ilgiornale.it\/franza\/files\/2016\/06\/twitter-siria-amputazione-mano-2.jpg\"><img loading=\"lazy\" class=\"alignleft size-full wp-image-7787\" src=\"https:\/\/blog.ilgiornale.it\/franza\/files\/2016\/06\/twitter-siria-amputazione-mano-2.jpg\" alt=\"twitter-siria-amputazione-mano-2\" width=\"300\" height=\"154\" \/><\/a><a href=\"https:\/\/blog.ilgiornale.it\/franza\/files\/2016\/06\/stato-islamico-esecuzione-omosessuali-1.jpg\"><img loading=\"lazy\" class=\"  wp-image-7788 alignright\" src=\"https:\/\/blog.ilgiornale.it\/franza\/files\/2016\/06\/stato-islamico-esecuzione-omosessuali-1.jpg\" alt=\"stato-islamico-esecuzione-omosessuali-1\" width=\"440\" height=\"275\" srcset=\"https:\/\/blog.ilgiornale.it\/franza\/files\/2016\/06\/stato-islamico-esecuzione-omosessuali-1.jpg 634w, https:\/\/blog.ilgiornale.it\/franza\/files\/2016\/06\/stato-islamico-esecuzione-omosessuali-1-300x187.jpg 300w\" sizes=\"(max-width: 440px) 100vw, 440px\" \/><\/a>Il Brexit inglese va in questo senso, l\u2019Inghilterra non ne vuol sapere di questa politica sub sahariana dell\u2019Europa. E fa bene, perch\u00e9 i politici europei di oggi hanno tradito i Padri Costituenti dell\u2019Europa del secondo\u00a0 dopoguerra. \u00a0Nel paesaggio politico tedesco\u00a0 il nuovo partito-movimento \u201cAlternative fur Deutschland\u201d con il suo leader Frauke Petry ha approvato il nuovo programma in cui si legge, fra l\u2019altro, la frase lapidaria \u201cL\u2019Islam non fa parte della Germania\u201d. Troppo lassismo in tal senso s\u2019\u00e8 lasciato\u00a0 sviluppare in tutta Europa, compresa l\u2019Italia, dove ci sono addirittura sacche di territorio invase da islamici e dove gi\u00e0 esiste, applicata, la sharia.<\/strong> La Lilli Gruber ha\u00a0 detto in TV che\u00a0 in una moschea romana circola un libretto dove gli imam insegnano come battere le donne. Meraviglia che nessun magistrato romano ne abbia chiesto il sequestro e abbia iniziato indagini. Sapete come viene applicata la Sharia? \u00a0Con \u00a0divorzi, matrimoni forzati, eredit\u00e0, ripudi, affidamento dei figli, donne frustate, ecc.ecc.; \u00e8 sul terreno del diritto di famiglia che in tutta Europa sta pericolosamente crescendo un vero e proprio sistema giudiziario parallelo, indipendente e indifferente rispetto a quello vigente, a cui i membri della comunit\u00e0 musulmana si rivolgono. <a href=\"https:\/\/blog.ilgiornale.it\/franza\/files\/2016\/06\/lapidata.png\"><img loading=\"lazy\" class=\"alignleft  wp-image-7789\" src=\"https:\/\/blog.ilgiornale.it\/franza\/files\/2016\/06\/lapidata.png\" alt=\"lapidata\" width=\"518\" height=\"335\" srcset=\"https:\/\/blog.ilgiornale.it\/franza\/files\/2016\/06\/lapidata.png 640w, https:\/\/blog.ilgiornale.it\/franza\/files\/2016\/06\/lapidata-300x194.png 300w\" sizes=\"(max-width: 518px) 100vw, 518px\" \/><\/a>Veri e propri \u2018tribunali\u2019, talvolta persino riconosciuti formalmente sotto la forma dell\u2019arbitrato, che applicano nel cuore dell\u2019Europa i precetti della sharia, vale a dire la legge islamica. <strong>Nonostante gi\u00e0 nel 2001 la Corte europea per i diritti dell\u2019uomo l\u2019abbia dichiarata incompatibile con una democrazia liberale.<\/strong><\/p>\n<p><strong>Ora \u00e8 bene dirselo a chiare lettere e in tutte le lingue possibili, che l\u2019integrazione cos\u00ec concepita non \u00e8 un modello politico per le nuove generazioni, va puntato l\u2019indice di tutti i mali del nostro tempo qui in Europa\u00a0 proprio sul binomio \u201cintegrazione e islam\u201d.<\/strong><\/p>\n<p><strong><a href=\"https:\/\/blog.ilgiornale.it\/franza\/files\/2016\/06\/mecca-632x345.jpg\"><img loading=\"lazy\" class=\"alignleft  wp-image-7790\" src=\"https:\/\/blog.ilgiornale.it\/franza\/files\/2016\/06\/mecca-632x345.jpg\" alt=\"mecca-632x345\" width=\"503\" height=\"275\" srcset=\"https:\/\/blog.ilgiornale.it\/franza\/files\/2016\/06\/mecca-632x345.jpg 632w, https:\/\/blog.ilgiornale.it\/franza\/files\/2016\/06\/mecca-632x345-300x164.jpg 300w\" sizes=\"(max-width: 503px) 100vw, 503px\" \/><\/a>Ci fa aprire bene gli occhi \u00a0-anzi sbarrati- persino un giovane politologo e storico \u00a0tedesco-egiziano\u00a0 \u00a0Hamed Abd El-Samad, 42 anni, nato al Cairo, il quale punta il dito contro \u201cl\u2019ambivalenza\u201d( CHE VUOL DIRE DOPPIA\u00a0 FACCIA) di molti giovani immigrati in Europa; questi profughi -dice -da una parte\u00a0 vogliono la libert\u00e0, ma hanno poi un\u2019educazione conservatrice e islamica, e cio\u00e8 guardano all\u2019Europa ma ne disprezzano i valori. Abd El Samad figlio di un imam sunnita non \u00e8 nuovo a tesi estreme e controverse sul fondamentalismo, espresse anche da poco \u00a0nel \u00a0suo illuminante saggio dal titolo \u201cIl fascismo islamico\u201d, tanto da esser \u00a0stato \u00a0oggetto di una fatwa dell\u2019universit\u00e0 Al-Azhar del Cairo che lo condanna a morte. E\u2019 stato \u00a0condannato a morte dal gruppo terrorista egiziano Al-Jamaa Al-Islamiya. In Germania, dove abita dal 1995, vive sotto scorta. Nonostante le minacce, non manca di divulgare le sue idee, di accusare\u00a0 e\u00a0 in una \u00a0intervista con \u201cl\u2019Espresso\u201dha detto : \u201cL\u2019islam moderato non esiste. Dai tempi di Maometto l\u2019islamista aspira alla teocrazia, lo Stato con Dio come sovrano. Dobbiamo vigilare affinch\u00e9 la cultura islamo-fascista non pervada la societ\u00e0 europea\u201d. Con la Sharia vogliono riportare l\u2019orologio del mondo al VII secolo, ai tempi di Maometto. <\/strong><\/p>\n<p><strong>Ecco perch\u00e9 non ho dubbi,\u00a0 e sto dalla parte non solo di Abd El- Samad \u00a0ma di \u00a0tutti gli Abd El-Samad del mondo islamico perch\u00e9 solo grazie a loro noi tutti\u00a0 potremo ancora \u00a0pensare, ragionare, \u00a0sorridere e sentirci liberi. S\u00ec, liberi.<\/strong><\/p>\n<p><strong>Carlo Franza \u00a0<\/strong><\/p>\n","protected":false},"excerpt":{"rendered":"<p><p>Sono ancora tutti l\u00ec i soloni della politica, ad iniziare da Renzi fino alla Boldrini, a battersi il petto perch\u00e9 il nostro giornale ha dato ai lettori il \u201cMein Kampf\u201d, il breviario di Hitler.\u00a0 Certi\u00a0 signori politici non amano leggere, io per la verit\u00e0 quel breviario l\u2019ho letto pi\u00f9 volte cos\u00ec come pi\u00f9 volte ho letto \u201cil diario di Anna Frank\u201d. Eppoi il nostro direttore Sallusti\u00a0 ne ha ben spiegato l&#8217;intento, nonostante da pi\u00f9 parti si sianostracciate le vesti. C\u2019\u00e8 di pi\u00f9. Si spaventano che quel libro circoli in Italia. Non sanno che quel libro circola in Germania da tutte [&hellip;]<\/p>\n&nbsp;&nbsp;<div class=\"readmore\"><a href=\"https:\/\/blog.ilgiornale.it\/franza\/2016\/06\/13\/la-sharia-e-gia-in-italia-va-messa-al-bando-con-una-legge-e-contro-la-costituzione-e-il-diritto-italiano\/\">Continua a leggere...<\/a><\/div><\/p>","protected":false},"author":1009,"featured_media":0,"comment_status":"open","ping_status":"closed","sticky":false,"template":"","format":"standard","meta":[],"categories":[59281,87,64,28369,51665,4625],"tags":[121548,832,36520,31041,149324,149326,406587,180272,44746,406676],"_links":{"self":[{"href":"https:\/\/blog.ilgiornale.it\/franza\/wp-json\/wp\/v2\/posts\/7783"}],"collection":[{"href":"https:\/\/blog.ilgiornale.it\/franza\/wp-json\/wp\/v2\/posts"}],"about":[{"href":"https:\/\/blog.ilgiornale.it\/franza\/wp-json\/wp\/v2\/types\/post"}],"author":[{"embeddable":true,"href":"https:\/\/blog.ilgiornale.it\/franza\/wp-json\/wp\/v2\/users\/1009"}],"replies":[{"embeddable":true,"href":"https:\/\/blog.ilgiornale.it\/franza\/wp-json\/wp\/v2\/comments?post=7783"}],"version-history":[{"count":3,"href":"https:\/\/blog.ilgiornale.it\/franza\/wp-json\/wp\/v2\/posts\/7783\/revisions"}],"predecessor-version":[{"id":7793,"href":"https:\/\/blog.ilgiornale.it\/franza\/wp-json\/wp\/v2\/posts\/7783\/revisions\/7793"}],"wp:attachment":[{"href":"https:\/\/blog.ilgiornale.it\/franza\/wp-json\/wp\/v2\/media?parent=7783"}],"wp:term":[{"taxonomy":"category","embeddable":true,"href":"https:\/\/blog.ilgiornale.it\/franza\/wp-json\/wp\/v2\/categories?post=7783"},{"taxonomy":"post_tag","embeddable":true,"href":"https:\/\/blog.ilgiornale.it\/franza\/wp-json\/wp\/v2\/tags?post=7783"}],"curies":[{"name":"wp","href":"https:\/\/api.w.org\/{rel}","templated":true}]}}