{"id":792,"date":"2013-07-26T12:58:06","date_gmt":"2013-07-26T12:58:06","guid":{"rendered":"https:\/\/blog.ilgiornale.it\/franza\/?p=792"},"modified":"2013-07-26T12:58:06","modified_gmt":"2013-07-26T12:58:06","slug":"osvaldo-moi-lo-scultore-dei-reali-del-principato-di-monaco","status":"publish","type":"post","link":"https:\/\/blog.ilgiornale.it\/franza\/2013\/07\/26\/osvaldo-moi-lo-scultore-dei-reali-del-principato-di-monaco\/","title":{"rendered":"Osvaldo Moi, lo scultore dei Reali del Principato di Monaco"},"content":{"rendered":"<p lang=\"it-IT\" align=\"JUSTIFY\"><span style=\"color: #000000\"><span style=\"font-family: Courier New, monospace\"><span style=\"font-size: small\"><span style=\"color: #000000\"><span style=\"font-family: Times New Roman, serif\"><span style=\"font-size: medium\"><strong><a href=\"https:\/\/blog.ilgiornale.it\/franza\/files\/2013\/07\/Alberto-II-di-Monaco-Osvaldo-Moi-12.jpg\"><img loading=\"lazy\" class=\"alignleft size-medium wp-image-796\" src=\"https:\/\/blog.ilgiornale.it\/franza\/files\/2013\/07\/Alberto-II-di-Monaco-Osvaldo-Moi-12-300x239.jpg\" alt=\"\" width=\"300\" height=\"239\" srcset=\"https:\/\/blog.ilgiornale.it\/franza\/files\/2013\/07\/Alberto-II-di-Monaco-Osvaldo-Moi-12-300x239.jpg 300w, https:\/\/blog.ilgiornale.it\/franza\/files\/2013\/07\/Alberto-II-di-Monaco-Osvaldo-Moi-12.jpg 1024w\" sizes=\"(max-width: 300px) 100vw, 300px\" \/><\/a>E&#8217; chiamato lo scultore del Principato, l&#8217;artista a cui\u00a0 i regnanti<br \/>\ntengono di pi\u00f9. Osvaldo Moi, classe 1961,italiano, anzi sardo di origine(<\/strong><\/span><\/span><\/span><span style=\"color: #000000\"><span style=\"font-family: Times New Roman, serif\"><span style=\"font-size: medium\">Silius in provincia di Cagliari), con in tasca un diploma di geometra,ma scultore e pittore autodidatta, ha negli anni acquisito un curriculum artistico veramente rispettoso, e\u00a0 questo lavoro \u00e8 andato di pari passo con quello che ha svolto e svolge tutti i giorni, ossia sottufficiale e pilota di elicotteri per l&#8217;Esercito italiano dal 1980. Infatti dal 1983 al 95 \u00e8\u00a0 stato testimonial (su 54 tra quotidiani, riviste settimanali, mensili nazionali) della Scuola Allievi Sottufficiali dell\u2019Esercito Italiano. <\/span><\/span><\/span><span style=\"font-family: Times New Roman, serif\"><span style=\"font-size: medium\">Nel dicembre 88, presente in Libano come Pilota di Elicotteri per l\u2019ONU (Unifil), viene inviato a New York alle Nazioni Unite quale rappresentante dei Caschi Blu per ricevere il premio <\/span><\/span><span style=\"font-family: Times New Roman, serif\"><span style=\"font-size: medium\"><strong>Nobel della Pace<\/strong><\/span><\/span><span style=\"font-family: Times New Roman, serif\"><span style=\"font-size: medium\">. Ha partecipato alla missione UNIFIL Uno (1987-88-89) e Due \u201cLeonte\u201d (2007 &#8211; 2008) per 17 mesi nel Sud del Libano a Naqoura con l\u2019ONU, ha volato con gli elicotteri dell\u2019EI in Israele, Grecia, Turchia, in Ungheria, Norvegia; con la NATO, dal 1997 al 2012 ha trascorso 36 mesi in Bosnia a Sarajevo con la SFOR e l\u2019EUFOR sempre come pilota di elicotteri AB205. Nei 32 anni di servizio militare, quando non era all\u2019estero o in missione, ha sempre dedicato il suo tempo libero all&#8217;arte e alla scultura ,sicch\u00e8 di lui dicono che \u00e8\u00a0 raffinato, ironico e geniale, mentre <\/span><\/span><span style=\"font-family: Times New Roman, serif\"><span style=\"font-size: medium\"><strong>il critico d&#8217;arte Vittorio Sgarbi s&#8217;\u00e8 detto\u00a0 fortunato d&#8217;averlo incontrato<\/strong><\/span><\/span><span style=\"font-family: Times New Roman, serif\"><span style=\"font-size: medium\">.<\/span><\/span><span style=\"color: #000000\"><span style=\"font-family: Times New Roman, serif\"><span style=\"font-size: medium\">C&#8217;\u00e8 di pi\u00f9 . Quando si trova in cucina con\u00a0 rapidit\u00e0 e inventiva riesce a trasformare la sua arte in capolavori di gusto e bellezza\u00a0 e si pu\u00f2 dire che dopo il volo e la scultura, la cucina \u00e8 predominante a tutto, tanto che la ristorazione \u00e8 stato anche un altro suo lavoro e sarebbe ancora un\u00a0 sogno\u00a0 da coltivare. <a href=\"https:\/\/blog.ilgiornale.it\/franza\/files\/2013\/07\/Monumento-Torino-122.jpg\"><img loading=\"lazy\" class=\"alignleft size-medium wp-image-801\" src=\"https:\/\/blog.ilgiornale.it\/franza\/files\/2013\/07\/Monumento-Torino-122-200x300.jpg\" alt=\"\" width=\"200\" height=\"300\" srcset=\"https:\/\/blog.ilgiornale.it\/franza\/files\/2013\/07\/Monumento-Torino-122-200x300.jpg 200w, https:\/\/blog.ilgiornale.it\/franza\/files\/2013\/07\/Monumento-Torino-122-682x1024.jpg 682w\" sizes=\"(max-width: 200px) 100vw, 200px\" \/><\/a><\/span><\/span><\/span><span style=\"color: #000000\"><span style=\"font-family: Times New Roman, serif\"><span style=\"font-size: medium\"><strong>Ha realizzato tre monumenti dedicati ai Caduti di Nassiriya (Torino, Novara e Pianezza), il Busto del Presidente della Repubblica GiorgioNapolitano al Quirinale, un ritratto del Presidente presso l&#8217;Ambasciata Italiana a Monte Carlo,<\/strong><\/span><\/span><\/span><span style=\"color: #000000\"><span style=\"font-family: Times New Roman, serif\"><span style=\"font-size: medium\"><br \/>\nnumerosi altri ritratti a personaggi pubblici tra cui il Principe Alberto Grimaldi II di Monaco, Carlo Verdone, Giorgio Faletti, Irene Grandi. Dal 2003 con l\u2019associazione umanitaria \u201cTutti artisti\u201d ha partecipato a molte iniziative benefiche, tra cui gli Ice Sledge<a href=\"https:\/\/blog.ilgiornale.it\/franza\/files\/2013\/07\/Andrea-Casiraghi-Charlotte-Casiraghi-premiano-Max-Biaggi-Giancarlo-Fisichella-con-i-trofei-di-Osvaldo-Moi-31.jpg\"><img loading=\"lazy\" class=\"alignright size-medium wp-image-798\" src=\"https:\/\/blog.ilgiornale.it\/franza\/files\/2013\/07\/Andrea-Casiraghi-Charlotte-Casiraghi-premiano-Max-Biaggi-Giancarlo-Fisichella-con-i-trofei-di-Osvaldo-Moi-31-300x203.jpg\" alt=\"\" width=\"300\" height=\"203\" srcset=\"https:\/\/blog.ilgiornale.it\/franza\/files\/2013\/07\/Andrea-Casiraghi-Charlotte-Casiraghi-premiano-Max-Biaggi-Giancarlo-Fisichella-con-i-trofei-di-Osvaldo-Moi-31-300x203.jpg 300w, https:\/\/blog.ilgiornale.it\/franza\/files\/2013\/07\/Andrea-Casiraghi-Charlotte-Casiraghi-premiano-Max-Biaggi-Giancarlo-Fisichella-con-i-trofei-di-Osvaldo-Moi-31.jpg 645w\" sizes=\"(max-width: 300px) 100vw, 300px\" \/><\/a>\u00a0Hockey European Championships del 2007, la 7\u00aa World Stars Ski Event \/ 2013 manifestazione sciistica svolta a Limone Piemonte il 2 marzo 2013, organizzata dalla A.S. Star Team for the Children MC fondata dal Principe Alberto II, e la partita benefica 20\u00b0 World Stars Football Match svoltasi allo Stade Louis II di Monaco nel maggio 2013 per la Fondazione Princesse Charlene di Monaco, a favore dell\u2019infanzia disagiata nel mondo. <\/span><\/span><\/span><span style=\"color: #000000\"><span style=\"font-family: Times New Roman, serif\"><span style=\"font-size: medium\"><strong>Le sculture\u00a0 di Osvaldo Moi sono il punto nobile dei regnanti di Monaco, soprattutto di Alberto II, che le utilizzano in vari occasioni, sportive, di ricevimenti ufficiali, di beneficenza. <a href=\"https:\/\/blog.ilgiornale.it\/franza\/files\/2013\/07\/Ges\u00f9-SINDONE-Bronzo-51.jpg\"><img loading=\"lazy\" class=\"alignleft size-medium wp-image-809\" src=\"https:\/\/blog.ilgiornale.it\/franza\/files\/2013\/07\/Ges\u00f9-SINDONE-Bronzo-51-300x211.jpg\" alt=\"\" width=\"300\" height=\"211\" srcset=\"https:\/\/blog.ilgiornale.it\/franza\/files\/2013\/07\/Ges\u00f9-SINDONE-Bronzo-51-300x211.jpg 300w, https:\/\/blog.ilgiornale.it\/franza\/files\/2013\/07\/Ges\u00f9-SINDONE-Bronzo-51-1024x723.jpg 1024w, https:\/\/blog.ilgiornale.it\/franza\/files\/2013\/07\/Ges\u00f9-SINDONE-Bronzo-51.jpg 1087w\" sizes=\"(max-width: 300px) 100vw, 300px\" \/><\/a><\/strong><\/span><\/span><\/span><span style=\"color: #000000\"><span style=\"font-family: Times New Roman, serif\"><span style=\"font-size: medium\">Esse hanno uno stile sobrio ed originale, che privilegia curve essenziali e amore per il dettaglio, ma sono anche il segno di una passione e di una sensibilit\u00e0 non comune che l&#8217;artista italiano si porta dentro fin dalla giovane et\u00e0. E l&#8217;Ambasciatore d&#8217;Italia a Monaco Antonio Morabito\u00a0 ci conferma che lo scultore italiano Osvaldo Moi fa cos\u00ec grande onore all&#8217;Italia e soprattutto all&#8217;arte italiana nel mondo. <\/span><\/span><\/span><\/span><\/span><\/span><\/p>\n<p lang=\"it-IT\" align=\"JUSTIFY\"><span style=\"color: #000000\"><span style=\"font-family: Times New Roman, serif\"><span style=\"font-size: medium\">Carlo Franza<\/span><\/span><\/span><\/p>\n<p>&nbsp;<\/p>\n<p align=\"CENTER\"><span style=\"font-family: Times New Roman, serif\"><span style=\"font-size: medium\"><strong>&#8211;<br \/>\n<\/strong><\/span><\/span><\/p>\n<p>&nbsp;<\/p>\n","protected":false},"excerpt":{"rendered":"<p><p>E&#8217; chiamato lo scultore del Principato, l&#8217;artista a cui\u00a0 i regnanti tengono di pi\u00f9. Osvaldo Moi, classe 1961,italiano, anzi sardo di origine(Silius in provincia di Cagliari), con in tasca un diploma di geometra,ma scultore e pittore autodidatta, ha negli anni acquisito un curriculum artistico veramente rispettoso, e\u00a0 questo lavoro \u00e8 andato di pari passo con quello che ha svolto e svolge tutti i giorni, ossia sottufficiale e pilota di elicotteri per l&#8217;Esercito italiano dal 1980. Infatti dal 1983 al 95 \u00e8\u00a0 stato testimonial (su 54 tra quotidiani, riviste settimanali, mensili nazionali) della Scuola Allievi Sottufficiali dell\u2019Esercito Italiano. Nel dicembre 88, [&hellip;]<\/p>\n&nbsp;&nbsp;<div class=\"readmore\"><a href=\"https:\/\/blog.ilgiornale.it\/franza\/2013\/07\/26\/osvaldo-moi-lo-scultore-dei-reali-del-principato-di-monaco\/\">Continua a leggere...<\/a><\/div><\/p>","protected":false},"author":1009,"featured_media":0,"comment_status":"open","ping_status":"closed","sticky":false,"template":"","format":"standard","meta":[],"categories":[9894,17505,35188,28369,17494],"tags":[35195,35192,35194,35193,28306],"_links":{"self":[{"href":"https:\/\/blog.ilgiornale.it\/franza\/wp-json\/wp\/v2\/posts\/792"}],"collection":[{"href":"https:\/\/blog.ilgiornale.it\/franza\/wp-json\/wp\/v2\/posts"}],"about":[{"href":"https:\/\/blog.ilgiornale.it\/franza\/wp-json\/wp\/v2\/types\/post"}],"author":[{"embeddable":true,"href":"https:\/\/blog.ilgiornale.it\/franza\/wp-json\/wp\/v2\/users\/1009"}],"replies":[{"embeddable":true,"href":"https:\/\/blog.ilgiornale.it\/franza\/wp-json\/wp\/v2\/comments?post=792"}],"version-history":[{"count":11,"href":"https:\/\/blog.ilgiornale.it\/franza\/wp-json\/wp\/v2\/posts\/792\/revisions"}],"predecessor-version":[{"id":811,"href":"https:\/\/blog.ilgiornale.it\/franza\/wp-json\/wp\/v2\/posts\/792\/revisions\/811"}],"wp:attachment":[{"href":"https:\/\/blog.ilgiornale.it\/franza\/wp-json\/wp\/v2\/media?parent=792"}],"wp:term":[{"taxonomy":"category","embeddable":true,"href":"https:\/\/blog.ilgiornale.it\/franza\/wp-json\/wp\/v2\/categories?post=792"},{"taxonomy":"post_tag","embeddable":true,"href":"https:\/\/blog.ilgiornale.it\/franza\/wp-json\/wp\/v2\/tags?post=792"}],"curies":[{"name":"wp","href":"https:\/\/api.w.org\/{rel}","templated":true}]}}