{"id":7961,"date":"2016-07-14T23:44:54","date_gmt":"2016-07-14T23:44:54","guid":{"rendered":"https:\/\/blog.ilgiornale.it\/franza\/?p=7961"},"modified":"2016-07-14T23:44:54","modified_gmt":"2016-07-14T23:44:54","slug":"il-musulmano-gharrach-mourad-alla-fondazione-blachere-le-sue-foto-insieme-ad-altri-artisti-africani-gettano-un-ponte-tra-europa-e-africa","status":"publish","type":"post","link":"https:\/\/blog.ilgiornale.it\/franza\/2016\/07\/14\/il-musulmano-gharrach-mourad-alla-fondazione-blachere-le-sue-foto-insieme-ad-altri-artisti-africani-gettano-un-ponte-tra-europa-e-africa\/","title":{"rendered":"Il musulmano Gharrach Mourad alla Fondazione Blach\u00e8re. Le sue foto insieme ad altri artisti africani  gettano un ponte tra Europa e Africa."},"content":{"rendered":"<p><strong><a href=\"https:\/\/blog.ilgiornale.it\/franza\/files\/2016\/07\/4130007807_a5e6dd228e_b.jpg\"><img loading=\"lazy\" class=\"alignleft size-full wp-image-7962\" src=\"https:\/\/blog.ilgiornale.it\/franza\/files\/2016\/07\/4130007807_a5e6dd228e_b-e1468539052665.jpg\" alt=\"4130007807_a5e6dd228e_b\" width=\"324\" height=\"215\" \/><\/a>La fotografa Fran\u00e7oise Huguier, che \u00e8 stata presente, nel \u00a01994, all\u2019iniziativa dei \u201c Rencontres de la photographie de Bamako\u201d, ha \u00a0accettato la curatela, come commissario, di<\/strong> <strong>questa nuova esposizione della Fondazione Blach\u00e8re(384 avenue des Argiles 84400 Apt Francia) dal titolo \u201cRegard sur la photographie africaine\u201d.<\/strong> E\u2019 da tenere presente che \u201cLa collection d\u2019art contemporain de la fondation Blach\u00e8re illustre la vitalit\u00e9 et la cr\u00e9ativit\u00e9 photographique du continent Africain, aussi vari\u00e9es que sa musique et son histoire ancienne et contemporaine\u201d.<\/p>\n<p><a href=\"https:\/\/blog.ilgiornale.it\/franza\/files\/2016\/07\/BIENNALE-2.jpg\"><img loading=\"lazy\" class=\"  wp-image-7963 alignright\" src=\"https:\/\/blog.ilgiornale.it\/franza\/files\/2016\/07\/BIENNALE-2.jpg\" alt=\"BIENNALE (2)\" width=\"297\" height=\"395\" srcset=\"https:\/\/blog.ilgiornale.it\/franza\/files\/2016\/07\/BIENNALE-2.jpg 400w, https:\/\/blog.ilgiornale.it\/franza\/files\/2016\/07\/BIENNALE-2-225x300.jpg 225w\" sizes=\"(max-width: 297px) 100vw, 297px\" \/><\/a>I nuovi fotografi, ovviamente tentati dalla quadricromia sono impegnati entro una visione pi\u00f9 globale e senza concessioni. L\u2019evoluzione della foto, talvolta associata a video, \u00e8 stata aperta a tutte le prospettive\u00a0 per le donne artiste\u00a0 elargendo nuove visualit\u00e0, piaceri e sguardi\u00a0 sulla scena dell\u2019arte contemporanea africana. <strong>Tra tutti i fotografi africani presenti di cui \u00a0diamo un elenco totale qui appresso, Mourad Gharrach \u00e8 quello che ha gi\u00e0 fatto parlare molto di se per le sue donne velate e col seno scoperto. \u00a0\u201cHo studiato a lungo Botticelli\u201d,\u00a0 disse a suo tempo \u00a0Gharrach Mourad, fotografo di sangue tunisino nato a Parigi nel 1982. La classicit\u00e0 della sua \u00abFemme Mauresque\u00bb \u00e8 evidente, come lo scandalo. Infa<\/strong><strong><a href=\"https:\/\/blog.ilgiornale.it\/franza\/files\/2016\/07\/malick-sidibe.jpg\"><img loading=\"lazy\" class=\"alignleft  wp-image-7964\" src=\"https:\/\/blog.ilgiornale.it\/franza\/files\/2016\/07\/malick-sidibe.jpg\" alt=\"malick-sidibe\" width=\"372\" height=\"305\" srcset=\"https:\/\/blog.ilgiornale.it\/franza\/files\/2016\/07\/malick-sidibe.jpg 655w, https:\/\/blog.ilgiornale.it\/franza\/files\/2016\/07\/malick-sidibe-300x246.jpg 300w\" sizes=\"(max-width: 372px) 100vw, 372px\" \/><\/a><\/strong><strong>tti\u00a0 il \u00a0fotografo di cultura musulmana ebbe\u00a0 modo di<\/strong> <strong>fotografare \u00a0\u00a0una splendida ragazza velata di brocc<\/strong><strong>ato nero, \u00a0e al centro di quell&#8217;abito islamico tradizionale femminile, sporgeva splendente \u00a0un magnifico seno mediterraneo e uno squarcio di ventre. Mourad\u00a0 allora disse che aveva\u00a0 voluto \u201cnegare la volgarit\u00e0 del nudo occidentale e la parallela volgarit\u00e0 del burqa musulmano. S\u00ec, lo so, \u00e8 la prima volta che in un velo islamico appare il nudo. Ma \u00e8 la sintesi tra le mie due culture\u201d.\u00a0 Ora lo ritroviamo insieme ad altri fotografi anche alla Fondazione Blach\u00e8re ma sappiamo che \u00a0Mourad vorrebbe esporre in Italia.<a href=\"https:\/\/blog.ilgiornale.it\/franza\/files\/2016\/07\/samuel-fosso.jpg\"><img loading=\"lazy\" class=\"  wp-image-7965 alignright\" src=\"https:\/\/blog.ilgiornale.it\/franza\/files\/2016\/07\/samuel-fosso.jpg\" alt=\"samuel-fosso\" width=\"352\" height=\"351\" srcset=\"https:\/\/blog.ilgiornale.it\/franza\/files\/2016\/07\/samuel-fosso.jpg 425w, https:\/\/blog.ilgiornale.it\/franza\/files\/2016\/07\/samuel-fosso-150x150.jpg 150w, https:\/\/blog.ilgiornale.it\/franza\/files\/2016\/07\/samuel-fosso-300x300.jpg 300w\" sizes=\"(max-width: 352px) 100vw, 352px\" \/><\/a><\/strong><\/p>\n<p>Gli Artisti presenti: \u00a0Rui Assubuji (Mozambico), Alioune Ba (Mali), Sammy Baloji (RDC), Adama Bamba (Mali), Mory Bamba (Mali), Arturo Bibang (Guin\u00e9e Equatoriale), Berry Bickle (Zimbabwe), Jodi Bieber (Afrique du Sud) , Mohamed Camara (Mali), Bob Cnoops (Afrique du Sud), Nestor Da (Costa d&#8217;Avorio), Jean Depara (Angola), Saidou Dicko (Burkina Faso), Calvin Dondo (Zimbabwe), Ang\u00e8le Etoundi Essamba (Cameroun), Samuel Fosso (Camerun), Fran\u00e7ois-Xavier Gbre (Francia \/ Costa d&#8217;Avorio),<strong> Mourad Gharrach (Tunisie),<\/strong> Uche Okpa Iroha (Nigeria), Amadou Kan Sy (Senegal), Nono Katanga (RDC), Kiripi Katembo (RDC) , Seydou Keita (Mali), Nicea Kossentini (Tunisie), Oumar Ly (Senegal), Hamidou Ma\u00efga (Burkina Faso), Baudouin Mouanda (RDC), Zanele Muholi (Afrique du Sud), Tsvangirahi Mukwazhi (Zimbabwe), Malik Nejmi (Maroc ), Samuel Nkosi Oupa (Afrique du Sud), JD Okhai Ojeikere (Nigeria), Nyaba Leon Ouedraogo (Burkina Faso), Mauro Pinto (Mozambico), Joe Pollitt (Angleterre), Ouassa Pangassy Sangare (Mali), J\u00fcrgen Schadeberg (Allemagne) , Malick Sidib\u00e9 (Mali), Amadou Sow (Senegal), Mbakarou Toure (Mali), Pierre Verger (Francia).<\/p>\n<p><strong>La mostra d\u00e0 uno spaccato totale della fotografia africana messa in piedi da fotografi africani. Vale la pena vederla. Talvolta appare come un pugno forte verso le religioni e le credenze popolari. Segno che qualcosa si muove. <\/strong><\/p>\n<p><strong>Carlo Franza <\/strong><strong>\u00a0<\/strong><\/p>\n<p>&nbsp;<\/p>\n","protected":false},"excerpt":{"rendered":"<p><p>La fotografa Fran\u00e7oise Huguier, che \u00e8 stata presente, nel \u00a01994, all\u2019iniziativa dei \u201c Rencontres de la photographie de Bamako\u201d, ha \u00a0accettato la curatela, come commissario, di questa nuova esposizione della Fondazione Blach\u00e8re(384 avenue des Argiles 84400 Apt Francia) dal titolo \u201cRegard sur la photographie africaine\u201d. E\u2019 da tenere presente che \u201cLa collection d\u2019art contemporain de la fondation Blach\u00e8re illustre la vitalit\u00e9 et la cr\u00e9ativit\u00e9 photographique du continent Africain, aussi vari\u00e9es que sa musique et son histoire ancienne et contemporaine\u201d. I nuovi fotografi, ovviamente tentati dalla quadricromia sono impegnati entro una visione pi\u00f9 globale e senza concessioni. L\u2019evoluzione della foto, talvolta [&hellip;]<\/p>\n&nbsp;&nbsp;<div class=\"readmore\"><a href=\"https:\/\/blog.ilgiornale.it\/franza\/2016\/07\/14\/il-musulmano-gharrach-mourad-alla-fondazione-blachere-le-sue-foto-insieme-ad-altri-artisti-africani-gettano-un-ponte-tra-europa-e-africa\/\">Continua a leggere...<\/a><\/div><\/p>","protected":false},"author":1009,"featured_media":0,"comment_status":"open","ping_status":"closed","sticky":false,"template":"","format":"standard","meta":[],"categories":[59281,9894,44441,87,28340,53741,17505,35188,64,28369],"tags":[59480,180371,180372,14,180374,180370,180373],"_links":{"self":[{"href":"https:\/\/blog.ilgiornale.it\/franza\/wp-json\/wp\/v2\/posts\/7961"}],"collection":[{"href":"https:\/\/blog.ilgiornale.it\/franza\/wp-json\/wp\/v2\/posts"}],"about":[{"href":"https:\/\/blog.ilgiornale.it\/franza\/wp-json\/wp\/v2\/types\/post"}],"author":[{"embeddable":true,"href":"https:\/\/blog.ilgiornale.it\/franza\/wp-json\/wp\/v2\/users\/1009"}],"replies":[{"embeddable":true,"href":"https:\/\/blog.ilgiornale.it\/franza\/wp-json\/wp\/v2\/comments?post=7961"}],"version-history":[{"count":1,"href":"https:\/\/blog.ilgiornale.it\/franza\/wp-json\/wp\/v2\/posts\/7961\/revisions"}],"predecessor-version":[{"id":7966,"href":"https:\/\/blog.ilgiornale.it\/franza\/wp-json\/wp\/v2\/posts\/7961\/revisions\/7966"}],"wp:attachment":[{"href":"https:\/\/blog.ilgiornale.it\/franza\/wp-json\/wp\/v2\/media?parent=7961"}],"wp:term":[{"taxonomy":"category","embeddable":true,"href":"https:\/\/blog.ilgiornale.it\/franza\/wp-json\/wp\/v2\/categories?post=7961"},{"taxonomy":"post_tag","embeddable":true,"href":"https:\/\/blog.ilgiornale.it\/franza\/wp-json\/wp\/v2\/tags?post=7961"}],"curies":[{"name":"wp","href":"https:\/\/api.w.org\/{rel}","templated":true}]}}