{"id":8249,"date":"2016-09-24T12:26:10","date_gmt":"2016-09-24T12:26:10","guid":{"rendered":"https:\/\/blog.ilgiornale.it\/franza\/?p=8249"},"modified":"2016-09-24T12:26:10","modified_gmt":"2016-09-24T12:26:10","slug":"grande-evento-in-via-margutta-a-roma-con-14-sculture-monumentali-da-arturo-martini-a-maraniello","status":"publish","type":"post","link":"https:\/\/blog.ilgiornale.it\/franza\/2016\/09\/24\/grande-evento-in-via-margutta-a-roma-con-14-sculture-monumentali-da-arturo-martini-a-maraniello\/","title":{"rendered":"Grande evento in via Margutta a Roma con  14 sculture monumentali, da Arturo Martini a Maraniello."},"content":{"rendered":"<p><strong><a href=\"https:\/\/blog.ilgiornale.it\/franza\/files\/2016\/09\/Via-Margutta-1-480x288.jpg\"><img loading=\"lazy\" class=\"alignleft size-full wp-image-8250\" src=\"https:\/\/blog.ilgiornale.it\/franza\/files\/2016\/09\/Via-Margutta-1-480x288-e1474718450987.jpg\" alt=\"Via-Margutta-1-480x288\" width=\"380\" height=\"228\" \/><\/a>Roma ritrova l\u2019aria degli anni S<\/strong><strong><a href=\"https:\/\/blog.ilgiornale.it\/franza\/files\/2016\/09\/Fazzini-Figura-che-cammina-150x150.jpg\"><img loading=\"lazy\" class=\" size-full wp-image-8251 alignright\" src=\"https:\/\/blog.ilgiornale.it\/franza\/files\/2016\/09\/Fazzini-Figura-che-cammina-150x150.jpg\" alt=\"Fazzini-Figura-che-cammina-150x150\" width=\"150\" height=\"150\" \/><\/a><\/strong><strong>essanta, quando tra Piazza del Popolo con la Scuola Italiana Pop e Via Margutta era tutta una festa di arte, cene, <a href=\"https:\/\/blog.ilgiornale.it\/franza\/files\/2016\/09\/giuseppemaraniello-ilgattodormerotondo-viamargutta.jpg\"><img loading=\"lazy\" class=\"alignleft  wp-image-8252\" src=\"https:\/\/blog.ilgiornale.it\/franza\/files\/2016\/09\/giuseppemaraniello-ilgattodormerotondo-viamargutta.jpg\" alt=\"giuseppemaraniello-ilgattodormerotondo-viamargutta\" width=\"434\" height=\"249\" srcset=\"https:\/\/blog.ilgiornale.it\/franza\/files\/2016\/09\/giuseppemaraniello-ilgattodormerotondo-viamargutta.jpg 523w, https:\/\/blog.ilgiornale.it\/franza\/files\/2016\/09\/giuseppemaraniello-ilgattodormerotondo-viamargutta-300x172.jpg 300w\" sizes=\"(max-width: 434px) 100vw, 434px\" \/><\/a>incontri, affar<\/strong><strong>i, ecc.Ricordo bene quegli anni, perch\u00e8 li ho vissuti da laureando e da giovane <\/strong><strong>professore alla Sapienza. Ora\u00a0 \u00e8 accaduto <a href=\"https:\/\/blog.ilgiornale.it\/franza\/files\/2016\/09\/Raphael-Mafai-Fuga-da-Sodoma-150x150.jpg\"><img loading=\"lazy\" class=\" size-full wp-image-8253 alignright\" src=\"https:\/\/blog.ilgiornale.it\/franza\/files\/2016\/09\/Raphael-Mafai-Fuga-da-Sodoma-150x150.jpg\" alt=\"Raphael-Mafai-Fuga-da-Sodoma-150x150\" width=\"150\" height=\"150\" \/><\/a>qualcosa di miracoloso\u00a0 nel perime<\/strong><strong>tro \u00a0di via Margutta, pieno centro storico di Roma, \u00a0con il posizionamento all\u2019aperto di ben 14 sculture monumentali, \u00a0\u00a0dove resteranno per un mese. Quattordici sculture \u00a0dei pi\u00f9 grandi scultori del Novecento, ovvero \u00a0di<\/strong> <strong>Arturo Martini<\/strong>, <strong>Antonietta Rapha\u00ebl<\/strong>, <strong>Francesco Messina<\/strong>, <strong>Giacomo Manz\u00f9<\/strong>, <strong>Pericle Fazzini<\/strong>, <strong>Pietro Consagra<\/strong>, <strong>Arnaldo Pomodoro<\/strong>, <strong>Augusto Perez<\/strong>, <strong>Eugenia Albini<\/strong>, <strong>Giuliano Vangi<\/strong>, <strong>Floriano B<\/strong><strong><a href=\"https:\/\/blog.ilgiornale.it\/franza\/files\/2016\/09\/Martini-la-Leggenda-di-S.-Giorgio-150x150.jpg\"><img loading=\"lazy\" class=\"alignleft size-full wp-image-8254\" src=\"https:\/\/blog.ilgiornale.it\/franza\/files\/2016\/09\/Martini-la-Leggenda-di-S.-Giorgio-150x150.jpg\" alt=\"Martini-la-Leggenda-di-S.-Giorgio-150x150\" width=\"150\" height=\"150\" \/><\/a><a href=\"https:\/\/blog.ilgiornale.it\/franza\/files\/2016\/09\/Mambor-Raccoglitore-di-pioggia-150x150.jpg\"><img loading=\"lazy\" class=\" size-full wp-image-8255 alignright\" src=\"https:\/\/blog.ilgiornale.it\/franza\/files\/2016\/09\/Mambor-Raccoglitore-di-pioggia-150x150.jpg\" alt=\"Mambor-Raccoglitore-di-pioggia-150x150\" width=\"150\" height=\"150\" \/><\/a><\/strong><strong>odini<\/strong>, <strong>Renato Mambor<\/strong>, e <strong>Giuseppe Maraniello<\/strong>. Il titolo della mostra \u00e8\u00a0 \u201cVia Margutta scolpisce il contemporaneo\u201d,\u00e8 promossa da <strong>Galleria Monogramma<\/strong> con la <strong>Fondazione Terzo Pilastro \u2013 Italia Mediterraneo<\/strong>, ed \u00e8\u00a0 a cura del collega \u00a0Gabriele Simongini. \u201c<em>Sono particolarmente lieto<\/em>\u201c, dice Emmanuele Emanuele, \u201c<em>di aver contribuito in maniera significativa alla realizzazione di questo progetto. Via Margutta negli Anni Sessanta era l\u2019epicentro della vita culturale della citt\u00e0, come ho spesso ricordato quando ho realizzato nella sede di Palazzo Cipolla la mostra \u2018Gli Irripetibili Anni \u201960\u2019, popolata da<\/em><strong><a href=\"https:\/\/blog.ilgiornale.it\/franza\/files\/2016\/09\/Messina-Lady-MacBeth-150x150.jpg\"><img loading=\"lazy\" class=\"alignleft size-full wp-image-8256\" src=\"https:\/\/blog.ilgiornale.it\/franza\/files\/2016\/09\/Messina-Lady-MacBeth-150x150.jpg\" alt=\"Messina-Lady-MacBeth-150x150\" width=\"150\" height=\"150\" \/><\/a><\/strong><em>gli artisti a me cari divenuti nel tempo anche miei amici quali Schifano, Angeli, Festa, Mambor e altri<\/em>\u201d<\/p>\n<p>Spiega il gallerista Giovanni Morabito: \u201cSono molti anni che penso a questo grande evento: arricchire per un mese intero la strada con \u00a0opere monumentali di alcuni fra i pi\u00f9 importanti scultori del Novecento, due dei quali, Fazzini e Consagra, hanno operato proprio in via Margutta. Mi auguro sia il primo di una serie di eventi culturali che servano ad un serio rilancio di questa bellissima strada che conta centinaia di anni di storia artistica\u201d.<\/p>\n<p><strong>Cos\u00ec, fino al 16 ottobre, \u00e8 possibile passeggiare \u00a0accanto a un secolo di statuaria, attraversarlo nella ridefinizione degli stili della scultura \u201cclassica\u201d, \u00a0in un luogo che \u2013 ricorda il Presidente di Terzo Pilastro Emmanuele Emanuele \u201cera l&#8217;epicentro della vita culturale della citt\u00e0\u201d.<\/strong><\/p>\n<p><strong>Evento da non perdere. Ripeto miracoloso,perch\u00e8 l&#8217;arte d\u00e0 speranza, crescita culturale, e Roma pu\u00f2 e deve ritrovare il cuore del mondo che gli appartiene.<br \/>\n<\/strong><\/p>\n<p><strong>\u00a0Carlo Franza<\/strong><\/p>\n<p>&nbsp;<\/p>\n","protected":false},"excerpt":{"rendered":"<p><p>Roma ritrova l\u2019aria degli anni Sessanta, quando tra Piazza del Popolo con la Scuola Italiana Pop e Via Margutta era tutta una festa di arte, cene, incontri, affari, ecc.Ricordo bene quegli anni, perch\u00e8 li ho vissuti da laureando e da giovane professore alla Sapienza. Ora\u00a0 \u00e8 accaduto qualcosa di miracoloso\u00a0 nel perimetro \u00a0di via Margutta, pieno centro storico di Roma, \u00a0con il posizionamento all\u2019aperto di ben 14 sculture monumentali, \u00a0\u00a0dove resteranno per un mese. Quattordici sculture \u00a0dei pi\u00f9 grandi scultori del Novecento, ovvero \u00a0di Arturo Martini, Antonietta Rapha\u00ebl, Francesco Messina, Giacomo Manz\u00f9, Pericle Fazzini, Pietro Consagra, Arnaldo Pomodoro, Augusto Perez, [&hellip;]<\/p>\n&nbsp;&nbsp;<div class=\"readmore\"><a href=\"https:\/\/blog.ilgiornale.it\/franza\/2016\/09\/24\/grande-evento-in-via-margutta-a-roma-con-14-sculture-monumentali-da-arturo-martini-a-maraniello\/\">Continua a leggere...<\/a><\/div><\/p>","protected":false},"author":1009,"featured_media":0,"comment_status":"open","ping_status":"closed","sticky":false,"template":"","format":"standard","meta":[],"categories":[59246,53888,53709,53710,9894,53794,41640,28386,44441,87,28308,35185,17505,17494],"tags":[202224,59480,202225,202227,202223,53624,202228,59329,202226,202222,202221],"_links":{"self":[{"href":"https:\/\/blog.ilgiornale.it\/franza\/wp-json\/wp\/v2\/posts\/8249"}],"collection":[{"href":"https:\/\/blog.ilgiornale.it\/franza\/wp-json\/wp\/v2\/posts"}],"about":[{"href":"https:\/\/blog.ilgiornale.it\/franza\/wp-json\/wp\/v2\/types\/post"}],"author":[{"embeddable":true,"href":"https:\/\/blog.ilgiornale.it\/franza\/wp-json\/wp\/v2\/users\/1009"}],"replies":[{"embeddable":true,"href":"https:\/\/blog.ilgiornale.it\/franza\/wp-json\/wp\/v2\/comments?post=8249"}],"version-history":[{"count":1,"href":"https:\/\/blog.ilgiornale.it\/franza\/wp-json\/wp\/v2\/posts\/8249\/revisions"}],"predecessor-version":[{"id":8257,"href":"https:\/\/blog.ilgiornale.it\/franza\/wp-json\/wp\/v2\/posts\/8249\/revisions\/8257"}],"wp:attachment":[{"href":"https:\/\/blog.ilgiornale.it\/franza\/wp-json\/wp\/v2\/media?parent=8249"}],"wp:term":[{"taxonomy":"category","embeddable":true,"href":"https:\/\/blog.ilgiornale.it\/franza\/wp-json\/wp\/v2\/categories?post=8249"},{"taxonomy":"post_tag","embeddable":true,"href":"https:\/\/blog.ilgiornale.it\/franza\/wp-json\/wp\/v2\/tags?post=8249"}],"curies":[{"name":"wp","href":"https:\/\/api.w.org\/{rel}","templated":true}]}}