{"id":855,"date":"2013-09-05T20:14:25","date_gmt":"2013-09-05T20:14:25","guid":{"rendered":"https:\/\/blog.ilgiornale.it\/franza\/?p=855"},"modified":"2013-09-06T20:53:58","modified_gmt":"2013-09-06T20:53:58","slug":"aboliamo-il-ministero-dei-beni-culturali-e-accorpiamolo-al-ministero-dellistruzione-e-delluniversita-il-ministro-bray-a-casa-prendiamo-esempio-da-berlino","status":"publish","type":"post","link":"https:\/\/blog.ilgiornale.it\/franza\/2013\/09\/05\/aboliamo-il-ministero-dei-beni-culturali-e-accorpiamolo-al-ministero-dellistruzione-e-delluniversita-il-ministro-bray-a-casa-prendiamo-esempio-da-berlino\/","title":{"rendered":"Aboliamo il Ministero dei Beni Culturali e accorpiamolo al Ministero dell&#8217;Istruzione e dell&#8217;Universit\u00e0. Il ministro Bray a casa.  Prendiamo esempio da Berlino."},"content":{"rendered":"<p align=\"JUSTIFY\"><span style=\"font-size: medium\"><a href=\"https:\/\/blog.ilgiornale.it\/franza\/files\/2013\/09\/Bray.jpg\"><img loading=\"lazy\" class=\"alignleft size-medium wp-image-856\" src=\"https:\/\/blog.ilgiornale.it\/franza\/files\/2013\/09\/Bray-300x161.jpg\" alt=\"\" width=\"300\" height=\"161\" srcset=\"https:\/\/blog.ilgiornale.it\/franza\/files\/2013\/09\/Bray-300x161.jpg 300w, https:\/\/blog.ilgiornale.it\/franza\/files\/2013\/09\/Bray.jpg 620w\" sizes=\"(max-width: 300px) 100vw, 300px\" \/><\/a>Gira e rigira non se ne fa nulla con questo Ministero, dirigenti e funzionari in rivolta, progetti zero, mancano soldi e idee. I soldi mancano persino per pagare la luce elettrica (bollette non pagate per 40 milioni di euro). <\/span><span style=\"font-size: medium\"><strong>Sar\u00e0 bene che il Ministro Bray sia licenziato, il ministero chiuso e\u00a0 accorpato al Ministero dell&#8217;Istruzione e dell&#8217; Universit\u00e0 com&#8217;era una volta. <\/strong><\/span><span style=\"font-size: medium\">Mi si dir\u00e0, ma come si faranno a gestire tutti i beni culturali? Si crea una Direzione Generale all&#8217;Interno del Ministero dell&#8217;Universit\u00e0, proprio com&#8217;era in passato, a partire dall&#8217;era Spadolini. \u00a0Si pu\u00f2 cos\u00ec risparmiare non poco, visto che le notizie che il governo d\u00e0 sull&#8217;essere quasi fuori dalla recessione sono false e il debito pubblico \u00e8 ormai incontrollabile. Italia in default. Proprio cos\u00ec. Inutile illudersi e inutile sperare. <a href=\"https:\/\/blog.ilgiornale.it\/franza\/files\/2013\/09\/berlinorchestra.jpg\"><img loading=\"lazy\" class=\"alignright size-medium wp-image-857\" src=\"https:\/\/blog.ilgiornale.it\/franza\/files\/2013\/09\/berlinorchestra-300x184.jpg\" alt=\"\" width=\"300\" height=\"184\" srcset=\"https:\/\/blog.ilgiornale.it\/franza\/files\/2013\/09\/berlinorchestra-300x184.jpg 300w, https:\/\/blog.ilgiornale.it\/franza\/files\/2013\/09\/berlinorchestra.jpg 1000w\" sizes=\"(max-width: 300px) 100vw, 300px\" \/><\/a><\/span><span style=\"font-size: medium\"><strong>Mentre l&#8217;Italia \u00e8 in agonia e la cultura \u00e8 l&#8217;ultimo zoccolino,\u00a0 per non dire cioce (gli zoccoli della Ciociaria) del parlamento italiano, Berlino vive la cultura alla grande. Dico Berlino citt\u00e0\u00a0 e non la grande Germania, che vive di altri investimenti.\u00a0 <\/strong><\/span><\/p>\n<p align=\"JUSTIFY\"><span style=\"font-size: medium\">A partire da oggi, il <\/span><strong><span style=\"font-size: medium\">Senato di Berlino<\/span><\/strong><span style=\"font-size: medium\"> si riunir\u00e0 con un compito ben preciso: decidere come destinare <\/span><strong><span style=\"font-size: medium\">i fondi culturali <\/span><\/strong><span style=\"font-size: medium\">gi\u00e0 stanziati per il biennio 2014-2015. Si conosce gi\u00e0 l\u2019ammontare totale delle cifre. La capitale tedesca investir\u00e0, come da tradizione, una quantit\u00e0 considerevole di denaro: <\/span><strong><span style=\"font-size: medium\">378 milioni di euro <\/span><\/strong><span style=\"font-size: medium\">per il <\/span><strong><span style=\"font-size: medium\">2014<\/span><\/strong><span style=\"font-size: medium\">, <\/span><strong><span style=\"font-size: medium\">395 <\/span><\/strong><span style=\"font-size: medium\">per l\u2019anno successivo, pari a circa il <\/span><strong><span style=\"font-size: medium\">2 per cento<\/span><\/strong><span style=\"font-size: medium\"> del budget totale della citt\u00e0. <\/span><span style=\"font-size: medium\">Le cifre sono rimaste stabili rispetto agli ultimi anni. <\/span><span style=\"font-size: medium\"><strong>Ci\u00f2 significa che i fondi stanziati da Berlino per la cultura superano il <\/strong><\/span><strong><span style=\"font-size: medium\"><strong>miliardo di euro<\/strong><\/span><\/strong><span style=\"font-size: medium\"><strong> a triennio.\u00a0 <\/strong><\/span><span style=\"font-size: medium\">La maggior parte di questi soldi verr\u00e0 destinata alle <\/span><strong><span style=\"font-size: medium\">grandi istituzioni <\/span><\/strong><span style=\"font-size: medium\">della cultura\u00a0 berlinese (musei, associazioni, teatri, librerie): 300 milioni. Solo una parte minoritaria, <\/span><strong><span style=\"font-size: medium\">70-80 milioni<\/span><\/strong><span style=\"font-size: medium\">, sar\u00e0 invece destinata ai progetti restanti. Secondo il Segretario della Cultura <\/span><strong><span style=\"font-size: medium\">Andr\u00e9 Schmitz<\/span><\/strong><span style=\"font-size: medium\">, intervistato da BZ, si tratta di uno scenario assolutamente normale:<br \/>\n\u201c\u00c8 ovvio ci sia uno squilibrio. Tuttavia, nell\u2019ultimo anno abbiamo aumentato i fondi alla scena indipendente. Sfido chiunque a trovare un\u2019altra citt\u00e0 che investa pi\u00f9 di noi in questo tipo di progetti\u201d.<\/span><\/p>\n<p align=\"JUSTIFY\"><strong><span style=\"font-size: medium\">Nel 2012, sono stati cos\u00ec ripartiti (dati Exberliner):<\/span><\/strong><\/p>\n<p align=\"JUSTIFY\"><span style=\"font-size: medium\"><strong>31,6%:Opera,balletto<br \/>\n24,4%:Teatro<br \/>\n13%:Musei<br \/>\n10,1%:Musica<br \/>\n8,2%:Monumenti,Archivi,librerie<br \/>\n4,8%: Progetti letterari <\/strong><\/span><\/p>\n<p align=\"JUSTIFY\"><span style=\"font-size: medium\"><strong>3,1%:Danza<br \/>\n2,6%: Progetti speciali legati alla Hauptstadtkulturfunds<br \/>\n2,2%: Progetti indipendenti<\/strong><\/span><\/p>\n<p align=\"JUSTIFY\"><strong><span style=\"font-size: medium\">In un post di qualche tempo fa abbiamo recensito la mostra \u201cLife an death\u201d proveniente dall&#8217;Italia che si tiene a Londra su Ercolano e Pompei. 11 milioni di sterline per tre mesi. Riflettiamo un attimo.<a href=\"https:\/\/blog.ilgiornale.it\/franza\/files\/2013\/09\/schermata-08-2456521-alle-14-06-16.png\"><img loading=\"lazy\" class=\"alignleft size-medium wp-image-859\" src=\"https:\/\/blog.ilgiornale.it\/franza\/files\/2013\/09\/schermata-08-2456521-alle-14-06-16-300x223.png\" alt=\"\" width=\"300\" height=\"223\" srcset=\"https:\/\/blog.ilgiornale.it\/franza\/files\/2013\/09\/schermata-08-2456521-alle-14-06-16-300x223.png 300w, https:\/\/blog.ilgiornale.it\/franza\/files\/2013\/09\/schermata-08-2456521-alle-14-06-16-1024x763.png 1024w, https:\/\/blog.ilgiornale.it\/franza\/files\/2013\/09\/schermata-08-2456521-alle-14-06-16.png 1063w\" sizes=\"(max-width: 300px) 100vw, 300px\" \/><\/a> <\/span><\/strong><strong><span style=\"font-size: medium\"><strong>Se gli inglesi ricavano 11 milioni di sterline in tre mesi con qualche anfora e statua di Pompei, prestata gratuitamente dallo stato italiano, quanto potrebbe realizzare la citt\u00e0-museo Pompei se venisse gestita nello stesso modo?! Cio\u00e8 11 x 4 trimestri = 44 milioni di sterline all\u2019anno, questo scenario dovrebbe essere per Pompei. Adesso moltiplichiamo queste cifre, con gli altri musei delle citt\u00e0 italiane (\u2026.), quanto potrebbe essere il totale ricavato? una cifra spaventosamente alta,\u00a0 troppo alta.<\/strong><\/span><\/strong><\/p>\n<p align=\"JUSTIFY\"><span style=\"font-size: medium\">Ora capite il mio discorso senza giri di parole. In Italia e lo stesso governo Letta stanno parlando troppo senza realizzare nulla. Gli esempi europei ci sono. Ma l&#8217;Italia ormai \u00e8 una colonia culturale.\u00a0 <\/span><\/p>\n<p align=\"JUSTIFY\"><span style=\"font-size: medium\">Carlo Franza<\/span><\/p>\n","protected":false},"excerpt":{"rendered":"<p><p>Gira e rigira non se ne fa nulla con questo Ministero, dirigenti e funzionari in rivolta, progetti zero, mancano soldi e idee. I soldi mancano persino per pagare la luce elettrica (bollette non pagate per 40 milioni di euro). Sar\u00e0 bene che il Ministro Bray sia licenziato, il ministero chiuso e\u00a0 accorpato al Ministero dell&#8217;Istruzione e dell&#8217; Universit\u00e0 com&#8217;era una volta. Mi si dir\u00e0, ma come si faranno a gestire tutti i beni culturali? Si crea una Direzione Generale all&#8217;Interno del Ministero dell&#8217;Universit\u00e0, proprio com&#8217;era in passato, a partire dall&#8217;era Spadolini. \u00a0Si pu\u00f2 cos\u00ec risparmiare non poco, visto che le [&hellip;]<\/p>\n&nbsp;&nbsp;<div class=\"readmore\"><a href=\"https:\/\/blog.ilgiornale.it\/franza\/2013\/09\/05\/aboliamo-il-ministero-dei-beni-culturali-e-accorpiamolo-al-ministero-dellistruzione-e-delluniversita-il-ministro-bray-a-casa-prendiamo-esempio-da-berlino\/\">Continua a leggere...<\/a><\/div><\/p>","protected":false},"author":1009,"featured_media":0,"comment_status":"open","ping_status":"closed","sticky":false,"template":"","format":"standard","meta":[],"categories":[9894,87,35185,17505,35188,28369],"tags":[35221,35222,30020,406628,35182],"_links":{"self":[{"href":"https:\/\/blog.ilgiornale.it\/franza\/wp-json\/wp\/v2\/posts\/855"}],"collection":[{"href":"https:\/\/blog.ilgiornale.it\/franza\/wp-json\/wp\/v2\/posts"}],"about":[{"href":"https:\/\/blog.ilgiornale.it\/franza\/wp-json\/wp\/v2\/types\/post"}],"author":[{"embeddable":true,"href":"https:\/\/blog.ilgiornale.it\/franza\/wp-json\/wp\/v2\/users\/1009"}],"replies":[{"embeddable":true,"href":"https:\/\/blog.ilgiornale.it\/franza\/wp-json\/wp\/v2\/comments?post=855"}],"version-history":[{"count":7,"href":"https:\/\/blog.ilgiornale.it\/franza\/wp-json\/wp\/v2\/posts\/855\/revisions"}],"predecessor-version":[{"id":868,"href":"https:\/\/blog.ilgiornale.it\/franza\/wp-json\/wp\/v2\/posts\/855\/revisions\/868"}],"wp:attachment":[{"href":"https:\/\/blog.ilgiornale.it\/franza\/wp-json\/wp\/v2\/media?parent=855"}],"wp:term":[{"taxonomy":"category","embeddable":true,"href":"https:\/\/blog.ilgiornale.it\/franza\/wp-json\/wp\/v2\/categories?post=855"},{"taxonomy":"post_tag","embeddable":true,"href":"https:\/\/blog.ilgiornale.it\/franza\/wp-json\/wp\/v2\/tags?post=855"}],"curies":[{"name":"wp","href":"https:\/\/api.w.org\/{rel}","templated":true}]}}