{"id":931,"date":"2013-09-16T22:34:29","date_gmt":"2013-09-16T22:34:29","guid":{"rendered":"https:\/\/blog.ilgiornale.it\/franza\/?p=931"},"modified":"2013-09-16T22:34:29","modified_gmt":"2013-09-16T22:34:29","slug":"riapre-il-museo-del-duomo-di-milanoun-avvenimento-capitale-per-leuropa-cristiana","status":"publish","type":"post","link":"https:\/\/blog.ilgiornale.it\/franza\/2013\/09\/16\/riapre-il-museo-del-duomo-di-milanoun-avvenimento-capitale-per-leuropa-cristiana\/","title":{"rendered":"Riapre il Museo del Duomo di Milano,un avvenimento capitale per l&#8217;Europa cristiana."},"content":{"rendered":"<p align=\"JUSTIFY\"><span style=\"font-size: medium\"><a href=\"https:\/\/blog.ilgiornale.it\/franza\/files\/2013\/09\/45726799.jpg\"><img loading=\"lazy\" class=\"alignleft size-full wp-image-932\" src=\"https:\/\/blog.ilgiornale.it\/franza\/files\/2013\/09\/45726799.jpg\" alt=\"\" width=\"240\" height=\"174\" \/><\/a>Fra poco pi\u00f9 di un mese, esattamente il <\/span><strong><span style=\"font-size: medium\">4 novembre 2013, festa di San Carlo Borromeo <\/span><\/strong><span style=\"font-size: medium\">ci sar\u00e0\u00a0 l\u2019inaugurazione del <\/span><strong><span style=\"font-size: medium\">Nuovo Grande Museo del Duomo di Milano <\/span><\/strong><span style=\"font-size: medium\">e del riallestimento dell\u2019<\/span><strong><span style=\"font-size: medium\">Archivio della Veneranda Fabbrica<\/span><\/strong><span style=\"font-size: medium\">: un grande racconto attraverso cui milanesi e visitatori riscopriranno l\u2019identit\u00e0 pi\u00f9 profonda della Citt\u00e0 di Milano attraverso la Cattedrale, nata e cresciuta grazie all\u2019impegno nel segno dell\u2019armonica unione di esperienze secolari, fatica e suggestioni. <a href=\"https:\/\/blog.ilgiornale.it\/franza\/files\/2013\/09\/duomo1-586x390.jpg\"><img loading=\"lazy\" class=\"alignleft size-medium wp-image-933\" src=\"https:\/\/blog.ilgiornale.it\/franza\/files\/2013\/09\/duomo1-586x390-300x199.jpg\" alt=\"\" width=\"300\" height=\"199\" srcset=\"https:\/\/blog.ilgiornale.it\/franza\/files\/2013\/09\/duomo1-586x390-300x199.jpg 300w, https:\/\/blog.ilgiornale.it\/franza\/files\/2013\/09\/duomo1-586x390.jpg 586w\" sizes=\"(max-width: 300px) 100vw, 300px\" \/><\/a><\/span><span style=\"font-size: medium\"><strong>Il Nuovo Grande Museo del Duomo spalancher\u00e0 infatti le proprie porte al pubblico nel complesso di <\/strong><\/span><strong><span style=\"font-size: medium\"><strong>Palazzo Reale, <\/strong><\/span><\/strong><span style=\"font-size: medium\">messo a disposizione dal Comune di Milano, totalmente rinnovato dalla Fabbrica nei suoi spazi architettonici e nel suo allestimento, <\/span><span style=\"font-size: medium\"><strong>pronto a ospitare il <\/strong><\/span><strong><span style=\"font-size: medium\"><strong>Tesoro della Cattedrale <\/strong><\/span><\/strong><span style=\"font-size: medium\"><strong>e le sue collezioni in <\/strong><\/span><strong><span style=\"font-size: medium\"><strong>27 sale, 13 aree tematiche e oltre 2000 metri quadri di spazio espositivo. <\/strong><\/span><\/strong><span style=\"font-size: medium\">Con la stessa consapevolezza e determinazione, la Fabbrica si sta impegnando anche nel grande lavoro di riallestimento del suo Archivio, scrigno <a href=\"https:\/\/blog.ilgiornale.it\/franza\/files\/2013\/09\/museoduo1.jpg\"><img loading=\"lazy\" class=\"alignleft size-medium wp-image-935\" src=\"https:\/\/blog.ilgiornale.it\/franza\/files\/2013\/09\/museoduo1-300x192.jpg\" alt=\"\" width=\"300\" height=\"192\" srcset=\"https:\/\/blog.ilgiornale.it\/franza\/files\/2013\/09\/museoduo1-300x192.jpg 300w, https:\/\/blog.ilgiornale.it\/franza\/files\/2013\/09\/museoduo1.jpg 500w\" sizes=\"(max-width: 300px) 100vw, 300px\" \/><\/a>preziosissimo della storia di Milano, composto da <\/span><strong><span style=\"font-size: medium\">oltre mezzo milione di cartelle dal XIV <\/span><\/strong><span style=\"font-size: medium\"><strong>ad oggi tutte da <\/strong><\/span><span style=\"font-size: medium\"><strong>riscoprire. <\/strong><\/span><span style=\"font-size: medium\">E con l&#8217;Expo 2015 la nostra cattedrale potr\u00e0 cos\u00ec apparire\u00a0 in tutto il suo splendore, simbolo dell&#8217;anima e del cuore della citt\u00e0. <\/span><span style=\"font-size: medium\"><strong>Evento capitale per l&#8217;Europa cristiana.\u00a0 <\/strong><\/span><\/p>\n<p align=\"JUSTIFY\"><span style=\"font-size: medium\">Carlo Franza<\/span><\/p>\n","protected":false},"excerpt":{"rendered":"<p><p>Fra poco pi\u00f9 di un mese, esattamente il 4 novembre 2013, festa di San Carlo Borromeo ci sar\u00e0\u00a0 l\u2019inaugurazione del Nuovo Grande Museo del Duomo di Milano e del riallestimento dell\u2019Archivio della Veneranda Fabbrica: un grande racconto attraverso cui milanesi e visitatori riscopriranno l\u2019identit\u00e0 pi\u00f9 profonda della Citt\u00e0 di Milano attraverso la Cattedrale, nata e cresciuta grazie all\u2019impegno nel segno dell\u2019armonica unione di esperienze secolari, fatica e suggestioni. Il Nuovo Grande Museo del Duomo spalancher\u00e0 infatti le proprie porte al pubblico nel complesso di Palazzo Reale, messo a disposizione dal Comune di Milano, totalmente rinnovato dalla Fabbrica nei suoi spazi [&hellip;]<\/p>\n&nbsp;&nbsp;<div class=\"readmore\"><a href=\"https:\/\/blog.ilgiornale.it\/franza\/2013\/09\/16\/riapre-il-museo-del-duomo-di-milanoun-avvenimento-capitale-per-leuropa-cristiana\/\">Continua a leggere...<\/a><\/div><\/p>","protected":false},"author":1009,"featured_media":0,"comment_status":"open","ping_status":"closed","sticky":false,"template":"","format":"standard","meta":[],"categories":[9894,87,17505,35188,28369],"tags":[35259,249,35258,35260,35257],"_links":{"self":[{"href":"https:\/\/blog.ilgiornale.it\/franza\/wp-json\/wp\/v2\/posts\/931"}],"collection":[{"href":"https:\/\/blog.ilgiornale.it\/franza\/wp-json\/wp\/v2\/posts"}],"about":[{"href":"https:\/\/blog.ilgiornale.it\/franza\/wp-json\/wp\/v2\/types\/post"}],"author":[{"embeddable":true,"href":"https:\/\/blog.ilgiornale.it\/franza\/wp-json\/wp\/v2\/users\/1009"}],"replies":[{"embeddable":true,"href":"https:\/\/blog.ilgiornale.it\/franza\/wp-json\/wp\/v2\/comments?post=931"}],"version-history":[{"count":2,"href":"https:\/\/blog.ilgiornale.it\/franza\/wp-json\/wp\/v2\/posts\/931\/revisions"}],"predecessor-version":[{"id":937,"href":"https:\/\/blog.ilgiornale.it\/franza\/wp-json\/wp\/v2\/posts\/931\/revisions\/937"}],"wp:attachment":[{"href":"https:\/\/blog.ilgiornale.it\/franza\/wp-json\/wp\/v2\/media?parent=931"}],"wp:term":[{"taxonomy":"category","embeddable":true,"href":"https:\/\/blog.ilgiornale.it\/franza\/wp-json\/wp\/v2\/categories?post=931"},{"taxonomy":"post_tag","embeddable":true,"href":"https:\/\/blog.ilgiornale.it\/franza\/wp-json\/wp\/v2\/tags?post=931"}],"curies":[{"name":"wp","href":"https:\/\/api.w.org\/{rel}","templated":true}]}}