{"id":9734,"date":"2017-05-03T19:42:45","date_gmt":"2017-05-03T19:42:45","guid":{"rendered":"https:\/\/blog.ilgiornale.it\/franza\/?p=9734"},"modified":"2017-05-03T19:42:45","modified_gmt":"2017-05-03T19:42:45","slug":"un-capolavoro-di-boldini-in-asta-asta-record-per-il-ritratto-di-franca-florio-gia-in-possesso-di-francesco-caltagirone","status":"publish","type":"post","link":"https:\/\/blog.ilgiornale.it\/franza\/2017\/05\/03\/un-capolavoro-di-boldini-in-asta-asta-record-per-il-ritratto-di-franca-florio-gia-in-possesso-di-francesco-caltagirone\/","title":{"rendered":"Un capolavoro di Boldini in asta. Asta record  per il ritratto di Franca Florio, gi\u00e0  in possesso  di Francesco Caltagirone."},"content":{"rendered":"<p><strong><a href=\"https:\/\/blog.ilgiornale.it\/franza\/files\/2017\/05\/a12bf808e4430f263f551c42c2eff492.0.jpg\"><img loading=\"lazy\" class=\"alignleft size-full wp-image-9735\" src=\"https:\/\/blog.ilgiornale.it\/franza\/files\/2017\/05\/a12bf808e4430f263f551c42c2eff492.0.jpg\" alt=\"a12bf808e4430f263f551c42c2eff492.0\" width=\"457\" height=\"861\" srcset=\"https:\/\/blog.ilgiornale.it\/franza\/files\/2017\/05\/a12bf808e4430f263f551c42c2eff492.0.jpg 457w, https:\/\/blog.ilgiornale.it\/franza\/files\/2017\/05\/a12bf808e4430f263f551c42c2eff492.0-159x300.jpg 159w\" sizes=\"(max-width: 457px) 100vw, 457px\" \/><\/a>Il famosissimo ritratto di Franca Florio, dipinto da Giovanni Boldini nel 1924, \u00e8 stato venduto all&#8217;asta. L&#8217;acquirente, del quale non \u00e8 stato reso in questa fase noto il nome, come dispone la legge fallimentare, ha presentato alla casa d&#8217;aste Bonino la migliore offerta di un milione e 133 mila euro. L&#8217;assegnazione della tela, icona della Belle \u00c8poque, \u00e8 da considerarsi provvisoria.<\/strong> Entro 10 giorni potr\u00e0 essere presentata un&#8217;offerta superiore del 10%. Il giudice ha altri 20 giorni di tempo per verificare la regolarit\u00e0 delle procedure di assegnazione dell&#8217;opera che apparteneva alla societ\u00e0 Acqua Marcia di Francesco Bellavista Caltagirone ed \u00e8 stato messa all&#8217;asta in seguito al fallimento della societ\u00e0. ll titolare della societ\u00e0 Acqua Marcia, fallita e messa in liquidazione dal tribunale di Roma, ne aveva versati 900 mila, e aveva deciso di esporre la tela nell&#8217;albergo palermitano Villa Igea. <strong>La tela, sulla quale sono stati compiuti nuovi studi e ricerche, e&#8217; l&#8217;unica realizzata da Boldini con donna Franca come soggetto: si pensava ne esistessero due o tre versioni diverse, ma in realt\u00e0 si tratta sempre della stessa iniziata nel 1901, esposta alla Biennale di Venezia nel 1903 e corretta da Boldini intorno al 1910.<\/strong>\u00a0 Mobilitazione perdente anche quella partita sul web dopo la notizia della messa in vendita del quadro; era partita anche una raccolta fondi, per accumulare il denaro sufficiente a rilevare il dipinto. Il crowdfunding si \u00e8 per\u00f2 fermato a poco pi\u00f9 di 5000 euro, nonostante gli sforzi dei promotori. L&#8217;assegnazione della tela, che si \u00e8 tenuta nella sede romana della casa d&#8217;aste Bonino, \u00e8 avvenuta dopo una serie di rilanci da parte di coloro che avevano presentato offerte negli ultimi trenta giorni. Sulla sorte della tela del maestro ferrarese non \u00e8 per\u00f2 detta l&#8217;ultima parola. <strong>Entro 10 giorni, sar\u00e0 possibile presentare un&#8217;offerta superiore del 10 per cento rispetto alla somma fissata attualmente. Oltre 100 mila euro in pi\u00f9 dunque, per provare in extremis a portare a casa il ritratto simbolo della Belle \u00e9poque palermitana. Ne serviranno poi altri venti al giudice per verificare la correttezza delle procedure di vendita. <\/strong>\u00a0<strong>In assenza di rilanci, il dipinto, attualmente esposto al Vittoriano di Roma, sar\u00e0 consegnato al nuovo proprietario tra almeno due mesi a partire da oggi.<\/strong><\/p>\n<p><strong>Sulla vendita all&#8217;asta del quadro di Franca Florio \u00e8 intervenuto cos\u00ec \u00a0il sindaco Leoluca Orlando: \u201cIl quadro di Giovanni Boldini che ritrae Franca Florio \u00e8 stato venduto all&#8217;asta ieri, ma abbiamo ancora la possibilit\u00e0 che questa importante opera d&#8217;arte resti in Sicilia e a Palermo. In questi mesi tanti di noi hanno provato ad evitare che la vendita si concretizzasse, anche con una sottoscrizione privata, ma questo non \u00e8 bastato. Adesso \u00e8 ora che la Regione eserciti il proprio diritto di prelazione previsto dalla legge. Se ci sar\u00e0 questo passo, sono certo che in tanti saremo pronti a fare la nostra parte\u201d.<\/strong><\/p>\n<p><strong>Carlo\u00a0 Franza <\/strong><\/p>\n","protected":false},"excerpt":{"rendered":"<p><p>Il famosissimo ritratto di Franca Florio, dipinto da Giovanni Boldini nel 1924, \u00e8 stato venduto all&#8217;asta. L&#8217;acquirente, del quale non \u00e8 stato reso in questa fase noto il nome, come dispone la legge fallimentare, ha presentato alla casa d&#8217;aste Bonino la migliore offerta di un milione e 133 mila euro. L&#8217;assegnazione della tela, icona della Belle \u00c8poque, \u00e8 da considerarsi provvisoria. Entro 10 giorni potr\u00e0 essere presentata un&#8217;offerta superiore del 10%. Il giudice ha altri 20 giorni di tempo per verificare la regolarit\u00e0 delle procedure di assegnazione dell&#8217;opera che apparteneva alla societ\u00e0 Acqua Marcia di Francesco Bellavista Caltagirone ed \u00e8 [&hellip;]<\/p>\n&nbsp;&nbsp;<div class=\"readmore\"><a href=\"https:\/\/blog.ilgiornale.it\/franza\/2017\/05\/03\/un-capolavoro-di-boldini-in-asta-asta-record-per-il-ritratto-di-franca-florio-gia-in-possesso-di-francesco-caltagirone\/\">Continua a leggere...<\/a><\/div><\/p>","protected":false},"author":1009,"featured_media":0,"comment_status":"open","ping_status":"closed","sticky":false,"template":"","format":"standard","meta":[],"categories":[66558,9894,36390,53794,41640,28386,44441,87,66655,35185,17505,35188,28369,44566,51665,4625],"tags":[29898,59480,252965,252969,66791,406705,252964,252968,252966,252967],"_links":{"self":[{"href":"https:\/\/blog.ilgiornale.it\/franza\/wp-json\/wp\/v2\/posts\/9734"}],"collection":[{"href":"https:\/\/blog.ilgiornale.it\/franza\/wp-json\/wp\/v2\/posts"}],"about":[{"href":"https:\/\/blog.ilgiornale.it\/franza\/wp-json\/wp\/v2\/types\/post"}],"author":[{"embeddable":true,"href":"https:\/\/blog.ilgiornale.it\/franza\/wp-json\/wp\/v2\/users\/1009"}],"replies":[{"embeddable":true,"href":"https:\/\/blog.ilgiornale.it\/franza\/wp-json\/wp\/v2\/comments?post=9734"}],"version-history":[{"count":1,"href":"https:\/\/blog.ilgiornale.it\/franza\/wp-json\/wp\/v2\/posts\/9734\/revisions"}],"predecessor-version":[{"id":9736,"href":"https:\/\/blog.ilgiornale.it\/franza\/wp-json\/wp\/v2\/posts\/9734\/revisions\/9736"}],"wp:attachment":[{"href":"https:\/\/blog.ilgiornale.it\/franza\/wp-json\/wp\/v2\/media?parent=9734"}],"wp:term":[{"taxonomy":"category","embeddable":true,"href":"https:\/\/blog.ilgiornale.it\/franza\/wp-json\/wp\/v2\/categories?post=9734"},{"taxonomy":"post_tag","embeddable":true,"href":"https:\/\/blog.ilgiornale.it\/franza\/wp-json\/wp\/v2\/tags?post=9734"}],"curies":[{"name":"wp","href":"https:\/\/api.w.org\/{rel}","templated":true}]}}