{"id":9803,"date":"2017-05-15T20:46:25","date_gmt":"2017-05-15T20:46:25","guid":{"rendered":"https:\/\/blog.ilgiornale.it\/franza\/?p=9803"},"modified":"2017-05-15T22:13:37","modified_gmt":"2017-05-15T22:13:37","slug":"picasso-e-napoli-nel-centenario-del-suo-soggiorno-italiano-i-lavori-di-parade-sono-ora-in-mostra-a-capodimonte-e-a-pompei","status":"publish","type":"post","link":"https:\/\/blog.ilgiornale.it\/franza\/2017\/05\/15\/picasso-e-napoli-nel-centenario-del-suo-soggiorno-italiano-i-lavori-di-parade-sono-ora-in-mostra-a-capodimonte-e-a-pompei\/","title":{"rendered":"Picasso e Napoli. Nel centenario del suo soggiorno italiano, i lavori di  \u201cParade\u201d sono ora in mostra a  Capodimonte e a Pompei."},"content":{"rendered":"<p><strong><a href=\"https:\/\/blog.ilgiornale.it\/franza\/files\/2017\/05\/Parade-sipario_foto-di-Alessio-Cuccaro-14-1-e1494879169770.jpg\"><img loading=\"lazy\" class=\"alignleft size-full wp-image-9804\" src=\"https:\/\/blog.ilgiornale.it\/franza\/files\/2017\/05\/Parade-sipario_foto-di-Alessio-Cuccaro-14-1-e1494879169770.jpg\" alt=\"Parade-sipario_foto-di-Alessio-Cuccaro-14-1\" width=\"380\" height=\"253\" \/><\/a>Nel 2017 si celebra a Napoli e a Pompei il centenario del viaggio di Picasso in Italia che l\u2019autore comp\u00ec insieme a Jean Cocteau per lavorare con i Balletti Russi a Parade, balletto che and\u00f2 in scena a Parigi nel \u00a0maggio del 1917, su soggetto dello stesso Cocteau e musica di Erik Satie. Durante quel soggiorno nel nostro paese l\u2019artista fu a Napoli due volte, tra marzo e aprile del 1917, e a Pompei.<a href=\"https:\/\/blog.ilgiornale.it\/franza\/files\/2017\/05\/picasso_mostra.jpg\"><img loading=\"lazy\" class=\" size-full wp-image-9805 alignright\" src=\"https:\/\/blog.ilgiornale.it\/franza\/files\/2017\/05\/picasso_mostra.jpg\" alt=\"picasso_mostra\" width=\"450\" height=\"300\" srcset=\"https:\/\/blog.ilgiornale.it\/franza\/files\/2017\/05\/picasso_mostra.jpg 450w, https:\/\/blog.ilgiornale.it\/franza\/files\/2017\/05\/picasso_mostra-300x200.jpg 300w\" sizes=\"(max-width: 450px) 100vw, 450px\" \/><\/a><\/strong><\/p>\n<p>Per l\u2019occasione, il Ministero dei beni e delle attivit\u00e0 culturali e del turismo, la Soprintendenza di Pompei, il Museo e Real Bosco di Capodimonte e il Teatro dell\u2019Opera di Roma, con il contributo della Regione Campania e attraverso la Fondazione regionale Donnaregina per le arti contemporanee e la societ\u00e0 regionale Scabec, con la produzione e l\u2019organizzazione di Electa, promuovono la mostra Picasso e Napoli: Parade, che ha \u00a0luogo a Capodimonte e Pompei, a cura di Sylvain Bellenger e Luigi Gallo.<\/p>\n<p><a href=\"https:\/\/blog.ilgiornale.it\/franza\/files\/2017\/05\/Picasso-a-Napoli-Parade-la-pi\u00f9-grande-opera-in-mostra-a-Capodimonte-640x360-640x360.jpg\"><img loading=\"lazy\" class=\"alignleft size-full wp-image-9806\" src=\"https:\/\/blog.ilgiornale.it\/franza\/files\/2017\/05\/Picasso-a-Napoli-Parade-la-pi\u00f9-grande-opera-in-mostra-a-Capodimonte-640x360-640x360.jpg\" alt=\"Picasso-a-Napoli-Parade-la-pi\u00f9-grande-opera-in-mostra-a-Capodimonte-640x360-640x360\" width=\"533\" height=\"300\" srcset=\"https:\/\/blog.ilgiornale.it\/franza\/files\/2017\/05\/Picasso-a-Napoli-Parade-la-pi\u00f9-grande-opera-in-mostra-a-Capodimonte-640x360-640x360.jpg 533w, https:\/\/blog.ilgiornale.it\/franza\/files\/2017\/05\/Picasso-a-Napoli-Parade-la-pi\u00f9-grande-opera-in-mostra-a-Capodimonte-640x360-640x360-300x169.jpg 300w\" sizes=\"(max-width: 533px) 100vw, 533px\" \/><\/a>L\u2019evento espositivo ha permesso \u00a0di sottolineare l\u2019importanza <strong>dell\u2019incontro diretto di Picasso con l\u2019antichit\u00e0 a Pompei e soprattutto con la cultura tradizionale napoletana,<\/strong> aspetto totalmente nuovo negli studi picassiani, attraverso alcune fra le sue maggiori espressioni &#8211; il presepio, il teatro popolare e il teatro delle marionette-.<\/p>\n<p><strong><a href=\"https:\/\/blog.ilgiornale.it\/franza\/files\/2017\/05\/picasso-cocteau-600x400.jpg\"><img loading=\"lazy\" class=\"alignleft size-full wp-image-9807\" src=\"https:\/\/blog.ilgiornale.it\/franza\/files\/2017\/05\/picasso-cocteau-600x400.jpg\" alt=\"picasso-cocteau-600x400\" width=\"450\" height=\"300\" srcset=\"https:\/\/blog.ilgiornale.it\/franza\/files\/2017\/05\/picasso-cocteau-600x400.jpg 450w, https:\/\/blog.ilgiornale.it\/franza\/files\/2017\/05\/picasso-cocteau-600x400-300x200.jpg 300w\" sizes=\"(max-width: 450px) 100vw, 450px\" \/><\/a>Con Parade, il pittore cubista torna alla sua prima ispirazione legata al mondo del circo<\/strong>, rinnovando inoltre l\u2019interesse per la tradizione classica, evocata poi da Cocteau con il suo \u201cRichiamo all\u2019ordine&#8221;. <strong>Sar\u00e0 a Napoli, per la prima volta, la pi\u00f9 grande opera di Picasso, di capitale importanza per l\u2019arte moderna, una tela di 17 metri di base per 10 di altezza, conservata al Centre Georges Pompidou di Parigi ma, per le sue dimensioni, esposta solo in rare occasioni \u2013al Brooklyn Museum (New York 1984); al Palazzo della Gran Guardia (Verona 1990); a Palazzo Grassi (Venezia 1998) e al Centre Pompidou di Metz (2012-2013). L\u2019opera \u00e8 accompagnata in mostra da un\u2019ampia selezione di lavori del pittore spagnolo.<a href=\"https:\/\/blog.ilgiornale.it\/franza\/files\/2017\/05\/Picasso-coming-soon-banner-e1494880251104.jpg\"><img loading=\"lazy\" class=\"alignleft size-full wp-image-9808\" src=\"https:\/\/blog.ilgiornale.it\/franza\/files\/2017\/05\/Picasso-coming-soon-banner-e1494880251104.jpg\" alt=\"??????????????????????????????????????????????????????????????????????????????????????????????????????????????????????????\" width=\"368\" height=\"140\" \/><\/a><\/strong><\/p>\n<p>Ad indagare ulteriormente il rapporto di Picasso con il teatro e la tradizione partenopea, a <strong>Capodimonte sono inoltre esposti i bozzetti eseguiti dall\u2019artista per il balletto Pulcinella (in scena nel 1920 a Parigi con musiche di Stravinsky e coreografie di Massine) insieme a alcune marionette e pupi della maschera napoletana dalla collezione Fundaci\u00f3n Almine y Bernard Ruiz-Picasso para el Arte. <\/strong>Il Museo di Capodimonte ha programmato per l\u2019occasione una serie di eventi collaterali tra cui 5 concerti con il conservatorio San Pietro a Majella, una installazione coreografica creata appositamente per Parade dall&#8217; artista Valeria Apicella e un\u2019opera mimico-musicale scritta e diretta dalla compositrice Rosalba Quindici.<\/p>\n<p><strong>Le opere in mostra provengono da diversi musei e collezioni private<\/strong> fra i quali il Mus\u00e9e National d&#8217;Art Moderne, Centre Georges Pompidou, il Mus\u00e9e Picasso Paris, il Museu Picasso Barcellona, la Fondation Pierre Berg\u00e9-Yves Saint Laurent, la Biblioth\u00e8que Historique de la Ville de Paris, la Maison Jean Cocteau, Milly la For\u00eat, la Fundaci\u00f3n Almine y Bernard Ruiz-Picasso para el Arte (FABA), il Mart Museo di arte moderna e contemporanea di Trento e Rovereto e il Teatro dell\u2019Opera di Roma.<\/p>\n<p><strong>Carlo Franza <\/strong><\/p>\n<p>&nbsp;<\/p>\n<p>&nbsp;<\/p>\n","protected":false},"excerpt":{"rendered":"<p><p>Nel 2017 si celebra a Napoli e a Pompei il centenario del viaggio di Picasso in Italia che l\u2019autore comp\u00ec insieme a Jean Cocteau per lavorare con i Balletti Russi a Parade, balletto che and\u00f2 in scena a Parigi nel \u00a0maggio del 1917, su soggetto dello stesso Cocteau e musica di Erik Satie. Durante quel soggiorno nel nostro paese l\u2019artista fu a Napoli due volte, tra marzo e aprile del 1917, e a Pompei. Per l\u2019occasione, il Ministero dei beni e delle attivit\u00e0 culturali e del turismo, la Soprintendenza di Pompei, il Museo e Real Bosco di Capodimonte e il [&hellip;]<\/p>\n&nbsp;&nbsp;<div class=\"readmore\"><a href=\"https:\/\/blog.ilgiornale.it\/franza\/2017\/05\/15\/picasso-e-napoli-nel-centenario-del-suo-soggiorno-italiano-i-lavori-di-parade-sono-ora-in-mostra-a-capodimonte-e-a-pompei\/\">Continua a leggere...<\/a><\/div><\/p>","protected":false},"author":1009,"featured_media":0,"comment_status":"open","ping_status":"closed","sticky":false,"template":"","format":"standard","meta":[],"categories":[80688,35499,9894,41640,28386,44441,87,35351,35185,17505,35188,28369,44492,59390],"tags":[253016,59480,253018,2752,253017,35237,35182],"_links":{"self":[{"href":"https:\/\/blog.ilgiornale.it\/franza\/wp-json\/wp\/v2\/posts\/9803"}],"collection":[{"href":"https:\/\/blog.ilgiornale.it\/franza\/wp-json\/wp\/v2\/posts"}],"about":[{"href":"https:\/\/blog.ilgiornale.it\/franza\/wp-json\/wp\/v2\/types\/post"}],"author":[{"embeddable":true,"href":"https:\/\/blog.ilgiornale.it\/franza\/wp-json\/wp\/v2\/users\/1009"}],"replies":[{"embeddable":true,"href":"https:\/\/blog.ilgiornale.it\/franza\/wp-json\/wp\/v2\/comments?post=9803"}],"version-history":[{"count":2,"href":"https:\/\/blog.ilgiornale.it\/franza\/wp-json\/wp\/v2\/posts\/9803\/revisions"}],"predecessor-version":[{"id":9810,"href":"https:\/\/blog.ilgiornale.it\/franza\/wp-json\/wp\/v2\/posts\/9803\/revisions\/9810"}],"wp:attachment":[{"href":"https:\/\/blog.ilgiornale.it\/franza\/wp-json\/wp\/v2\/media?parent=9803"}],"wp:term":[{"taxonomy":"category","embeddable":true,"href":"https:\/\/blog.ilgiornale.it\/franza\/wp-json\/wp\/v2\/categories?post=9803"},{"taxonomy":"post_tag","embeddable":true,"href":"https:\/\/blog.ilgiornale.it\/franza\/wp-json\/wp\/v2\/tags?post=9803"}],"curies":[{"name":"wp","href":"https:\/\/api.w.org\/{rel}","templated":true}]}}