{"id":9812,"date":"2017-05-16T20:41:35","date_gmt":"2017-05-16T20:41:35","guid":{"rendered":"https:\/\/blog.ilgiornale.it\/franza\/?p=9812"},"modified":"2017-05-16T20:41:35","modified_gmt":"2017-05-16T20:41:35","slug":"the-young-pope-la-mostra-a-napoli-a-palazzo-reale-omaggio-al-premio-oscar-paolo-sorrentino","status":"publish","type":"post","link":"https:\/\/blog.ilgiornale.it\/franza\/2017\/05\/16\/the-young-pope-la-mostra-a-napoli-a-palazzo-reale-omaggio-al-premio-oscar-paolo-sorrentino\/","title":{"rendered":"The Young Pope\/ La mostra a Napoli a Palazzo Reale. Omaggio al Premio Oscar Paolo Sorrentino."},"content":{"rendered":"<p><strong><a href=\"https:\/\/blog.ilgiornale.it\/franza\/files\/2017\/05\/The-young-Pope-mostra-Sorrentino-2.jpg\"><img loading=\"lazy\" class=\"alignleft size-full wp-image-9813\" src=\"https:\/\/blog.ilgiornale.it\/franza\/files\/2017\/05\/The-young-Pope-mostra-Sorrentino-2.jpg\" alt=\"The-young-Pope-mostra-Sorrentino-2\" width=\"523\" height=\"350\" srcset=\"https:\/\/blog.ilgiornale.it\/franza\/files\/2017\/05\/The-young-Pope-mostra-Sorrentino-2.jpg 523w, https:\/\/blog.ilgiornale.it\/franza\/files\/2017\/05\/The-young-Pope-mostra-Sorrentino-2-300x201.jpg 300w\" sizes=\"(max-width: 523px) 100vw, 523px\" \/><\/a>Presso il Palazzo Reale di Napoli (fino al 13 giugno)\u00a0 \u00e8 in corso una intrigante \u00a0\u00a0mostra\u00a0 che presenta in anteprima 38 grandi foto che raccontano la prima regia televisiva del Premio Oscar Paolo Sorrentino la serie-evento \u00a0del 2016 con Jude Law e Diane Keaton, creata e diretta da Paolo Sorrentino. L\u2019evento dal titolo \u201c The Youg Pope\/ la mostra\u201d, storia in immagini\u00a0 di un set, propone le foto di Gianni Fiorito ed \u00e8 a cura di Maria Savarese.\u00a0 Nel percorso della mostra ci sono immagini di personaggi, scene, ricostruzioni del pi\u00f9 grande evento televisivo dell\u2019anno, tutto materiale realizzato sul set durante i mesi di lavorazione\u00a0 da Gianni Fiorito, fotografo di scena.<a href=\"https:\/\/blog.ilgiornale.it\/franza\/files\/2017\/05\/The-Young-Pope-in-mostra-a-Palazzo-Reale-di-Napoli-640x360-640x360-e1494966777132.jpg\"><img loading=\"lazy\" class=\"alignleft size-full wp-image-9814\" src=\"https:\/\/blog.ilgiornale.it\/franza\/files\/2017\/05\/The-Young-Pope-in-mostra-a-Palazzo-Reale-di-Napoli-640x360-640x360-e1494966777132.jpg\" alt=\"The-Young-Pope-in-mostra-a-Palazzo-Reale-di-Napoli-640x360-640x360\" width=\"322\" height=\"181\" \/><\/a><\/strong><\/p>\n<p>The Young Pope \u00e8 una produzione internazionale (Wildside,Shy,HBO,Canal+) che \u00e8 diffusa in oltre\u00a0 110 paesi di tutto il mondo. A Napoli l\u2019anteprima a Palazzo Reale\u00a0 \u00e8 allestita\u00a0 nel suggestivo spazio dell\u2019Ambulacro ed \u00e8 un omaggio della Campania al regista napoletano\u00a0 Paolo Sorrentino e a Gianni Fiorito suo fotografo e collaboratore.<\/p>\n<p><strong>Una bella sintesi fotografica in cui ripercorre nelle 38 grandi foto la storia del Papa di Sorrentino tra immagini di scena e back-stage, svelando \u00a0il grande sforzo che sta dietro ad ogni produzione.<a href=\"https:\/\/blog.ilgiornale.it\/franza\/files\/2017\/05\/2362684_1656_pope-e1494966815798.jpg\"><img loading=\"lazy\" class=\"alignleft size-full wp-image-9815\" src=\"https:\/\/blog.ilgiornale.it\/franza\/files\/2017\/05\/2362684_1656_pope-e1494966815798.jpg\" alt=\"2362684_1656_pope\" width=\"468\" height=\"161\" \/><\/a> Il Pontificato di Pio XIII, al secolo Lenny Belardo(interpretato da Jude Law), ha meritato l\u2019esposizione di questi mirabili scatti che ne evocano i momenti, perch\u00e9 quella di Sorrentino \u00e8 stata una serie tv fortemente irridente e modellante, in quanto non si pu\u00f2 \u00a0pensare a The Young Pope senza ritornare con la mente al \u201cfotogra<\/strong><strong><a href=\"https:\/\/blog.ilgiornale.it\/franza\/files\/2017\/05\/young-pope-mostra-e1494966854533.jpg\"><img loading=\"lazy\" class=\" size-full wp-image-9816 alignright\" src=\"https:\/\/blog.ilgiornale.it\/franza\/files\/2017\/05\/young-pope-mostra-e1494966854533.jpg\" alt=\"young-pope-mostra\" width=\"442\" height=\"241\" \/><\/a><\/strong><strong>mma\u201d del Papa\u00a0 che, con le mani sul seno di una giovane donna, dice di amare Dio \u201cperch\u00e9 <\/strong><strong>\u00e8 troppo complicato amare gli uomini\u201d, un Papa che si emoziona come un bimbo\u00a0 nel guardar<\/strong><strong>e un canguro o che decide di vestire i pi\u00f9 sontuosi abiti del Vaticano, un papa fragile\u00a0 pi\u00f9 di qualsiasi uomo, che costantemente lambisce\u00a0 sia la santit\u00e0 che l\u2019ateismo. Egli infatti dichiara: \u201cSono una contraddizione, come Dio\u201d.\u00a0<\/strong><\/p>\n<p><a href=\"https:\/\/blog.ilgiornale.it\/franza\/files\/2017\/05\/Immagine-7.jpg\"><img loading=\"lazy\" class=\"alignleft  wp-image-9817\" src=\"https:\/\/blog.ilgiornale.it\/franza\/files\/2017\/05\/Immagine-7.jpg\" alt=\"Immagine-7\" width=\"524\" height=\"262\" srcset=\"https:\/\/blog.ilgiornale.it\/franza\/files\/2017\/05\/Immagine-7.jpg 700w, https:\/\/blog.ilgiornale.it\/franza\/files\/2017\/05\/Immagine-7-300x150.jpg 300w\" sizes=\"(max-width: 524px) 100vw, 524px\" \/><\/a><\/p>\n<p>&nbsp;<\/p>\n<p>&nbsp;<\/p>\n<p>&nbsp;<\/p>\n<p>&nbsp;<\/p>\n<p>&nbsp;<\/p>\n<p>&nbsp;<\/p>\n<p>&nbsp;<\/p>\n<p>La mostra a cura di Maria Savarese, \u00e8m coordinata e organizzata\u00a0 dalla Scabec Spa, societ\u00e0 campana beni culturali. The Young Pope\/ la mostra il frutto incredibile di un lavoro di amalgama fra talenti, con un cast internazionale\u00a0 e un cast tecnico di altissimo livello con il quale il regista napoletano Paolo Sorrentino ha instaurato una grande complicit\u00e0\u00a0 e sintonia\u00a0 e che Gianni Fiorito ha saputo cogliere nei suoi scatti. E attraverso una mirabile sintesi fotografica, Fiorito\u00a0 ripercorre la creazione del papa sorrentiniano e degli altri personaggi della saga televisiva alternando, nel percorso dell\u2019esposizione, <strong>immagini di scena con la caratterizzazione dei soggetti principali e i passaggi fondamentali della sceneggiatura, a immagini di back-stage in cui si evidenzia lo stretto rapporto fra regista e attori, l\u2019uso scenografico \u00a0del notevole patrimonio architettonico e paesaggistico italiano o la creazione in studio di ambienti che non\u00a0 \u00e8 stato possibile utilizzare dal vero (vedi la Cappella Sistina o altri ambienti vaticani), il notevole sforzo di uomini e mezzi\u00a0 che sta dietro alla costruzione di un evento cinematografico. <\/strong><\/p>\n<p>La narrazione cinematografica e quella fotografica \u00a0-cos\u00ec afferma l\u2019autore in dialogo con Maria Savarese- \u00a0anche se partono da strumenti tecnici simili, sono poi sufficientemente differenti. \u00a0Un luogo, un dialogo, lo stato d\u2019animo di un personaggio possono essere raccontati in cinematografia\u00a0 con un movimento di macchina, un cambiamento di fuoco, un tempo\u00a0 di ripresa lungo o breve ad ogni modo beneficia dell\u2019uso della parola. <strong>In fotografia i luoghi,gli stati d\u2019animo e i dialoghi devono essere racchiusi unicamente in uno scatto. Quegli scatti, oggi, ci consegnano la bellissima mostra che vale proprio la pena di \u00a0vedere.<\/strong><\/p>\n<p><strong>Carlo Franza \u00a0<\/strong><\/p>\n<p>&nbsp;<\/p>\n<p>&nbsp;<\/p>\n<p>&nbsp;<\/p>\n","protected":false},"excerpt":{"rendered":"<p><p>Presso il Palazzo Reale di Napoli (fino al 13 giugno)\u00a0 \u00e8 in corso una intrigante \u00a0\u00a0mostra\u00a0 che presenta in anteprima 38 grandi foto che raccontano la prima regia televisiva del Premio Oscar Paolo Sorrentino la serie-evento \u00a0del 2016 con Jude Law e Diane Keaton, creata e diretta da Paolo Sorrentino. L\u2019evento dal titolo \u201c The Youg Pope\/ la mostra\u201d, storia in immagini\u00a0 di un set, propone le foto di Gianni Fiorito ed \u00e8 a cura di Maria Savarese.\u00a0 Nel percorso della mostra ci sono immagini di personaggi, scene, ricostruzioni del pi\u00f9 grande evento televisivo dell\u2019anno, tutto materiale realizzato sul set [&hellip;]<\/p>\n&nbsp;&nbsp;<div class=\"readmore\"><a href=\"https:\/\/blog.ilgiornale.it\/franza\/2017\/05\/16\/the-young-pope-la-mostra-a-napoli-a-palazzo-reale-omaggio-al-premio-oscar-paolo-sorrentino\/\">Continua a leggere...<\/a><\/div><\/p>","protected":false},"author":1009,"featured_media":0,"comment_status":"open","ping_status":"closed","sticky":false,"template":"","format":"standard","meta":[],"categories":[59281,9894,53794,41640,16568,44441,87,13460,28340,17505,35188,28369,59390,4625,28291],"tags":[59480,406606,7591,253023,231097,253025,253024,253020,253021,253022],"_links":{"self":[{"href":"https:\/\/blog.ilgiornale.it\/franza\/wp-json\/wp\/v2\/posts\/9812"}],"collection":[{"href":"https:\/\/blog.ilgiornale.it\/franza\/wp-json\/wp\/v2\/posts"}],"about":[{"href":"https:\/\/blog.ilgiornale.it\/franza\/wp-json\/wp\/v2\/types\/post"}],"author":[{"embeddable":true,"href":"https:\/\/blog.ilgiornale.it\/franza\/wp-json\/wp\/v2\/users\/1009"}],"replies":[{"embeddable":true,"href":"https:\/\/blog.ilgiornale.it\/franza\/wp-json\/wp\/v2\/comments?post=9812"}],"version-history":[{"count":2,"href":"https:\/\/blog.ilgiornale.it\/franza\/wp-json\/wp\/v2\/posts\/9812\/revisions"}],"predecessor-version":[{"id":9819,"href":"https:\/\/blog.ilgiornale.it\/franza\/wp-json\/wp\/v2\/posts\/9812\/revisions\/9819"}],"wp:attachment":[{"href":"https:\/\/blog.ilgiornale.it\/franza\/wp-json\/wp\/v2\/media?parent=9812"}],"wp:term":[{"taxonomy":"category","embeddable":true,"href":"https:\/\/blog.ilgiornale.it\/franza\/wp-json\/wp\/v2\/categories?post=9812"},{"taxonomy":"post_tag","embeddable":true,"href":"https:\/\/blog.ilgiornale.it\/franza\/wp-json\/wp\/v2\/tags?post=9812"}],"curies":[{"name":"wp","href":"https:\/\/api.w.org\/{rel}","templated":true}]}}