{"id":149,"date":"2018-11-05T12:52:53","date_gmt":"2018-11-05T11:52:53","guid":{"rendered":"https:\/\/blog.ilgiornale.it\/furlan\/?p=149"},"modified":"2018-11-05T13:06:13","modified_gmt":"2018-11-05T12:06:13","slug":"perche-non-ti-rispondono-al-telefono","status":"publish","type":"post","link":"https:\/\/blog.ilgiornale.it\/furlan\/2018\/11\/05\/perche-non-ti-rispondono-al-telefono\/","title":{"rendered":"Perch\u00e9 non ti rispondono al telefono?"},"content":{"rendered":"<p>Ti \u00e8 mai successo che qualcuno, di punto in bianco, sparisca dalla tua vita?<br \/>\nTelefoni, mandi messaggi Whattsapp, sms, spedisci mail, ma quello non ti risponde?<br \/>\nA me \u00e8 capitato. Facendomi arrabbiare. Anzi, infuriare. Soprattutto se ho creduto in questa persona. Se si trattava, cio\u00e8, di qualcuno\u00a0 che consideravo amico; o se avevamo \u00a0progetti da sviluppare insieme. Per non parlare di quando il mio partner \u00e8 scomparso dalla circolazione, come inghiottito dal terreno (una volta mi \u00e8 successo pure questo!)<br \/>\nChi, improvvisamente, si eclissa \u00e8 un codardo. E&#8217; qualcuno che non ha il coraggio di affrontarti. Perch\u00e9 teme la tua reazione. E allora, piuttosto che discutere &#8211; magari animatamente &#8211; con te, preferisce fuggire.<br \/>\nE\u2019 lecito cambiare idea. E\u2019 possibile voler troncare i rapporti. Ma c\u2019\u00e8 modo e modo di farlo. Spiegarne il motivo \u00e8 da persona responsabile. Fuggire \u00e8 da vigliacco.<\/p>\n<div id=\"attachment_89\" style=\"width: 210px\" class=\"wp-caption alignnone\"><a href=\"https:\/\/blog.ilgiornale.it\/furlan\/files\/2018\/05\/Mario-Furlan.jpg\"><img aria-describedby=\"caption-attachment-89\" loading=\"lazy\" class=\"size-medium wp-image-89\" src=\"https:\/\/blog.ilgiornale.it\/furlan\/files\/2018\/05\/Mario-Furlan-200x300.jpg\" alt=\"Il motivatore Mario Furlan\" width=\"200\" height=\"300\" \/><\/a><p id=\"caption-attachment-89\" class=\"wp-caption-text\">Il motivatore Mario Furlan<\/p><\/div>\n","protected":false},"excerpt":{"rendered":"<p><p>Ti \u00e8 mai successo che qualcuno, di punto in bianco, sparisca dalla tua vita? Telefoni, mandi messaggi Whattsapp, sms, spedisci mail, ma quello non ti risponde? A me \u00e8 capitato. Facendomi arrabbiare. Anzi, infuriare. Soprattutto se ho creduto in questa persona. Se si trattava, cio\u00e8, di qualcuno\u00a0 che consideravo amico; o se avevamo \u00a0progetti da sviluppare insieme. Per non parlare di quando il mio partner \u00e8 scomparso dalla circolazione, come inghiottito dal terreno (una volta mi \u00e8 successo pure questo!) Chi, improvvisamente, si eclissa \u00e8 un codardo. E&#8217; qualcuno che non ha il coraggio di affrontarti. Perch\u00e9 teme la tua [&hellip;]<\/p>\n&nbsp;&nbsp;<div class=\"readmore\"><a href=\"https:\/\/blog.ilgiornale.it\/furlan\/2018\/11\/05\/perche-non-ti-rispondono-al-telefono\/\">Continua a leggere...<\/a><\/div><\/p>","protected":false},"author":1105,"featured_media":0,"comment_status":"open","ping_status":"closed","sticky":false,"template":"","format":"standard","meta":[],"categories":[312413],"tags":[312903,312919],"_links":{"self":[{"href":"https:\/\/blog.ilgiornale.it\/furlan\/wp-json\/wp\/v2\/posts\/149"}],"collection":[{"href":"https:\/\/blog.ilgiornale.it\/furlan\/wp-json\/wp\/v2\/posts"}],"about":[{"href":"https:\/\/blog.ilgiornale.it\/furlan\/wp-json\/wp\/v2\/types\/post"}],"author":[{"embeddable":true,"href":"https:\/\/blog.ilgiornale.it\/furlan\/wp-json\/wp\/v2\/users\/1105"}],"replies":[{"embeddable":true,"href":"https:\/\/blog.ilgiornale.it\/furlan\/wp-json\/wp\/v2\/comments?post=149"}],"version-history":[{"count":4,"href":"https:\/\/blog.ilgiornale.it\/furlan\/wp-json\/wp\/v2\/posts\/149\/revisions"}],"predecessor-version":[{"id":153,"href":"https:\/\/blog.ilgiornale.it\/furlan\/wp-json\/wp\/v2\/posts\/149\/revisions\/153"}],"wp:attachment":[{"href":"https:\/\/blog.ilgiornale.it\/furlan\/wp-json\/wp\/v2\/media?parent=149"}],"wp:term":[{"taxonomy":"category","embeddable":true,"href":"https:\/\/blog.ilgiornale.it\/furlan\/wp-json\/wp\/v2\/categories?post=149"},{"taxonomy":"post_tag","embeddable":true,"href":"https:\/\/blog.ilgiornale.it\/furlan\/wp-json\/wp\/v2\/tags?post=149"}],"curies":[{"name":"wp","href":"https:\/\/api.w.org\/{rel}","templated":true}]}}