{"id":163,"date":"2019-01-08T13:29:19","date_gmt":"2019-01-08T12:29:19","guid":{"rendered":"https:\/\/blog.ilgiornale.it\/furlan\/?p=163"},"modified":"2019-01-10T12:16:24","modified_gmt":"2019-01-10T11:16:24","slug":"perche-la-colpa-e-sempre-degli-altri","status":"publish","type":"post","link":"https:\/\/blog.ilgiornale.it\/furlan\/2019\/01\/08\/perche-la-colpa-e-sempre-degli-altri\/","title":{"rendered":"Perch\u00e9 la colpa \u00e8 sempre degli altri"},"content":{"rendered":"<div id=\"attachment_164\" style=\"width: 230px\" class=\"wp-caption alignnone\"><a href=\"https:\/\/blog.ilgiornale.it\/furlan\/files\/2019\/01\/Mario-Furlan-2005.jpg\"><img aria-describedby=\"caption-attachment-164\" loading=\"lazy\" class=\"size-full wp-image-164\" src=\"https:\/\/blog.ilgiornale.it\/furlan\/files\/2019\/01\/Mario-Furlan-2005.jpg\" alt=\"Il motivatore e life coach Mario Furlan\" width=\"220\" height=\"258\" \/><\/a><p id=\"caption-attachment-164\" class=\"wp-caption-text\">Il motivatore e life coach Mario Furlan<\/p><\/div>\n<p>La colpa, si sa, \u00e8 sempre degli altri. Sempre!<br \/>\nLo diciamo, ripetiamo e ribadiamo, con la massima convinzione, ogni giorno. A tutti i livelli.<br \/>\nLo dice il governo: se le cose non vanno come dovrebbero, la colpa \u00e8 del governo precedente, che non ne ha azzeccata una. O dell&#8217;Europa, che ci schiavizza. O degli immigrati, brutti e cattivi. O dei giornalisti faziosi.<br \/>\nLo dice la signora Maria: se non riesce a far quadrare i conti familiari \u00e8 per colpa dei politici, tutti ladri per definizione.<br \/>\nLo dice mia figlia: se prende un&#8217;insufficienza non \u00e8 perch\u00e9 non ha studiato abbastanza, ma perch\u00e9 gli insegnanti ce l&#8217;hanno con lei. Proprio oggi mi ha confidato di essere vittima di un complotto dei poteri forti: i professori. Che, in effetti, esercitano pi\u00f9 potere di lei. Ma perch\u00e9 ce l&#8217;avrebbero con te?, le ho chiesto. E lei: Che ne so io, dovresti chiederlo a loro!<\/p>\n<p><strong>Attribuire la colpa agli altri \u00e8 comodo<\/strong>: noi non c&#8217;entriamo niente, \u00e8 tutta colpa loro! E&#8217; un bello scaricabarile, per carit\u00e0: nulla da eccepire. Per\u00f2 questo scarico di responsabilit\u00e0 non ha solo effetti positivi sul nostro morale. Anzi: quelli negativi sono ben di pi\u00f9. Perch\u00e9:<br \/>\n1) Se la colpa dei miei insuccessi \u00e8 sempre degli altri, <strong>rinuncio a impegnarm<\/strong>i. A darmi da fare. A provarci. Tanto, so gi\u00e0 in partenza che non ce la potr\u00f2 mai fare! E allora, a che serve mettercela tutta? E&#8217; tutta fatica sprecata!<br \/>\nQuesto atteggiamento costituisce <strong>il modo migliore per demotivarti<\/strong>. Per sentirti impotente. Come un burattino i cui fili sono tirati da altri. E non \u00e8 una bella sensazione!<br \/>\n2) Se la colpa \u00e8 sempre degli altri, <strong>rinuncio non sono a impegnarmi. Ma anche a crescere<\/strong>. E cresciamo soltanto attraverso l&#8217;acquisizione di consapevolezza. Che viene dall&#8217;autocritica. Che non significa fustigarsi, colpevolizzarsi, accusarsi. Ma rendersi conto dei propri errori. Per non commetterli pi\u00f9.<\/p>\n<p>Vogliamo far passare gli anni inutilmente, azzerando qualunque progresso? Continuiamo a pensare che la colpa \u00e8 sempre degli altri. Il tempo passer\u00e0, diventeremo vecchi, ma resteremo sempre i soliti coglioni.<\/p>\n","protected":false},"excerpt":{"rendered":"<p><p>La colpa, si sa, \u00e8 sempre degli altri. Sempre! Lo diciamo, ripetiamo e ribadiamo, con la massima convinzione, ogni giorno. A tutti i livelli. Lo dice il governo: se le cose non vanno come dovrebbero, la colpa \u00e8 del governo precedente, che non ne ha azzeccata una. O dell&#8217;Europa, che ci schiavizza. O degli immigrati, brutti e cattivi. O dei giornalisti faziosi. Lo dice la signora Maria: se non riesce a far quadrare i conti familiari \u00e8 per colpa dei politici, tutti ladri per definizione. Lo dice mia figlia: se prende un&#8217;insufficienza non \u00e8 perch\u00e9 non ha studiato abbastanza, ma [&hellip;]<\/p>\n&nbsp;&nbsp;<div class=\"readmore\"><a href=\"https:\/\/blog.ilgiornale.it\/furlan\/2019\/01\/08\/perche-la-colpa-e-sempre-degli-altri\/\">Continua a leggere...<\/a><\/div><\/p>","protected":false},"author":1105,"featured_media":0,"comment_status":"open","ping_status":"closed","sticky":false,"template":"","format":"standard","meta":[],"categories":[312910,247],"tags":[391232],"_links":{"self":[{"href":"https:\/\/blog.ilgiornale.it\/furlan\/wp-json\/wp\/v2\/posts\/163"}],"collection":[{"href":"https:\/\/blog.ilgiornale.it\/furlan\/wp-json\/wp\/v2\/posts"}],"about":[{"href":"https:\/\/blog.ilgiornale.it\/furlan\/wp-json\/wp\/v2\/types\/post"}],"author":[{"embeddable":true,"href":"https:\/\/blog.ilgiornale.it\/furlan\/wp-json\/wp\/v2\/users\/1105"}],"replies":[{"embeddable":true,"href":"https:\/\/blog.ilgiornale.it\/furlan\/wp-json\/wp\/v2\/comments?post=163"}],"version-history":[{"count":4,"href":"https:\/\/blog.ilgiornale.it\/furlan\/wp-json\/wp\/v2\/posts\/163\/revisions"}],"predecessor-version":[{"id":168,"href":"https:\/\/blog.ilgiornale.it\/furlan\/wp-json\/wp\/v2\/posts\/163\/revisions\/168"}],"wp:attachment":[{"href":"https:\/\/blog.ilgiornale.it\/furlan\/wp-json\/wp\/v2\/media?parent=163"}],"wp:term":[{"taxonomy":"category","embeddable":true,"href":"https:\/\/blog.ilgiornale.it\/furlan\/wp-json\/wp\/v2\/categories?post=163"},{"taxonomy":"post_tag","embeddable":true,"href":"https:\/\/blog.ilgiornale.it\/furlan\/wp-json\/wp\/v2\/tags?post=163"}],"curies":[{"name":"wp","href":"https:\/\/api.w.org\/{rel}","templated":true}]}}