{"id":270,"date":"2020-02-03T13:20:23","date_gmt":"2020-02-03T12:20:23","guid":{"rendered":"https:\/\/blog.ilgiornale.it\/furlan\/?p=270"},"modified":"2020-02-03T16:08:43","modified_gmt":"2020-02-03T15:08:43","slug":"sanremo-il-festival-delle-ipocrisie","status":"publish","type":"post","link":"https:\/\/blog.ilgiornale.it\/furlan\/2020\/02\/03\/sanremo-il-festival-delle-ipocrisie\/","title":{"rendered":"Sanremo, il festival delle ipocrisie"},"content":{"rendered":"<div id=\"attachment_277\" style=\"width: 310px\" class=\"wp-caption alignnone\"><a href=\"https:\/\/blog.ilgiornale.it\/furlan\/files\/2020\/02\/junior-cally-marco-masini-sanremo.jpg\"><img aria-describedby=\"caption-attachment-277\" loading=\"lazy\" class=\"size-medium wp-image-277\" src=\"https:\/\/blog.ilgiornale.it\/furlan\/files\/2020\/02\/junior-cally-marco-masini-sanremo-300x169.jpg\" alt=\"Junior Cally e Marco Masini, al centro delle polemiche al Festival di Sanremo\" width=\"300\" height=\"169\" srcset=\"https:\/\/blog.ilgiornale.it\/furlan\/files\/2020\/02\/junior-cally-marco-masini-sanremo-300x169.jpg 300w, https:\/\/blog.ilgiornale.it\/furlan\/files\/2020\/02\/junior-cally-marco-masini-sanremo-1024x576.jpg 1024w, https:\/\/blog.ilgiornale.it\/furlan\/files\/2020\/02\/junior-cally-marco-masini-sanremo.jpg 1280w\" sizes=\"(max-width: 300px) 100vw, 300px\" \/><\/a><p id=\"caption-attachment-277\" class=\"wp-caption-text\">Junior Cally e Marco Masini, al centro delle polemiche al Festival di Sanremo<\/p><\/div>\n<p>Il Festival di Sanremo non sarebbe tale se non suscitasse, ogni anno, una montagna di polemiche. E di ipocrisie. Anche stavolta, per fortuna, non ci delude.<br \/>\nTra i protagonisti di quest&#8217;anno c&#8217;\u00e8 un certo <strong>Junior Cally<\/strong>, il cantante mascherato. E si \u00e8 scatenata la bufera su di lui. Perch\u00e9, tre anni fa, nella sua canzone semisconosciuta intitolata &#8220;La strega&#8221; ha scritto: &#8220;L\u2019ho ammazzata, le ho strappato la borsa\/C\u2019ho rivestito la maschera&#8221;.<\/p>\n<p>Non mi piace la musica di questo rapper, cos\u00ec come non mi piace la musica della maggior parte dei rapper e trapper: la trovo noiosa, ripetitiva. Una gran rottura di balle. E non mi piacciono i loro testi, zeppi di parolacce, sessismo, inni alla droga e a trattare le donne come donnacce. Tant&#8217;\u00e8 vero che &#8220;bitch&#8221;, cagna, \u00e8 un intercalare di questo genere musicale. Assolutamente intollerabile, per me. Ma dietro lo scandalo suscitato da questo vecchio testo\u00a0ho trovato molta ipocrisia. Perch\u00e9 se inviti un rapper, sai che i contenuti delle sue canzoni non sono esattamente come quelli di Lucio Battisti.<br \/>\n<strong>Lucio Battisti<\/strong>? Anche lui \u00e8 finito sotto accusa, perbacco! Per la sua (secondo me bellissima) canzone Emozioni: &#8220;Guidare come un pazzo a fari spenti nella notte per vedere se poi \u00e8 tanto difficile morire&#8221;. E&#8217; un&#8217;istigazione all&#8217;omicidio stradale, che diamine!<br \/>\nNon parliamo di <strong>Marco Masin<\/strong>i. Avrai letto anche tu le polemiche, quest&#8217;anno, per la sua presenza a Sanremo, dopo trent&#8217;anni di presenza assidua al Festival. C&#8217;\u00e8 chi gli rimprovera le parole della sua &#8220;Bella stronza&#8221; (1995) e gli chiede di rinnegarla. Perch\u00e9 canta &#8220;Mi verrebbe da strapparti quei vestiti da puttana e tenerti a gambe aperte finch\u00e9 viene domattina&#8221;. Un inno allo stupro?<br \/>\nSulla scia delle degenerazioni del sacrosanto #MeToo si contesta <strong>Vasco Rossi<\/strong> per la sua &#8220;Colpa d&#8217;Alfredo&#8221;: &#8220;Se n&#8217;\u00e8 andata con il negro, la troia! Colpa d&#8217;Alfredo&#8230; prima o poi lo uccido!&#8221; Sessista, razzista e omicida! E si punta l&#8217;indice anche contro <strong>Marco Ferradini<\/strong> per la sua famosa Teorema: &#8220;Prendi una donna, trattala male&#8230;&#8221; Ma il colmo, secondo me, \u00e8 stato lo scandalo suscitato dall&#8217;ignaro <strong>Amadeus<\/strong> quando si \u00e8 permesso di dire che le donne che calcano il Festival con lui sono belle. Perch\u00e9, secondo questa teoria, se dici che una donna \u00e8 bella significa che la prendi per scema. Quindi o esalti il suo intelletto, o \u00e8 meglio che tu stia zitto.<\/p>\n<p>Oggi siamo molto pi\u00f9 suscettibili di venti, trenta o quarant&#8217;anni fa. Per fortuna, in alcuni contesti. Purtroppo, in altri. Ve lo immaginate, oggi, un <strong>Charles Bukowski<\/strong> che pubblica i suoi libri? Verrebbe messo all&#8217;indice per sessismo. Cos\u00ec come fa, in parte, l&#8217;universit\u00e0 di Cambridge con <strong>Shakespeare<\/strong>: avverte gli studenti, prima delle letture sul Bardo, che\u00a0contengono &#8220;violenza sessuale&#8221;<br \/>\nLa violenza, fisica o psicologica, nei confronti di una donna &#8211; o di chicchessia &#8211; \u00e8 un crimine. Chi uccide,\u00a0stupra o molesta, o incita a farlo, va punito. Molto severamente.\u00a0E&#8217; lapalissiano,\u00a0su questo non ci piove. E aggiungo che sarei molto\u00a0severo nel punire i\u00a0commenti sessisti, razzisti, omofobi e antisemiti sui social. Ma da qui a vedere assassini, stupratori,\u00a0molestatori e mostri dappertutto ce ne passa. E voglio proprio vedere se i benpensanti che si scandalizzano a ogni pi\u00e8 sospinto, sono davvero cos\u00ec\u00a0politicamente corretti nella loro vita privata. Se non gli scappa mai un &#8220;porca put&#8230;&#8221;, un &#8220;che gran pezzo di fi&#8230;&#8221;, identificando una donna con il suo organo genitale, o di fare commenti pesanti su una\u00a0signora per come si veste o si sveste. Ma, si sa,\u00a0impancarsi a moralisti \u00e8 un modo facile per fare bella figura. Per apparire moralmente superiori, giudici implacabili delle magagne altrui.<br \/>\nA forza di gridare al lupo, e di vedere il male dappertutto, perdiamo la capacit\u00e0 di identificarlo dove esiste davvero. E&#8217; lo stesso discorso del razzismo, o del fascismo: se basta un nonnulla per essere\u00a0censurati come razzisti o fascisti, finisce che lo siamo tutti. Con grande gioia di quelli che lo sono davvero.<br \/>\nCome scrisse il filosofo <strong>Norberto Bobbio<\/strong>, &#8220;Non c\u2019\u00e8 nulla di peggio del moralismo a buon mercato. Perch\u00e9 in genere quando \u00e8 a buon mercato, \u00e8 anche ipocrita.&#8221;<\/p>\n","protected":false},"excerpt":{"rendered":"<p><p>Il Festival di Sanremo non sarebbe tale se non suscitasse, ogni anno, una montagna di polemiche. E di ipocrisie. Anche stavolta, per fortuna, non ci delude. Tra i protagonisti di quest&#8217;anno c&#8217;\u00e8 un certo Junior Cally, il cantante mascherato. E si \u00e8 scatenata la bufera su di lui. Perch\u00e9, tre anni fa, nella sua canzone semisconosciuta intitolata &#8220;La strega&#8221; ha scritto: &#8220;L\u2019ho ammazzata, le ho strappato la borsa\/C\u2019ho rivestito la maschera&#8221;. Non mi piace la musica di questo rapper, cos\u00ec come non mi piace la musica della maggior parte dei rapper e trapper: la trovo noiosa, ripetitiva. Una gran rottura [&hellip;]<\/p>\n&nbsp;&nbsp;<div class=\"readmore\"><a href=\"https:\/\/blog.ilgiornale.it\/furlan\/2020\/02\/03\/sanremo-il-festival-delle-ipocrisie\/\">Continua a leggere...<\/a><\/div><\/p>","protected":false},"author":1105,"featured_media":0,"comment_status":"open","ping_status":"closed","sticky":false,"template":"","format":"standard","meta":[],"categories":[247],"tags":[6518,53985,3766],"_links":{"self":[{"href":"https:\/\/blog.ilgiornale.it\/furlan\/wp-json\/wp\/v2\/posts\/270"}],"collection":[{"href":"https:\/\/blog.ilgiornale.it\/furlan\/wp-json\/wp\/v2\/posts"}],"about":[{"href":"https:\/\/blog.ilgiornale.it\/furlan\/wp-json\/wp\/v2\/types\/post"}],"author":[{"embeddable":true,"href":"https:\/\/blog.ilgiornale.it\/furlan\/wp-json\/wp\/v2\/users\/1105"}],"replies":[{"embeddable":true,"href":"https:\/\/blog.ilgiornale.it\/furlan\/wp-json\/wp\/v2\/comments?post=270"}],"version-history":[{"count":15,"href":"https:\/\/blog.ilgiornale.it\/furlan\/wp-json\/wp\/v2\/posts\/270\/revisions"}],"predecessor-version":[{"id":286,"href":"https:\/\/blog.ilgiornale.it\/furlan\/wp-json\/wp\/v2\/posts\/270\/revisions\/286"}],"wp:attachment":[{"href":"https:\/\/blog.ilgiornale.it\/furlan\/wp-json\/wp\/v2\/media?parent=270"}],"wp:term":[{"taxonomy":"category","embeddable":true,"href":"https:\/\/blog.ilgiornale.it\/furlan\/wp-json\/wp\/v2\/categories?post=270"},{"taxonomy":"post_tag","embeddable":true,"href":"https:\/\/blog.ilgiornale.it\/furlan\/wp-json\/wp\/v2\/tags?post=270"}],"curies":[{"name":"wp","href":"https:\/\/api.w.org\/{rel}","templated":true}]}}