{"id":512,"date":"2020-10-26T14:15:55","date_gmt":"2020-10-26T13:15:55","guid":{"rendered":"https:\/\/blog.ilgiornale.it\/furlan\/?p=512"},"modified":"2020-10-26T23:16:37","modified_gmt":"2020-10-26T22:16:37","slug":"lockdown-e-divieti-sono-inutili","status":"publish","type":"post","link":"https:\/\/blog.ilgiornale.it\/furlan\/2020\/10\/26\/lockdown-e-divieti-sono-inutili\/","title":{"rendered":"Perch\u00e9 lockdown e divieti ci sembrano inutili"},"content":{"rendered":"<div id=\"attachment_517\" style=\"width: 310px\" class=\"wp-caption alignnone\"><a href=\"https:\/\/blog.ilgiornale.it\/furlan\/files\/2020\/10\/napoli.jpg\"><img aria-describedby=\"caption-attachment-517\" loading=\"lazy\" class=\"size-medium wp-image-517\" src=\"https:\/\/blog.ilgiornale.it\/furlan\/files\/2020\/10\/napoli-300x168.jpg\" alt=\"A Napoli, Roma e in altre citt\u00e0 si protesta contro il lockdown\" width=\"300\" height=\"168\" srcset=\"https:\/\/blog.ilgiornale.it\/furlan\/files\/2020\/10\/napoli-300x168.jpg 300w, https:\/\/blog.ilgiornale.it\/furlan\/files\/2020\/10\/napoli.jpg 512w\" sizes=\"(max-width: 300px) 100vw, 300px\" \/><\/a><p id=\"caption-attachment-517\" class=\"wp-caption-text\">A Napoli, Roma e in altre citt\u00e0 si protesta contro il lockdown<\/p><\/div>\n<p>In marzo e aprile, durante il primo lockdown, noi italiani abbiamo risposto con grande compostezza e disciplina ai limiti imposti.<br \/>\nAbbiamo accettato, quasi senza battere ciglio, le proibizioni imposte dallo Stato e dalle Regioni: eravamo convinti che, stringendo i denti per qualche mese, saremmo tornati alla normalit\u00e0. I nostri sacrifici sarebbero stati ripagati: il virus sarebbe stato debellato, l&#8217;economia sarebbe lentamente tornata alla normalit\u00e0.<br \/>\nAdesso, invece, bench\u00e9 non siamo (ancora?) al lockdown totale, chiusure e divieti infastidiscono una parte sempre pi\u00f9 ampia della popolazione. A molti sembrano soprusi ingiustificati. Lo spirito di unione che c\u2019era sei mesi fa non c\u2019\u00e8 pi\u00f9; ora prevalgono rabbia, rancore, contestazioni. Ne sono una prova non solo le manifestazioni di protesta in tutta Italia, ma anche la crescente insofferenza a tutti questi limiti. Basta parlare con le persone e andare sui social per capire che tanti li giudicano vessazioni inutili.<br \/>\nImprenditori e commercianti, artigiani e professionisti sono tra l&#8217;abbattuto e il furente. E anche i lavoratori dipendenti sono inquieti: prima o poi la cassa integrazione finir\u00e0. Gli unici a restare sereni sono i dipendenti pubblici, che hanno il posto fisso e quindi non rischiano nulla; e gli unici a brindare sono i titani del web (che tra l&#8217;altro pagano pochissime tasse): Amazon, Netflix, Google, Facebook, Microsoft, Zoom&#8230; Non a caso i loro padroni si stanno arricchendo a dismisura, consolidando il loro primato di uomini pi\u00f9 ricchi del mondo. Cos\u00ec i ricchi diventano sempre pi\u00f9 ricchi, i poveri sempre pi\u00f9 poveri e il ceto medio sprofonda nella povert\u00e0.<\/p>\n<p><strong>Sacrifici s\u00ec, ma solo se servono<\/strong><br \/>\nSappiamo tutti che negli ultimi mesi chi era al potere non ha fatto abbastanza per prevenire ci\u00f2 che sta accadendo. Ma il malumore diffuso non deriva soltanto da questo. La risposta va cercata nella nostra mente, e nei meccanismi psicologici delle leve motivazionali.<br \/>\nInfatti siamo disposti e motivati a fare sacrifici, anche pesanti, a due condizioni:<br \/>\n<strong>1) Se sappiamo che servono;<\/strong><br \/>\n<strong>2) Se sappiamo quando finiranno.<\/strong><br \/>\nQueste due condizioni sono venute meno. Soprattutto la seconda.<br \/>\nMolti non sono affatto convinti che chiudere palestre, cinema, teatri, bar e ristoranti alla sera serva davvero a combattere il virus. Appaiono, a volte, sacrifici tanto drammatici quanto inutili. E quindi sbagliati. Tant\u2019\u00e8 vero che non solo i politici, ma anche i virologi sono divisi sull\u2019utilit\u00e0 delle misure. Quel che \u00e8 peggio, per\u00f2, \u00e8 che non abbiamo la pi\u00f9 pallida idea di quando usciremo dal tunnel: a Natale? In estate? O forse mai, se \u00e8 vero il virus si indebolisce con il caldo, ma ritorna con il freddo? Arriver\u00e0 il vaccino? Funzioner\u00e0? Oppure dopo la seconda ondata ne arriveranno una terza, una quarta e chiss\u00e0 quante altre? Sembra il gioco dell&#8217;oca. Dove ritorni, sempre, al punto di partenza.<br \/>\nE\u2019 proprio questa estrema incertezza a demotivarci. Le autorit\u00e0 ci impongono nuovi sacrifici; e noi, pur obbedendo, ci chiediamo \u2013 sotto sotto \u2013 se ne valga davvero la pena. Conte promette che servono per salvare il Natale, e gli acquisti ad esso collegati. Gli vogliamo credere. Ma non sar\u00e0 che, passate le feste, ritorneremo come prima, con un nuovo lockdown?<\/p>\n","protected":false},"excerpt":{"rendered":"<p><p>In marzo e aprile, durante il primo lockdown, noi italiani abbiamo risposto con grande compostezza e disciplina ai limiti imposti. Abbiamo accettato, quasi senza battere ciglio, le proibizioni imposte dallo Stato e dalle Regioni: eravamo convinti che, stringendo i denti per qualche mese, saremmo tornati alla normalit\u00e0. I nostri sacrifici sarebbero stati ripagati: il virus sarebbe stato debellato, l&#8217;economia sarebbe lentamente tornata alla normalit\u00e0. Adesso, invece, bench\u00e9 non siamo (ancora?) al lockdown totale, chiusure e divieti infastidiscono una parte sempre pi\u00f9 ampia della popolazione. A molti sembrano soprusi ingiustificati. Lo spirito di unione che c\u2019era sei mesi fa non c\u2019\u00e8 [&hellip;]<\/p>\n&nbsp;&nbsp;<div class=\"readmore\"><a href=\"https:\/\/blog.ilgiornale.it\/furlan\/2020\/10\/26\/lockdown-e-divieti-sono-inutili\/\">Continua a leggere...<\/a><\/div><\/p>","protected":false},"author":1105,"featured_media":0,"comment_status":"open","ping_status":"closed","sticky":false,"template":"","format":"standard","meta":[],"categories":[247],"tags":[410726],"_links":{"self":[{"href":"https:\/\/blog.ilgiornale.it\/furlan\/wp-json\/wp\/v2\/posts\/512"}],"collection":[{"href":"https:\/\/blog.ilgiornale.it\/furlan\/wp-json\/wp\/v2\/posts"}],"about":[{"href":"https:\/\/blog.ilgiornale.it\/furlan\/wp-json\/wp\/v2\/types\/post"}],"author":[{"embeddable":true,"href":"https:\/\/blog.ilgiornale.it\/furlan\/wp-json\/wp\/v2\/users\/1105"}],"replies":[{"embeddable":true,"href":"https:\/\/blog.ilgiornale.it\/furlan\/wp-json\/wp\/v2\/comments?post=512"}],"version-history":[{"count":7,"href":"https:\/\/blog.ilgiornale.it\/furlan\/wp-json\/wp\/v2\/posts\/512\/revisions"}],"predecessor-version":[{"id":520,"href":"https:\/\/blog.ilgiornale.it\/furlan\/wp-json\/wp\/v2\/posts\/512\/revisions\/520"}],"wp:attachment":[{"href":"https:\/\/blog.ilgiornale.it\/furlan\/wp-json\/wp\/v2\/media?parent=512"}],"wp:term":[{"taxonomy":"category","embeddable":true,"href":"https:\/\/blog.ilgiornale.it\/furlan\/wp-json\/wp\/v2\/categories?post=512"},{"taxonomy":"post_tag","embeddable":true,"href":"https:\/\/blog.ilgiornale.it\/furlan\/wp-json\/wp\/v2\/tags?post=512"}],"curies":[{"name":"wp","href":"https:\/\/api.w.org\/{rel}","templated":true}]}}