{"id":674,"date":"2022-03-24T14:46:33","date_gmt":"2022-03-24T13:46:33","guid":{"rendered":"https:\/\/blog.ilgiornale.it\/furlan\/?p=674"},"modified":"2022-03-31T11:00:43","modified_gmt":"2022-03-31T09:00:43","slug":"ucraina-e-tutta-colpa-della-nato","status":"publish","type":"post","link":"https:\/\/blog.ilgiornale.it\/furlan\/2022\/03\/24\/ucraina-e-tutta-colpa-della-nato\/","title":{"rendered":"Ucraina: \u00e8 tutta colpa della Nato"},"content":{"rendered":"<div id=\"attachment_676\" style=\"width: 310px\" class=\"wp-caption alignnone\"><a href=\"https:\/\/blog.ilgiornale.it\/furlan\/files\/2022\/03\/putin-discorso-900x577-1.jpg\"><img aria-describedby=\"caption-attachment-676\" loading=\"lazy\" class=\"size-medium wp-image-676\" src=\"https:\/\/blog.ilgiornale.it\/furlan\/files\/2022\/03\/putin-discorso-900x577-1-300x192.jpg\" alt=\"La guerra in Ucraina \u00e8 colpa della Nato\" width=\"300\" height=\"192\" srcset=\"https:\/\/blog.ilgiornale.it\/furlan\/files\/2022\/03\/putin-discorso-900x577-1-300x192.jpg 300w, https:\/\/blog.ilgiornale.it\/furlan\/files\/2022\/03\/putin-discorso-900x577-1-768x492.jpg 768w, https:\/\/blog.ilgiornale.it\/furlan\/files\/2022\/03\/putin-discorso-900x577-1.jpg 900w\" sizes=\"(max-width: 300px) 100vw, 300px\" \/><\/a><p id=\"caption-attachment-676\" class=\"wp-caption-text\">Putin dice che la guerra in Ucraina \u00e8 colpa della Nato. E&#8217; davvero cos\u00ec?<\/p><\/div>\n<p>Se Putin ha attaccato l\u2019Ucraina, \u00e8 colpa della Nato che lo minacciava.<br \/>\nE\u2019 l\u2019idea portata avanti da molti: il\u00a0 padrone del Cremlino ha agito per difendersi, perch\u00e9 l\u2019Alleanza Atlantica \u00e8 avanzata ad est dopo la fine dell\u2019Urss, inglobando Paesi che facevano parte dell\u2019impero sovietico.<br \/>\nPenso anch\u2019io che l\u2019aggressione di Putin sia colpa della Nato. Ma in un altro senso. Nel senso che la Nato, l\u2019Occidente, gli Usa e l\u2019Europa si sono mostrati troppo deboli e arrendevoli. Non hanno reagito, se non con blande sanzioni, quando la Russia ha invaso la Crimea nel 2014. E nemmeno quando, nel 2008, ha mandato i suoi carri armati ad occupare Ossezia del Sud ed Abkhazia, territori georgiani. E nemmeno quando, prima ancora, ha massacrato migliaia di civili ceceni. E nemmeno quando gli oppositori del tiranno sono stati uccisi, avvelenati, imprigionati. E nemmeno quando gli organi d\u2019informazione indipendenti sono stati imbavagliati. E nemmeno quando gli omosessuali sono stati costretti a nascondersi, per evitare persecuzioni. E l\u2019elenco potrebbe continuare a lungo.<\/p>\n<p>Da decenni mi occupo di recupero dei bulli. Ne ho conosciuti a centinaia. E ho imparato che mostrare debolezza, timore, pavidit\u00e0 a un bullo lo spinge a diventare ancora pi\u00f9 prepotente. Perch\u00e9 si convince di poter picchiare, umiliare, sopraffare senza pagare dazio.<\/p>\n<p><strong>Putin \u00e8 un bullo, oltre che un grande egoico.<\/strong>\u00a0 In oltre vent&#8217;anni di potere assoluto, circondato da yes men, si \u00e8 innalzato su un piedistallo. E ha invaso l\u2019Ucraina convinto che l\u2019Occidente avrebbe fatto come in passato: si sarebbe limitato a qualche inutile protesta e a qualche sanzione in pi\u00f9. Il despota russo l\u2019ha pi\u00f9 volte dichiarato, di persona e per il tramite dei suoi ideologi ultranazionalisti: l\u2019Occidente \u00e8 debole, noi siamo forti. E in natura, si sa, il forte schiaccia il debole. E\u2019 la legge della giungla. Cio\u00e8 del pi\u00f9 forte. Una legge che noi europei ci eravamo illusi appartenesse al passato della politica, ma che invece \u00e8 ancora, ahim\u00e8, attualissima.<\/p>\n<p>Se l\u2019Ucraina fosse entrata nella Nato anni fa, quando Putin non aveva ancora la forza di oggi, probabilmente non l&#8217;avrebbe aggredita. La riprova? Il dittatore minaccia Finlandia, Svezia, Moldavia e Georgia: guai a voi se vi azzardate ad entrare nella Nato! Se facessero parte dell\u2019Alleanza diventerebbero Stati molto pi\u00f9 difficili da invadere, perch\u00e9 a quel punto Mosca si troverebbe contro l\u2019esercito americano. Se invece restano fuori, forse, prima o poi, faranno la fine dell\u2019Ucraina. Infatti Putin ha detto e ripetuto che il suo obiettivo non \u00e8 solo prendersi Kiev, ma tornare all\u2019impero russo degli zar. Quello che comprendeva Polonia, Finlandia e Paesi baltici. Che, infatti, temono di essere le prossime vittime dell\u2019imperialismo russo.<\/p>\n<p><strong>Un bullo capisce un solo linguaggio: quello della forza<\/strong>. Il resto sono chiacchiere e propaganda. Difatti prevedo che Putin accetter\u00e0 di negoziare davvero, e non per finta come ha fatto finora, soltanto quando avr\u00e0 raggiunto i suoi obiettivi. Quando l\u2019Ucraina, o almeno buona parte di quel Paese, sar\u00e0 sua. A quel punto, come ha fatto in Crimea, porr\u00e0 il mondo di fronte al fatto compiuto: questo territorio \u00e8 mio, adesso provate a sloggiarmi, se ci riuscite.<\/p>\n<p>Per questo la colpa della tragedia in atto \u00e8 anche della Nato. E dell\u2019Occidente. Perch\u00e9 <strong>siamo stati troppo deboli, cedevoli, timidi nei confronti del prepotente<\/strong>. Quando, in febbraio, Biden ha ripetuto che non sarebbe intervenuto militarmente in caso di invasione russa dell&#8217;Ucraina, Putin si \u00e8 convinto ad agire. E di fronte alle nostre timidezze ed esitazioni si \u00e8 sentito invincibile, con la facile vittoria gi\u00e0 in tasca.<br \/>\nCome negli anni Trenta con Hitler, l&#8217;appeasement di fronte al prevaricatore non paga. Abbiamo commesso con Putin lo stesso errore che i nostri bisnonni commisero con il Fuehrer: quando riarm\u00f2 la Germania, e poi si prese la Saar, i Sudeti, l&#8217;Austria, lasciarono fare per vigliaccheria e quieto vivere. Cercando, anzi, di giustificarlo. E continuando a fare business con lui. Aveva ragione Winston Churchill, rivolto agli arrendevoli leader del mondo\u00a0 libero dopo gli accordi di Monaco del settembre 1938: &#8220;Potevano scegliere fra il disonore e la guerra. Hanno scelto il disonore. E avranno la guerra.&#8221;<\/p>\n","protected":false},"excerpt":{"rendered":"<p><p>Se Putin ha attaccato l\u2019Ucraina, \u00e8 colpa della Nato che lo minacciava. E\u2019 l\u2019idea portata avanti da molti: il\u00a0 padrone del Cremlino ha agito per difendersi, perch\u00e9 l\u2019Alleanza Atlantica \u00e8 avanzata ad est dopo la fine dell\u2019Urss, inglobando Paesi che facevano parte dell\u2019impero sovietico. Penso anch\u2019io che l\u2019aggressione di Putin sia colpa della Nato. Ma in un altro senso. Nel senso che la Nato, l\u2019Occidente, gli Usa e l\u2019Europa si sono mostrati troppo deboli e arrendevoli. Non hanno reagito, se non con blande sanzioni, quando la Russia ha invaso la Crimea nel 2014. E nemmeno quando, nel 2008, ha mandato [&hellip;]<\/p>\n&nbsp;&nbsp;<div class=\"readmore\"><a href=\"https:\/\/blog.ilgiornale.it\/furlan\/2022\/03\/24\/ucraina-e-tutta-colpa-della-nato\/\">Continua a leggere...<\/a><\/div><\/p>","protected":false},"author":1105,"featured_media":0,"comment_status":"open","ping_status":"closed","sticky":false,"template":"","format":"standard","meta":[],"categories":[247],"tags":[411316],"_links":{"self":[{"href":"https:\/\/blog.ilgiornale.it\/furlan\/wp-json\/wp\/v2\/posts\/674"}],"collection":[{"href":"https:\/\/blog.ilgiornale.it\/furlan\/wp-json\/wp\/v2\/posts"}],"about":[{"href":"https:\/\/blog.ilgiornale.it\/furlan\/wp-json\/wp\/v2\/types\/post"}],"author":[{"embeddable":true,"href":"https:\/\/blog.ilgiornale.it\/furlan\/wp-json\/wp\/v2\/users\/1105"}],"replies":[{"embeddable":true,"href":"https:\/\/blog.ilgiornale.it\/furlan\/wp-json\/wp\/v2\/comments?post=674"}],"version-history":[{"count":9,"href":"https:\/\/blog.ilgiornale.it\/furlan\/wp-json\/wp\/v2\/posts\/674\/revisions"}],"predecessor-version":[{"id":684,"href":"https:\/\/blog.ilgiornale.it\/furlan\/wp-json\/wp\/v2\/posts\/674\/revisions\/684"}],"wp:attachment":[{"href":"https:\/\/blog.ilgiornale.it\/furlan\/wp-json\/wp\/v2\/media?parent=674"}],"wp:term":[{"taxonomy":"category","embeddable":true,"href":"https:\/\/blog.ilgiornale.it\/furlan\/wp-json\/wp\/v2\/categories?post=674"},{"taxonomy":"post_tag","embeddable":true,"href":"https:\/\/blog.ilgiornale.it\/furlan\/wp-json\/wp\/v2\/tags?post=674"}],"curies":[{"name":"wp","href":"https:\/\/api.w.org\/{rel}","templated":true}]}}