{"id":110,"date":"2016-05-10T08:04:39","date_gmt":"2016-05-10T06:04:39","guid":{"rendered":"https:\/\/blog.ilgiornale.it\/giacalone\/?p=110"},"modified":"2016-05-10T08:04:39","modified_gmt":"2016-05-10T06:04:39","slug":"sadiq-khan-primo-passo-falso","status":"publish","type":"post","link":"https:\/\/blog.ilgiornale.it\/giacalone\/2016\/05\/10\/sadiq-khan-primo-passo-falso\/","title":{"rendered":"Sadiq Khan, primo passo falso"},"content":{"rendered":"<p>Il nuovo sindaco di Londra, Sadiq Khan, deve ancora iniziare a operare e parte gi\u00e0 molto male con alcune controverse dichiarazioni sulla campagna elettorale americana, prendendo di mira il candidato repubblicano Donald Trump e lanciandosi personalmente in mezzo con la ben nota retorica del vittimismo che per\u00f2 poco lo riguarderebbe.<\/p>\n<p>Khan ha dichiarato al Time:<\/p>\n<p>\u201cVoglio andare in America e confrontarmi con i sindaci americani. Se Donald Trump diventa presidente, in virt\u00f9 della mia fede mi sar\u00e0 impedito di andarci\u201d.<\/p>\n<p>Khan si \u00e8 detto fiducioso che la politica di Trump non vincer\u00e0 in America.<\/p>\n<p>Non \u00e8 ben chiaro per quale motivo a Khan dovrebbe essere proibito l\u2019ingresso negli Stati Uniti, visto che le procedure di blacklisting riguardano esclusivamente elementi con legami al terrorismo internazionale o ritenuti pericolosi per la sicurezza nazionale, non certo per l\u2019appartenenza religiosa. Un\u2019evidente strumentalizzazione politico-ideologica da parte del neo-sindaco, a meno che non sono alcuni legami familiari con Makbool Javaid (ex marito della sorella), estremista islamico legato al famigerato gruppo \u201cel-Mouhajiroon\u201d, a preoccuparlo, oltre che alcune sue presenze a convegni con esponenti non proprio moderati dell\u2019Islam britannico. Difficile dirlo.<\/p>\n<p>A volte ci si lascia \u201cprendere\u201d dalle cariche acquisite, solo che Khan ha dimenticato un piccolo particolare, \u00e8 stato eletto sindaco di Londra, non premier del Regno Unito.<\/p>\n<p>Se dovesse vincere, Trump se ne far\u00e0 una ragione, il signor Khan non vorr\u00e0 incontrarlo.<\/p>\n<p><a href=\"https:\/\/blog.ilgiornale.it\/giacalone\/files\/2016\/05\/Sadiq-Khan2.jpg\"><img loading=\"lazy\" class=\"alignnone size-medium wp-image-111\" src=\"https:\/\/blog.ilgiornale.it\/giacalone\/files\/2016\/05\/Sadiq-Khan2-300x200.jpg\" alt=\"Sadiq-Khan2\" width=\"300\" height=\"200\" srcset=\"https:\/\/blog.ilgiornale.it\/giacalone\/files\/2016\/05\/Sadiq-Khan2-300x200.jpg 300w, https:\/\/blog.ilgiornale.it\/giacalone\/files\/2016\/05\/Sadiq-Khan2.jpg 615w\" sizes=\"(max-width: 300px) 100vw, 300px\" \/><\/a><\/p>\n","protected":false},"excerpt":{"rendered":"<p><p>Il nuovo sindaco di Londra, Sadiq Khan, deve ancora iniziare a operare e parte gi\u00e0 molto male con alcune controverse dichiarazioni sulla campagna elettorale americana, prendendo di mira il candidato repubblicano Donald Trump e lanciandosi personalmente in mezzo con la ben nota retorica del vittimismo che per\u00f2 poco lo riguarderebbe. Khan ha dichiarato al Time: \u201cVoglio andare in America e confrontarmi con i sindaci americani. Se Donald Trump diventa presidente, in virt\u00f9 della mia fede mi sar\u00e0 impedito di andarci\u201d. Khan si \u00e8 detto fiducioso che la politica di Trump non vincer\u00e0 in America. Non \u00e8 ben chiaro per quale [&hellip;]<\/p>\n&nbsp;&nbsp;<div class=\"readmore\"><a href=\"https:\/\/blog.ilgiornale.it\/giacalone\/2016\/05\/10\/sadiq-khan-primo-passo-falso\/\">Continua a leggere...<\/a><\/div><\/p>","protected":false},"author":1073,"featured_media":111,"comment_status":"open","ping_status":"closed","sticky":false,"template":"","format":"standard","meta":[],"categories":[42],"tags":[108,12,3752,100507,100506],"_links":{"self":[{"href":"https:\/\/blog.ilgiornale.it\/giacalone\/wp-json\/wp\/v2\/posts\/110"}],"collection":[{"href":"https:\/\/blog.ilgiornale.it\/giacalone\/wp-json\/wp\/v2\/posts"}],"about":[{"href":"https:\/\/blog.ilgiornale.it\/giacalone\/wp-json\/wp\/v2\/types\/post"}],"author":[{"embeddable":true,"href":"https:\/\/blog.ilgiornale.it\/giacalone\/wp-json\/wp\/v2\/users\/1073"}],"replies":[{"embeddable":true,"href":"https:\/\/blog.ilgiornale.it\/giacalone\/wp-json\/wp\/v2\/comments?post=110"}],"version-history":[{"count":1,"href":"https:\/\/blog.ilgiornale.it\/giacalone\/wp-json\/wp\/v2\/posts\/110\/revisions"}],"predecessor-version":[{"id":112,"href":"https:\/\/blog.ilgiornale.it\/giacalone\/wp-json\/wp\/v2\/posts\/110\/revisions\/112"}],"wp:featuredmedia":[{"embeddable":true,"href":"https:\/\/blog.ilgiornale.it\/giacalone\/wp-json\/wp\/v2\/media\/111"}],"wp:attachment":[{"href":"https:\/\/blog.ilgiornale.it\/giacalone\/wp-json\/wp\/v2\/media?parent=110"}],"wp:term":[{"taxonomy":"category","embeddable":true,"href":"https:\/\/blog.ilgiornale.it\/giacalone\/wp-json\/wp\/v2\/categories?post=110"},{"taxonomy":"post_tag","embeddable":true,"href":"https:\/\/blog.ilgiornale.it\/giacalone\/wp-json\/wp\/v2\/tags?post=110"}],"curies":[{"name":"wp","href":"https:\/\/api.w.org\/{rel}","templated":true}]}}