{"id":30,"date":"2015-11-19T09:00:58","date_gmt":"2015-11-19T08:00:58","guid":{"rendered":"https:\/\/blog.ilgiornale.it\/giacalone\/?p=30"},"modified":"2015-11-19T09:49:17","modified_gmt":"2015-11-19T08:49:17","slug":"il-reclutamento-di-jihadisti-un-meccanismo-complesso-mosca-insegna","status":"publish","type":"post","link":"https:\/\/blog.ilgiornale.it\/giacalone\/2015\/11\/19\/il-reclutamento-di-jihadisti-un-meccanismo-complesso-mosca-insegna\/","title":{"rendered":"Il reclutamento di jihadisti, un meccanismo complesso. Mosca insegna."},"content":{"rendered":"<p>Le indagini post-Parigi hanno portato le autorit\u00e0 di Francia e Belgio a concentrarsi in particolare su due quartieri \u201cghetto\u201d, precisamente Saint Denis, periferia nord di Parigi e Molenbeek a Bruxelles.<br \/>\nE\u2019 chiaro, la retorica dell\u2019Isis fa presa dove c\u2019\u00e8 maggior disagio sociale, culturale ed economico e pu\u00f2 fare molti danni. L\u2019Isis ha capito che oggi c\u2019\u00e8 malcontento nelle citt\u00e0 europee ed \u00e8 l\u00ec che ha concentrato molta della propria propaganda, con tanto di messaggi in svariate lingue indirizzati a differenti contesti geografici: Russia, Balcani, Europa occidentale.<br \/>\nLa propaganda da sola per\u00f2 non basta, c\u2019\u00e8 bisogno di un meccanismo ben \u201coliato\u201d e sincronizzato che si occupa del processo di reclutamento. Un processo che non pu\u00f2 essere lasciato al caso ma che necessita piuttosto di una serie di ruoli coordinati tra loro.<\/p>\n<p><a href=\"https:\/\/blog.ilgiornale.it\/giacalone\/files\/2015\/11\/article-2317445-198FD062000005DC-551_634x475.jpg\"><img loading=\"lazy\" class=\"alignnone size-medium wp-image-31\" src=\"https:\/\/blog.ilgiornale.it\/giacalone\/files\/2015\/11\/article-2317445-198FD062000005DC-551_634x475-300x225.jpg\" alt=\"article-2317445-198FD062000005DC-551_634x475\" width=\"300\" height=\"225\" srcset=\"https:\/\/blog.ilgiornale.it\/giacalone\/files\/2015\/11\/article-2317445-198FD062000005DC-551_634x475-300x225.jpg 300w, https:\/\/blog.ilgiornale.it\/giacalone\/files\/2015\/11\/article-2317445-198FD062000005DC-551_634x475.jpg 634w\" sizes=\"(max-width: 300px) 100vw, 300px\" \/><\/a><br \/>\nL\u2019analista russo Alexei Grishin ha illustrato bene il fenomeno del reclutamento introducendo le figure del \u201cselezionatore\u201d, del \u201cpropagandista\u201d e del \u201creclutatore-facilitatore\u201d, ciascuno con un compito ben preciso. Personaggi che si possono muovere su internet (social network, forum, siti di incontri) cos\u00ec come tra le comunit\u00e0, una realt\u00e0 non esclude l\u2019altra.<br \/>\nSecondo Grishin ci sarebbero veri e propri approcci individuali al reclutamento, a seconda dell\u2019et\u00e0, del sesso, della condizione socio-psicologica del \u201ccandidato\u201d. Un vero e proprio processo di \u201cscreening\u201d col quale si individuano i \u201cpunti sensibili\u201d sui quali far leva: risentimento nei confronti del contesto sociale, disagio economico, problematiche psicologiche di rilievo, esigenze personali. L\u2019Isis promette un\u2019identit\u00e0, uno stipendio, il matrimonio, illude i potenziali reclutati di ricoprire un ruolo di tutto rilievo nella costruzione di un\u2019entit\u00e0 statale secondo dei dettami religiosi totalmente decontestualizzati e manipolati, facendo leva sull\u2019ignoranza.<br \/>\nUna teoria che poco piace ai teorici del \u201cmicro-reclutamento\u201d via internet ma che sembra trovare riscontro nei fatti. Ho pi\u00f9 volte sentito dire che propaganda e reclutamento avvengono principalmente in rete e non nei centri islamici, ma casi come quello di Bilal Bosnic, Bujar Hysa e Genci Balla confutano tale teoria, sia in Italia che all\u2019estero. Bisogna inoltre tener presente i \u201cgruppi marginali\u201d che si possono creare all\u2019interno di alcuni luoghi di culto, il cosidetto fenomeno \u201cfondo delle moschee\u201d, segnalato in diverse zone d\u2019Europa tra cui proprio Saint Denis: \u201cnon si tratta tanto dei discorsi che fanno gli imam o le loro prediche ufficiali, piuttosto sono quello che si dicono i gruppi organizzati a margine e che scelgono i luoghi di culto per parlare\u201d . Luoghi di culto ma non solo. Gli incontri possono infatti avvenire anche in bar, garage, sottoscala, cortili e ovunque si possa trovare sufficiente riservatezza.<br \/>\nIl processo di reclutamento non pu\u00f2 essere immaginato come qualcosa di rigido, ma come mutevole e adattabile al contesto di riferimento e non pu\u00f2 certo essere ridotto alla mera propaganda via internet.<\/p>\n","protected":false},"excerpt":{"rendered":"<p><p>Le indagini post-Parigi hanno portato le autorit\u00e0 di Francia e Belgio a concentrarsi in particolare su due quartieri \u201cghetto\u201d, precisamente Saint Denis, periferia nord di Parigi e Molenbeek a Bruxelles. E\u2019 chiaro, la retorica dell\u2019Isis fa presa dove c\u2019\u00e8 maggior disagio sociale, culturale ed economico e pu\u00f2 fare molti danni. L\u2019Isis ha capito che oggi c\u2019\u00e8 malcontento nelle citt\u00e0 europee ed \u00e8 l\u00ec che ha concentrato molta della propria propaganda, con tanto di messaggi in svariate lingue indirizzati a differenti contesti geografici: Russia, Balcani, Europa occidentale. La propaganda da sola per\u00f2 non basta, c\u2019\u00e8 bisogno di un meccanismo ben \u201coliato\u201d [&hellip;]<\/p>\n&nbsp;&nbsp;<div class=\"readmore\"><a href=\"https:\/\/blog.ilgiornale.it\/giacalone\/2015\/11\/19\/il-reclutamento-di-jihadisti-un-meccanismo-complesso-mosca-insegna\/\">Continua a leggere...<\/a><\/div><\/p>","protected":false},"author":1073,"featured_media":31,"comment_status":"open","ping_status":"closed","sticky":false,"template":"","format":"standard","meta":[],"categories":[99935],"tags":[47456,53050,100150,100448,19],"_links":{"self":[{"href":"https:\/\/blog.ilgiornale.it\/giacalone\/wp-json\/wp\/v2\/posts\/30"}],"collection":[{"href":"https:\/\/blog.ilgiornale.it\/giacalone\/wp-json\/wp\/v2\/posts"}],"about":[{"href":"https:\/\/blog.ilgiornale.it\/giacalone\/wp-json\/wp\/v2\/types\/post"}],"author":[{"embeddable":true,"href":"https:\/\/blog.ilgiornale.it\/giacalone\/wp-json\/wp\/v2\/users\/1073"}],"replies":[{"embeddable":true,"href":"https:\/\/blog.ilgiornale.it\/giacalone\/wp-json\/wp\/v2\/comments?post=30"}],"version-history":[{"count":2,"href":"https:\/\/blog.ilgiornale.it\/giacalone\/wp-json\/wp\/v2\/posts\/30\/revisions"}],"predecessor-version":[{"id":33,"href":"https:\/\/blog.ilgiornale.it\/giacalone\/wp-json\/wp\/v2\/posts\/30\/revisions\/33"}],"wp:featuredmedia":[{"embeddable":true,"href":"https:\/\/blog.ilgiornale.it\/giacalone\/wp-json\/wp\/v2\/media\/31"}],"wp:attachment":[{"href":"https:\/\/blog.ilgiornale.it\/giacalone\/wp-json\/wp\/v2\/media?parent=30"}],"wp:term":[{"taxonomy":"category","embeddable":true,"href":"https:\/\/blog.ilgiornale.it\/giacalone\/wp-json\/wp\/v2\/categories?post=30"},{"taxonomy":"post_tag","embeddable":true,"href":"https:\/\/blog.ilgiornale.it\/giacalone\/wp-json\/wp\/v2\/tags?post=30"}],"curies":[{"name":"wp","href":"https:\/\/api.w.org\/{rel}","templated":true}]}}