{"id":38,"date":"2015-11-27T09:00:37","date_gmt":"2015-11-27T08:00:37","guid":{"rendered":"https:\/\/blog.ilgiornale.it\/giacalone\/?p=38"},"modified":"2015-11-27T01:58:36","modified_gmt":"2015-11-27T00:58:36","slug":"mosca-identifica-i-presunti-assassini-del-pilota-russo","status":"publish","type":"post","link":"https:\/\/blog.ilgiornale.it\/giacalone\/2015\/11\/27\/mosca-identifica-i-presunti-assassini-del-pilota-russo\/","title":{"rendered":"Mosca identifica i presunti assassini del pilota russo"},"content":{"rendered":"<p>Ricollegandomi al precedente <a title=\"post\" href=\"https:\/\/blog.ilgiornale.it\/giacalone\/2015\/11\/24\/la-tuchia-abbatte-un-jet-russo-linizio-della-fine-del-governo-akp\/\" target=\"_blank\">post<\/a> sull\u2019abbattimento del SU-24 russo da parte della Turchia vorrei mettere in evidenza un fatto che sembra non aver trovato molto spazio sulla stampa nostrana, ma che vale la pena valutare.<\/p>\n<p><a href=\"https:\/\/blog.ilgiornale.it\/giacalone\/files\/2015\/11\/celik-alpaslan.jpg\"><img loading=\"lazy\" class=\"alignnone size-medium wp-image-40\" src=\"https:\/\/blog.ilgiornale.it\/giacalone\/files\/2015\/11\/celik-alpaslan-300x170.jpg\" alt=\"celik alpaslan\" width=\"300\" height=\"170\" srcset=\"https:\/\/blog.ilgiornale.it\/giacalone\/files\/2015\/11\/celik-alpaslan-300x170.jpg 300w, https:\/\/blog.ilgiornale.it\/giacalone\/files\/2015\/11\/celik-alpaslan.jpg 960w\" sizes=\"(max-width: 300px) 100vw, 300px\" \/><\/a><br \/>\nIl sito di analisi anti-terrorismo russo Kavkazpress ha pubblicato ieri un <a title=\"pezzo\" href=\"http:\/\/kavkazpress.ru\/archives\/86934\" target=\"_blank\">pezzo<\/a> dove veniva svelata l\u2019identit\u00e0 del \u201cbranco\u201d che sarebbe responsabile dell\u2019uccisione di Alexander Pozynich, il pilota paracadutatosi dopo che il proprio velivolo veniva colpito da un F-16 di Ankara. Il pezzo \u00e8 stato tradotto e rilanciato dall\u2019<a title=\"intellettuale dissidente\" href=\"http:\/\/www.lintellettualedissidente.it\/esteri-3\/trovare-e-distruggere\/\" target=\"_blank\">Intellettuale Dissidente<\/a>.<br \/>\nLeggendo il rapporto della Kavkazpress emergono subito alcuni aspetti interessanti:<\/p>\n<p>&#8211; I miliziani hanno aperto il fuoco contro il pilota in discesa col paracadute, violando cos\u00ec la Convenzione di Ginevra.<\/p>\n<p>&#8211; Il\u201ccapo-branco\u201d, tale Alpaslan Celik, \u00a0non sarebbe un turcomanno, ma un cittadino turco figlio di Ramzan Celik, ex sindaco della cittadina di Keban, nella provincia turca di Elazig e membro del partito nazionalista MHP.<\/p>\n<p>&#8211; Nel luglio 2014 Alpaslan Celik veniva immortalato in Iraq dove pare stesse combattendo per \u201cproteggere\u201d la popolazione turcomanna.<\/p>\n<p>&#8211; Alpaslan Celik appare in alcune foto, assieme ad altri commilitoni, mentre fa il gesto dei \u201cBozkurtlar\u201d, i ben noti \u201cLupi Grigi\u201d, organizzazione di estrema destra turca indicata in passato dai russi come legata alla rete Gladio.<\/p>\n<p>Un altro elemento interessante emerge dalle immagini di una conferenza stampa organizzata, subito dopo l\u2019uccisione del pilota russo, dal gruppo \u201cturcomanno\u201d, nelle quali si pu\u00f2 vedere Alpaslan mentre mostra con orgoglio un pezzo del paracadute del pilota e parla ai microfoni di Cnn e Fox News. Gi\u00e0, perch\u00e9 nonostante la zona geografica in questione non sia certo tra le pi\u00f9 facili da percorrere a causa dei check-point, dei combattimenti, dei bombardamenti, sembra che le emittenti televisive abbiano raggiunto la zona della conferenza stampa in tempi piuttosto brevi.<\/p>\n<p><a href=\"https:\/\/blog.ilgiornale.it\/giacalone\/files\/2015\/11\/turkmensum1_3509176b.jpg\"><img loading=\"lazy\" class=\"alignnone size-medium wp-image-39\" src=\"https:\/\/blog.ilgiornale.it\/giacalone\/files\/2015\/11\/turkmensum1_3509176b-300x187.jpg\" alt=\"turkmensum1_3509176b\" width=\"300\" height=\"187\" srcset=\"https:\/\/blog.ilgiornale.it\/giacalone\/files\/2015\/11\/turkmensum1_3509176b-300x187.jpg 300w, https:\/\/blog.ilgiornale.it\/giacalone\/files\/2015\/11\/turkmensum1_3509176b.jpg 620w\" sizes=\"(max-width: 300px) 100vw, 300px\" \/><\/a><br \/>\nE\u2019 dunque possibile che il governo AKP abbia preso di mira il jet russo perch\u00e9 i raid di Mosca colpivano interessi turchi in territorio siriano? Una domanda pi\u00f9 che legittima visto che, se l\u2019ipotesi del sito russo venisse confermata, ci troveremmo davanti a milizie di cittadini turchi, con legami istituzionali, che perseguono gli interessi di Ankara in territorio siriano.<\/p>\n<p>&nbsp;<\/p>\n","protected":false},"excerpt":{"rendered":"<p><p>Ricollegandomi al precedente post sull\u2019abbattimento del SU-24 russo da parte della Turchia vorrei mettere in evidenza un fatto che sembra non aver trovato molto spazio sulla stampa nostrana, ma che vale la pena valutare. Il sito di analisi anti-terrorismo russo Kavkazpress ha pubblicato ieri un pezzo dove veniva svelata l\u2019identit\u00e0 del \u201cbranco\u201d che sarebbe responsabile dell\u2019uccisione di Alexander Pozynich, il pilota paracadutatosi dopo che il proprio velivolo veniva colpito da un F-16 di Ankara. Il pezzo \u00e8 stato tradotto e rilanciato dall\u2019Intellettuale Dissidente. Leggendo il rapporto della Kavkazpress emergono subito alcuni aspetti interessanti: &#8211; I miliziani hanno aperto il fuoco [&hellip;]<\/p>\n&nbsp;&nbsp;<div class=\"readmore\"><a href=\"https:\/\/blog.ilgiornale.it\/giacalone\/2015\/11\/27\/mosca-identifica-i-presunti-assassini-del-pilota-russo\/\">Continua a leggere...<\/a><\/div><\/p>","protected":false},"author":1073,"featured_media":39,"comment_status":"open","ping_status":"closed","sticky":false,"template":"","format":"standard","meta":[],"categories":[100449],"tags":[100454,100455,19,3777,11],"_links":{"self":[{"href":"https:\/\/blog.ilgiornale.it\/giacalone\/wp-json\/wp\/v2\/posts\/38"}],"collection":[{"href":"https:\/\/blog.ilgiornale.it\/giacalone\/wp-json\/wp\/v2\/posts"}],"about":[{"href":"https:\/\/blog.ilgiornale.it\/giacalone\/wp-json\/wp\/v2\/types\/post"}],"author":[{"embeddable":true,"href":"https:\/\/blog.ilgiornale.it\/giacalone\/wp-json\/wp\/v2\/users\/1073"}],"replies":[{"embeddable":true,"href":"https:\/\/blog.ilgiornale.it\/giacalone\/wp-json\/wp\/v2\/comments?post=38"}],"version-history":[{"count":1,"href":"https:\/\/blog.ilgiornale.it\/giacalone\/wp-json\/wp\/v2\/posts\/38\/revisions"}],"predecessor-version":[{"id":41,"href":"https:\/\/blog.ilgiornale.it\/giacalone\/wp-json\/wp\/v2\/posts\/38\/revisions\/41"}],"wp:featuredmedia":[{"embeddable":true,"href":"https:\/\/blog.ilgiornale.it\/giacalone\/wp-json\/wp\/v2\/media\/39"}],"wp:attachment":[{"href":"https:\/\/blog.ilgiornale.it\/giacalone\/wp-json\/wp\/v2\/media?parent=38"}],"wp:term":[{"taxonomy":"category","embeddable":true,"href":"https:\/\/blog.ilgiornale.it\/giacalone\/wp-json\/wp\/v2\/categories?post=38"},{"taxonomy":"post_tag","embeddable":true,"href":"https:\/\/blog.ilgiornale.it\/giacalone\/wp-json\/wp\/v2\/tags?post=38"}],"curies":[{"name":"wp","href":"https:\/\/api.w.org\/{rel}","templated":true}]}}