{"id":62,"date":"2015-12-26T12:53:04","date_gmt":"2015-12-26T11:53:04","guid":{"rendered":"https:\/\/blog.ilgiornale.it\/giacalone\/?p=62"},"modified":"2015-12-26T12:53:04","modified_gmt":"2015-12-26T11:53:04","slug":"mosca-elimina-leader-jihadista-dei-ribelli-moderati-sostenitore-della-pulizia-etnica-degli-alawiti-e-degli-sciiti","status":"publish","type":"post","link":"https:\/\/blog.ilgiornale.it\/giacalone\/2015\/12\/26\/mosca-elimina-leader-jihadista-dei-ribelli-moderati-sostenitore-della-pulizia-etnica-degli-alawiti-e-degli-sciiti\/","title":{"rendered":"Mosca elimina leader jihadista dei \u201cribelli moderati\u201d sostenitore della pulizia etnica degli alawiti e degli sciiti"},"content":{"rendered":"<p>I jet dell\u2019aviazione russa hanno eliminato Zahran Alloush, leader della milizia jihadista siriana di matrice salafita \u201cJaish al-Islam\u201d, parte del neo-nato Fronte Islamico anti-Assad, appoggiata dall\u2019Arabia Saudita, tanto da essere stata invitata ai colloqui di Riyadh di inizio dicembre.<\/p>\n<p>Il suo successore \u00e8 Abu Himam al-Buwaydani, 40 anni, di Douma e proveniente da una famiglia con forti legami con i Fratelli Musulmani, secondo quanto riferito dal Telegraph. <a href=\"#_ftn1\" name=\"_ftnref1\">[1]<\/a> Quegli stessi Fratelli Musulmani che avevano recentemente invocato la jihad contro Mosca. <a href=\"#_ftn2\" name=\"_ftnref2\">[2]<\/a> <a href=\"#_ftn3\" name=\"_ftnref3\">[3]<\/a><\/p>\n<p>Alloush aveva invece invocato la pulizia etnica di sciiti e alawiti dalla zona di Damasco, definendo la loro religione \u201csbagliata\u201d. <a href=\"#_ftn4\" name=\"_ftnref4\">[4]<\/a><\/p>\n<p>Il padre di Zahran, tale \u00a0Sheikh Abdullah Alloush, \u00e8 un noto imam wahhabita originario di Damasco e residente proprio in Arabia Saudita.<\/p>\n<p>A inizio novembre 2015 i suoi jihadisti avevano rinchiuso in delle gabbie alcuni civili alawiti per usarli come scudi umani contro i bombardamenti russi e governativi. Purtroppo per Alloush e per alcuni suoi seguaci la vile tattica non \u00e8 servita perch\u00e9 poco pi\u00f9 di un mese dopo gli stessi aerei di Mosca hanno posto fine alle sue trame.<\/p>\n<p>Nell&#8217;aprile del 2015, Alloush era a Istanbul per incontrare altri capi \u201cribelli\u201d, a un evento appoggiato dal governo AKP legato ai Fratelli Musulmani.<\/p>\n<p>Nel 2013 Zahran Alloush aveva elogiato Usama Bin Laden e chiamato i terroristi della milizia qaedista di Jabhat al-Nusra \u201cfratelli\u201d.<\/p>\n<p><a href=\"https:\/\/blog.ilgiornale.it\/giacalone\/files\/2015\/12\/Sukhoi-Su27-Russian-Air-Force-Wallpaper.jpg\"><img loading=\"lazy\" class=\"alignnone size-medium wp-image-63\" src=\"https:\/\/blog.ilgiornale.it\/giacalone\/files\/2015\/12\/Sukhoi-Su27-Russian-Air-Force-Wallpaper-300x198.jpg\" alt=\"Sukhoi-Su27-Russian-Air-Force-Wallpaper\" width=\"300\" height=\"198\" srcset=\"https:\/\/blog.ilgiornale.it\/giacalone\/files\/2015\/12\/Sukhoi-Su27-Russian-Air-Force-Wallpaper-300x198.jpg 300w, https:\/\/blog.ilgiornale.it\/giacalone\/files\/2015\/12\/Sukhoi-Su27-Russian-Air-Force-Wallpaper-1024x676.jpg 1024w, https:\/\/blog.ilgiornale.it\/giacalone\/files\/2015\/12\/Sukhoi-Su27-Russian-Air-Force-Wallpaper.jpg 1599w\" sizes=\"(max-width: 300px) 100vw, 300px\" \/><\/a><\/p>\n<p>Al-Nusra? Ebbene si. Curioso no? I cosidetti \u201cribelli moderati\u201d sostenuti da Riyadh e Washington, proprio come la milizia di Alloush. Nulla di nuovo. Siamo abituati a vedere l\u2019amministrazione Obama cambiare terminologia ai gruppi jihadisti a seconda delle necessit\u00e0 strategiche. Certo \u00e8 che assistere alla redenzione di gruppi legati ad al-Qaeda, fino a poco tempo nemico numero 1 del \u201cmondo libero\u201d fa un po\u2019 sorridere.<\/p>\n<p>In ogni caso l\u2019eliminazione di Alloush e i suoi collaboratori fa emergere dei punti molto importanti e da valutare attentamente:<\/p>\n<p>1- Come giustamente messo in evidenza da Guido Olimpio del Corriere della Sera, \u00e8 plausibile credere che qualcuno abbia tradito Alloush, fornendo a Mosca le coordinate necessarie per l\u2019operazione.<\/p>\n<p>Il messaggio \u00e8 chiaro: Mosca arriva ovunque se vuole. Un monito per chi deve intendere, soprattutto ora che Alexander Bortnikov, capo del Servizio di sicurezza federale russo, ha annunciato che Mosca ha individuato i gruppi che hanno organizzato l&#8217;attentato contro l&#8217;aereo russo in Egitto.<\/p>\n<p>2- Putin, a differenza di Washington, non fa distinzioni tra \u201cjihadisti\u201d, \u201cterroristi\u201d e \u201cribelli moderati. Il nemico \u00e8 uno solo per Mosca, l\u2019Islamismo radicale. Del resto la Russia per anni ha subito l\u2019infiltrazione dell\u2019estremismo islamista di matrice wahhabita che aveva infestato il Caucaso, colpendo sistematicamente tutti quei musulmani ritenuti \u201cinfedeli\u201d, tra i quali il venerato maestro sufi Shaykh Said Afandi al-Chirkawi, ucciso da una donna kamikaze legata all\u2019Emirato del Caucaso nell\u2019estate del 2013.<\/p>\n<p>3- I cosidetti \u201cribelli moderati\u201d non sono pi\u00f9 al sicuro, non possono pi\u00f9 contare sulla protezione totale da parte di Istanbul e alleati.? Apparentemente non sono pi\u00f9 in grado di proteggerli? Sono mutati alcuni equilibri interni? Possibile che Washington cerchi un compromesso con Mosca per l\u2019intricata \u201cfaccenda\u201d siriana? Pu\u00f2 valer la pena riflettere su tutto ci\u00f2. Una cosa \u00e8 certa, l\u2019attacco ad Alloush \u00e8 un brutto colpo sia per Istanbul che per Riyadh ed \u00e8 plausibile credere che seguiranno altre azioni contro i jihadisti.<\/p>\n<p><a href=\"#_ftnref1\" name=\"_ftn1\">[1]<\/a> <a href=\"http:\/\/www.telegraph.co.uk\/news\/worldnews\/middleeast\/syria\/12069257\/Top-Syrian-rebel-leader-Zahran-Alloush-killed-in-air-strike-in-Damascus-suburb.html\">http:\/\/www.telegraph.co.uk\/news\/worldnews\/middleeast\/syria\/12069257\/Top-Syrian-rebel-leader-Zahran-Alloush-killed-in-air-strike-in-Damascus-suburb.html<\/a><\/p>\n<p><a href=\"#_ftnref2\" name=\"_ftn2\">[2]<\/a> <a href=\"http:\/\/www.theguardian.com\/world\/2015\/oct\/05\/syrian-insurgent-groups-vow-to-attack-russian-forces\">http:\/\/www.theguardian.com\/world\/2015\/oct\/05\/syrian-insurgent-groups-vow-to-attack-russian-forces<\/a><\/p>\n<p><a href=\"#_ftnref3\" name=\"_ftn3\">[3]<\/a> <a href=\"http:\/\/www.ikhwanweb.com\/article.php?id=32295\">http:\/\/www.ikhwanweb.com\/article.php?id=32295<\/a><\/p>\n<p><a href=\"#_ftnref4\" name=\"_ftn4\">[4]<\/a> <a href=\"http:\/\/www.joshualandis.com\/blog\/zahran-alloush\/\">http:\/\/www.joshualandis.com\/blog\/zahran-alloush\/<\/a><\/p>\n","protected":false},"excerpt":{"rendered":"<p><p>I jet dell\u2019aviazione russa hanno eliminato Zahran Alloush, leader della milizia jihadista siriana di matrice salafita \u201cJaish al-Islam\u201d, parte del neo-nato Fronte Islamico anti-Assad, appoggiata dall\u2019Arabia Saudita, tanto da essere stata invitata ai colloqui di Riyadh di inizio dicembre. Il suo successore \u00e8 Abu Himam al-Buwaydani, 40 anni, di Douma e proveniente da una famiglia con forti legami con i Fratelli Musulmani, secondo quanto riferito dal Telegraph. [1] Quegli stessi Fratelli Musulmani che avevano recentemente invocato la jihad contro Mosca. [2] [3] Alloush aveva invece invocato la pulizia etnica di sciiti e alawiti dalla zona di Damasco, definendo la loro [&hellip;]<\/p>\n&nbsp;&nbsp;<div class=\"readmore\"><a href=\"https:\/\/blog.ilgiornale.it\/giacalone\/2015\/12\/26\/mosca-elimina-leader-jihadista-dei-ribelli-moderati-sostenitore-della-pulizia-etnica-degli-alawiti-e-degli-sciiti\/\">Continua a leggere...<\/a><\/div><\/p>","protected":false},"author":1073,"featured_media":63,"comment_status":"open","ping_status":"closed","sticky":false,"template":"","format":"standard","meta":[],"categories":[100449,100510,100509,100508],"tags":[100476,100477,100478,811,19],"_links":{"self":[{"href":"https:\/\/blog.ilgiornale.it\/giacalone\/wp-json\/wp\/v2\/posts\/62"}],"collection":[{"href":"https:\/\/blog.ilgiornale.it\/giacalone\/wp-json\/wp\/v2\/posts"}],"about":[{"href":"https:\/\/blog.ilgiornale.it\/giacalone\/wp-json\/wp\/v2\/types\/post"}],"author":[{"embeddable":true,"href":"https:\/\/blog.ilgiornale.it\/giacalone\/wp-json\/wp\/v2\/users\/1073"}],"replies":[{"embeddable":true,"href":"https:\/\/blog.ilgiornale.it\/giacalone\/wp-json\/wp\/v2\/comments?post=62"}],"version-history":[{"count":1,"href":"https:\/\/blog.ilgiornale.it\/giacalone\/wp-json\/wp\/v2\/posts\/62\/revisions"}],"predecessor-version":[{"id":65,"href":"https:\/\/blog.ilgiornale.it\/giacalone\/wp-json\/wp\/v2\/posts\/62\/revisions\/65"}],"wp:featuredmedia":[{"embeddable":true,"href":"https:\/\/blog.ilgiornale.it\/giacalone\/wp-json\/wp\/v2\/media\/63"}],"wp:attachment":[{"href":"https:\/\/blog.ilgiornale.it\/giacalone\/wp-json\/wp\/v2\/media?parent=62"}],"wp:term":[{"taxonomy":"category","embeddable":true,"href":"https:\/\/blog.ilgiornale.it\/giacalone\/wp-json\/wp\/v2\/categories?post=62"},{"taxonomy":"post_tag","embeddable":true,"href":"https:\/\/blog.ilgiornale.it\/giacalone\/wp-json\/wp\/v2\/tags?post=62"}],"curies":[{"name":"wp","href":"https:\/\/api.w.org\/{rel}","templated":true}]}}