{"id":66,"date":"2015-12-28T10:30:59","date_gmt":"2015-12-28T09:30:59","guid":{"rendered":"https:\/\/blog.ilgiornale.it\/giacalone\/?p=66"},"modified":"2015-12-28T10:33:35","modified_gmt":"2015-12-28T09:33:35","slug":"yusuf-qaradawi-piange-la-morte-di-alloush-il-massacratore-di-sciiti","status":"publish","type":"post","link":"https:\/\/blog.ilgiornale.it\/giacalone\/2015\/12\/28\/yusuf-qaradawi-piange-la-morte-di-alloush-il-massacratore-di-sciiti\/","title":{"rendered":"Yusuf Qaradawi piange la morte di Alloush, il massacratore di sciiti."},"content":{"rendered":"<p>Con un post pubblicato il 26 dicembre scorso la guida spirituale dei Fratelli Musulmani, Yusuf Qaradawi, invocava la misericordia di Allah nei confronti del &#8220;martire&#8221; Zahran Alloush, leader della milizia \u00a0siriana \u201cJaish al-Islam\u201d e loda i jihadisti contro la \u201ccospirazione\u201d in Siria:<br \/>\n&#8220;<em>Che Allah abbia misericordia del martire Zahran Allouch, comandante di Jaysh al-Islam, che Allah garantisca la vittoria ai combattenti sulla via della loro libert\u00e0 e della loro dignit\u00e0, che Allah faccia tremare i troni di coloro che cospirano contro il popolo siriano<\/em>\u201d.<\/p>\n<p>&nbsp;<\/p>\n<p><a href=\"https:\/\/blog.ilgiornale.it\/giacalone\/files\/2015\/12\/qaradawi1.jpg\"><img loading=\"lazy\" class=\"alignnone  wp-image-67\" src=\"https:\/\/blog.ilgiornale.it\/giacalone\/files\/2015\/12\/qaradawi1-300x87.jpg\" alt=\"qaradawi1\" width=\"448\" height=\"130\" srcset=\"https:\/\/blog.ilgiornale.it\/giacalone\/files\/2015\/12\/qaradawi1-300x87.jpg 300w, https:\/\/blog.ilgiornale.it\/giacalone\/files\/2015\/12\/qaradawi1-1024x298.jpg 1024w, https:\/\/blog.ilgiornale.it\/giacalone\/files\/2015\/12\/qaradawi1.jpg 2048w\" sizes=\"(max-width: 448px) 100vw, 448px\" \/><\/a><br \/>\n<a title=\"Come gi\u00e0 detto in precedenza,\" href=\"https:\/\/blog.ilgiornale.it\/giacalone\/2015\/12\/26\/mosca-elimina-leader-jihadista-dei-ribelli-moderati-sostenitore-della-pulizia-etnica-degli-alawiti-e-degli-sciiti\/\" target=\"_blank\">Come gi\u00e0 detto in precedenza<\/a>, Allosuh era ben noto per aver invocato la pulizia etnica di sciiti e alawiti dalla zona di Damasco, definendo la loro religione \u201csbagliata\u201d. A inizio novembre i suoi \u201cuomini\u201d avevano rinchiuso in delle gabbie alcuni civili alawiti per usarli come scudi umani contro i bombardamenti russi e governativi. Suo padre, il wahhabita Sheikh Abdullah Alloush, vive in Arabia Saudita ed ha compiuto i propri studi all\u2019Universit\u00e0 Islamica di Medina.<\/p>\n<p>Il successore di Zahran sembra essere Abu Himam al-Buwaydani, proveniente da una famiglia con forti legami con i Fratelli Musulmani, secondo quanto riferito dal Telegraph.<br \/>\nIl fatto che Qaradawi pianga la morte di Alloush non sorprende, del resto fu proprio lui nell\u2019estate del 2013 a invocare la jihad contro gli sciiti in Siria, colpevoli a suo dire di voler sterminare i sunniti:\u201cOgni musulmano addestrato e in grado di combattere deve rendersi disponibile per appoggiare i ribelli siriani\u201d.<\/p>\n<p>Il 4 ottobre 2015 il sito dei Fratelli Musulmani \u201cIkhwanweb\u201d pubblicava una dichiarazione di una quindicina di righe dove si invocava alla \u201cresistenza\u201d contro Russia e sciiti, richiamando lo scenario ceceno e quello afghano.<\/p>\n<p><a href=\"https:\/\/blog.ilgiornale.it\/giacalone\/files\/2015\/12\/mbstatement.jpg\"><img loading=\"lazy\" class=\"alignnone size-medium wp-image-70\" src=\"https:\/\/blog.ilgiornale.it\/giacalone\/files\/2015\/12\/mbstatement-261x300.jpg\" alt=\"mbstatement\" width=\"261\" height=\"300\" srcset=\"https:\/\/blog.ilgiornale.it\/giacalone\/files\/2015\/12\/mbstatement-261x300.jpg 261w, https:\/\/blog.ilgiornale.it\/giacalone\/files\/2015\/12\/mbstatement.jpg 753w\" sizes=\"(max-width: 261px) 100vw, 261px\" \/><\/a><\/p>\n<p>In effetti i Fratelli Musulmani sono ben noti in Russia, tanto da essere stati messi al bando nel lontano 2003, con tanto di sentenza della Corte Suprema, per aver coordinato la creazione della Majlis ul-Shura dei mujahideen del Caucaso (\u0412\u044b\u0441\u0448\u0438\u0439 \u0432\u043e\u0435\u043d\u043d\u044b\u0439 \u043c\u0430\u0434\u0436\u043b\u0438\u0441\u0443\u043b\u044c \u0448\u0443\u0440\u0430 \u043e\u0431\u044a\u0435\u0434\u0438\u043d\u0451\u043d\u043d\u044b\u0445 \u0441\u0438\u043b \u043c\u043e\u0434\u0436\u0430\u0445\u0435\u0434\u043e\u0432 \u041a\u0430\u0432\u043a\u0430\u0437\u0430), guidata da Ibn al-Khattab e Shamil Basayev.<\/p>\n<p>Intanto al Giornale <a title=\"giungono segnalazioni\" href=\"https:\/\/www.ilgiornale.it\/news\/politica\/manuale-califfato-ecco-piano-segreto-conquistare-roma-1208045.html\" target=\"_blank\">giungono segnalazioni<\/a> riguardo a un sostenitore dei Fratelli Musulmani egiziani residente a Roma che pubblica su Facebook post inquietanti contro Russia, Israele e i \u00a0\u201cbastardi crociati\u201d.<br \/>\nTra i pi\u00f9 significativi:<\/p>\n<p><a href=\"https:\/\/blog.ilgiornale.it\/giacalone\/files\/2015\/12\/follia-pura.jpg\"><img loading=\"lazy\" class=\"alignnone size-medium wp-image-68\" src=\"https:\/\/blog.ilgiornale.it\/giacalone\/files\/2015\/12\/follia-pura-300x170.jpg\" alt=\"follia pura\" width=\"300\" height=\"170\" srcset=\"https:\/\/blog.ilgiornale.it\/giacalone\/files\/2015\/12\/follia-pura-300x170.jpg 300w, https:\/\/blog.ilgiornale.it\/giacalone\/files\/2015\/12\/follia-pura.jpg 583w\" sizes=\"(max-width: 300px) 100vw, 300px\" \/><\/a><\/p>\n<p><a href=\"https:\/\/blog.ilgiornale.it\/giacalone\/files\/2015\/12\/minacce-russia2.jpg\"><img loading=\"lazy\" class=\"alignnone size-medium wp-image-69\" src=\"https:\/\/blog.ilgiornale.it\/giacalone\/files\/2015\/12\/minacce-russia2-300x117.jpg\" alt=\"minacce russia2\" width=\"300\" height=\"117\" srcset=\"https:\/\/blog.ilgiornale.it\/giacalone\/files\/2015\/12\/minacce-russia2-300x117.jpg 300w, https:\/\/blog.ilgiornale.it\/giacalone\/files\/2015\/12\/minacce-russia2.jpg 588w\" sizes=\"(max-width: 300px) 100vw, 300px\" \/><\/a><\/p>\n<p>&nbsp;<\/p>\n<p>Forse \u00e8 il caso che il governo Renzi inizi a prendere seriamente in considerazione un eventuale approfondimento per quanto riguarda l\u2019organizzazione islamista e le sue eventuali presenze in Italia. Non ci si pu\u00f2 certo aspettare dei provvedimenti come quelli messi in atto da Mosca, per\u00f2 magari seguire le orme di David Cameron con la sua inchiesta sui FM in Gran Bretagna potrebbe gi\u00e0 essere un buon punto di partenza.<\/p>\n","protected":false},"excerpt":{"rendered":"<p><p>Con un post pubblicato il 26 dicembre scorso la guida spirituale dei Fratelli Musulmani, Yusuf Qaradawi, invocava la misericordia di Allah nei confronti del &#8220;martire&#8221; Zahran Alloush, leader della milizia \u00a0siriana \u201cJaish al-Islam\u201d e loda i jihadisti contro la \u201ccospirazione\u201d in Siria: &#8220;Che Allah abbia misericordia del martire Zahran Allouch, comandante di Jaysh al-Islam, che Allah garantisca la vittoria ai combattenti sulla via della loro libert\u00e0 e della loro dignit\u00e0, che Allah faccia tremare i troni di coloro che cospirano contro il popolo siriano\u201d. &nbsp; Come gi\u00e0 detto in precedenza, Allosuh era ben noto per aver invocato la pulizia etnica [&hellip;]<\/p>\n&nbsp;&nbsp;<div class=\"readmore\"><a href=\"https:\/\/blog.ilgiornale.it\/giacalone\/2015\/12\/28\/yusuf-qaradawi-piange-la-morte-di-alloush-il-massacratore-di-sciiti\/\">Continua a leggere...<\/a><\/div><\/p>","protected":false},"author":1073,"featured_media":67,"comment_status":"open","ping_status":"closed","sticky":false,"template":"","format":"standard","meta":[],"categories":[100449,13905,26,100510],"tags":[100477,100511,53050,3777,100481],"_links":{"self":[{"href":"https:\/\/blog.ilgiornale.it\/giacalone\/wp-json\/wp\/v2\/posts\/66"}],"collection":[{"href":"https:\/\/blog.ilgiornale.it\/giacalone\/wp-json\/wp\/v2\/posts"}],"about":[{"href":"https:\/\/blog.ilgiornale.it\/giacalone\/wp-json\/wp\/v2\/types\/post"}],"author":[{"embeddable":true,"href":"https:\/\/blog.ilgiornale.it\/giacalone\/wp-json\/wp\/v2\/users\/1073"}],"replies":[{"embeddable":true,"href":"https:\/\/blog.ilgiornale.it\/giacalone\/wp-json\/wp\/v2\/comments?post=66"}],"version-history":[{"count":1,"href":"https:\/\/blog.ilgiornale.it\/giacalone\/wp-json\/wp\/v2\/posts\/66\/revisions"}],"predecessor-version":[{"id":71,"href":"https:\/\/blog.ilgiornale.it\/giacalone\/wp-json\/wp\/v2\/posts\/66\/revisions\/71"}],"wp:featuredmedia":[{"embeddable":true,"href":"https:\/\/blog.ilgiornale.it\/giacalone\/wp-json\/wp\/v2\/media\/67"}],"wp:attachment":[{"href":"https:\/\/blog.ilgiornale.it\/giacalone\/wp-json\/wp\/v2\/media?parent=66"}],"wp:term":[{"taxonomy":"category","embeddable":true,"href":"https:\/\/blog.ilgiornale.it\/giacalone\/wp-json\/wp\/v2\/categories?post=66"},{"taxonomy":"post_tag","embeddable":true,"href":"https:\/\/blog.ilgiornale.it\/giacalone\/wp-json\/wp\/v2\/tags?post=66"}],"curies":[{"name":"wp","href":"https:\/\/api.w.org\/{rel}","templated":true}]}}