{"id":78,"date":"2016-01-12T00:00:21","date_gmt":"2016-01-11T23:00:21","guid":{"rendered":"https:\/\/blog.ilgiornale.it\/giacalone\/?p=78"},"modified":"2016-01-12T09:45:42","modified_gmt":"2016-01-12T08:45:42","slug":"colonia-molestie-dimportazione","status":"publish","type":"post","link":"https:\/\/blog.ilgiornale.it\/giacalone\/2016\/01\/12\/colonia-molestie-dimportazione\/","title":{"rendered":"Colonia: molestie d&#8217;importazione?"},"content":{"rendered":"<p>I dati sulle aggressioni di Capodanno a Colonia diventano sempre pi\u00f9 agghiaccianti, tanto che l\u2019<a title=\"Ansa\" href=\"http:\/\/www.ansa.it\/sito\/notizie\/mondo\/2016\/01\/11\/colonia-lelenco-shock-delle-violenze-di-capodanno_e70083b2-c6a7-457a-bc00-92966fafc3a7.html%20\" target=\"_blank\">Ansa<\/a> parla di un \u201celenco della vergogna\u201d :<br \/>\n\u201c\u2026un documento di 13 pagine pubblicato dalla Bild online, dove la polizia descrive con minuziosa precisione e tipico linguaggio burocratico, la notte del Capodanno dell&#8217;orrore vissuto da centinaia di donne di Colonia\u201d.<\/p>\n<p>Intanto il numero delle denunce aumenta e non soltanto a Colonia, ma anche in altre citt\u00e0 europee tra cui Amburgo, Salisburgo e Zurigo.<br \/>\nIl ministro dell&#8217;interno del Nord Reno Westfalia <a title=\"Ralf Jaeger\" href=\"http:\/\/it.reuters.com\/article\/topNews\/idITKCN0UP10120160111\" target=\"_blank\">Ralf Jaeger<\/a> \u00e8 stato chiarissimo davanti a una commissione speciale sulle violenze di Colonia:<br \/>\n&#8220;In base alle testimonianze, al rapporto della polizia di Colonia e alle descrizioni della polizia federale, sembra che siano quasi esclusivamente responsabili degli atti criminali persone con un background di migrazione\u201d.<br \/>\nJaeger ha inoltre aggiunto che le modalit\u00e0 con le quali \u00e8 stata gestita la situazione da parte della polizia sono inaccettabili e che le autorit\u00e0 non sono state in grado di raccogliere un quadro d\u2019insieme sui fatti fino al giorno seguente.<\/p>\n<p><a href=\"https:\/\/blog.ilgiornale.it\/giacalone\/files\/2016\/01\/colonia-675-642x336.jpg\"><img loading=\"lazy\" class=\"alignnone size-medium wp-image-79\" src=\"https:\/\/blog.ilgiornale.it\/giacalone\/files\/2016\/01\/colonia-675-642x336-300x157.jpg\" alt=\"Manifestazione 'Pro NRW' di simpatizzanti per la libert e contro l'Islam a Colonia\" width=\"300\" height=\"157\" srcset=\"https:\/\/blog.ilgiornale.it\/giacalone\/files\/2016\/01\/colonia-675-642x336-300x157.jpg 300w, https:\/\/blog.ilgiornale.it\/giacalone\/files\/2016\/01\/colonia-675-642x336.jpg 642w\" sizes=\"(max-width: 300px) 100vw, 300px\" \/><\/a><br \/>\n<strong><br \/>\nMolestie d&#8217;importazione?<\/strong><\/p>\n<p>C\u2019\u00e8 chi individua nei fatti di Capodanno un vero e proprio <em>Taharrush Gamea<\/em>\u00a0(\u062d\u0631\u0634 \u062c\u0645\u0627\u0639\u064a) in suolo europeo: termine arabo col quale si fa spesso riferimento a molestie sessuali sistematiche e organizzate durante eventi di piazza ai quali partecipa un elevato numero di persone.<br \/>\nUna pratica tristemente nota in Egitto, paese con uno dei tassi pi\u00f9 alti al mondo per quanto riguarda le molestie sulle donne. Numerosi casi vennero denunciati nel 2011 e nel 2013, durante le manifestazioni di piazza, tanto che nel marzo 2013 Amnesty International pubblic\u00f2 un rapporto dal titolo \u201c<em>Egypt: checklist to combat sexual and gender-based violence<\/em>\u201d.<\/p>\n<p>Ad agosto Morocco World News pubblicava <a title=\"un articolo\" href=\"http:\/\/www.moroccoworldnews.com\/2015\/08\/165196\/moroccan-women-affected-by-sexual-harassment-share-their-views\/\" target=\"_blank\">un articolo <\/a>dove si faceva riferimento al problema delle molestie nel paese, con relative testimonianze femminili al riguardo. Pochi giorni prima veniva pubblicato un altro <a title=\"pezzo\" href=\"http:\/\/www.moroccoworldnews.com\/2015\/07\/164169\/video-crowd-of-teenagers-sexually-harass-a-woman-in-tangier\/\" target=\"_blank\">pezzo<\/a> dove si denunciava un\u2019aggressione ai danni di una donna avvenuta a Tangeri, con tanto di <a title=\"filmato\" href=\"https:\/\/www.youtube.com\/watch?time_continue=88&amp;v=xZ-Ay9Iq0yA\" target=\"_blank\">filmato<\/a>.<\/p>\n<p>Le dinamiche sono le medesime riportate a Colonia e Amburgo:<\/p>\n<p>&#8211; La vittima viene accerchiata e bloccata da un branco di uomini, plausibilmente ma non necessariamente sotto l\u2019effetto di alcohol e\/o droga.<br \/>\n&#8211; La vittima viene molestata, abusata e in diversi casi anche derubata.<br \/>\n&#8211; Il branco successivamente si sposta altrove per colpire nuovamente.<\/p>\n<p>Dinamiche ben precise, fatti chiari che parlano da soli e che non necessitano di astrazioni filosofico-sociologiche di stampo relativista, quanto piuttosto di provvedimenti immediati, di misure preventive (onde evitare che fatti del genere si ripetano) e cautelative nei confronti dei responsabili.<br \/>\nE&#8217; evidente che qualcosa non funziona nel momento in cui centinaia di personaggi del genere, molti dei quali gi\u00e0 noti alle autorit\u00e0, sono liberi di radunarsi nelle piazze e dare il via a tali aggressioni, sistematiche e coordinate. Non si tratta di un giudizio di valore ma di una costatazione tecnica: la legge non \u00e8 stata fatta rispettare e questo non \u00e8 accettabile, non \u00e8 tollerabile.<br \/>\nChi sono tali personaggi? Da dove vengono? Cosa facevano in suolo tedesco? Forse qualcuno di loro ha pensato che una donna in minigonna che sorseggia una birra o fuma una sigaretta \u00e8 una poco di buono? Ha pensato molto male\u2026\u2026<br \/>\nIntanto noi attendiamo risposte, visto che le \u201cmodalit\u00e0\u201d di aggressione gi\u00e0 le conosciamo bene.<\/p>\n","protected":false},"excerpt":{"rendered":"<p><p>I dati sulle aggressioni di Capodanno a Colonia diventano sempre pi\u00f9 agghiaccianti, tanto che l\u2019Ansa parla di un \u201celenco della vergogna\u201d : \u201c\u2026un documento di 13 pagine pubblicato dalla Bild online, dove la polizia descrive con minuziosa precisione e tipico linguaggio burocratico, la notte del Capodanno dell&#8217;orrore vissuto da centinaia di donne di Colonia\u201d. Intanto il numero delle denunce aumenta e non soltanto a Colonia, ma anche in altre citt\u00e0 europee tra cui Amburgo, Salisburgo e Zurigo. Il ministro dell&#8217;interno del Nord Reno Westfalia Ralf Jaeger \u00e8 stato chiarissimo davanti a una commissione speciale sulle violenze di Colonia: &#8220;In base [&hellip;]<\/p>\n&nbsp;&nbsp;<div class=\"readmore\"><a href=\"https:\/\/blog.ilgiornale.it\/giacalone\/2016\/01\/12\/colonia-molestie-dimportazione\/\">Continua a leggere...<\/a><\/div><\/p>","protected":false},"author":1073,"featured_media":79,"comment_status":"open","ping_status":"closed","sticky":false,"template":"","format":"standard","meta":[],"categories":[99150,42,100512,100509],"tags":[51713,100513,53050,71551,100485],"_links":{"self":[{"href":"https:\/\/blog.ilgiornale.it\/giacalone\/wp-json\/wp\/v2\/posts\/78"}],"collection":[{"href":"https:\/\/blog.ilgiornale.it\/giacalone\/wp-json\/wp\/v2\/posts"}],"about":[{"href":"https:\/\/blog.ilgiornale.it\/giacalone\/wp-json\/wp\/v2\/types\/post"}],"author":[{"embeddable":true,"href":"https:\/\/blog.ilgiornale.it\/giacalone\/wp-json\/wp\/v2\/users\/1073"}],"replies":[{"embeddable":true,"href":"https:\/\/blog.ilgiornale.it\/giacalone\/wp-json\/wp\/v2\/comments?post=78"}],"version-history":[{"count":1,"href":"https:\/\/blog.ilgiornale.it\/giacalone\/wp-json\/wp\/v2\/posts\/78\/revisions"}],"predecessor-version":[{"id":80,"href":"https:\/\/blog.ilgiornale.it\/giacalone\/wp-json\/wp\/v2\/posts\/78\/revisions\/80"}],"wp:featuredmedia":[{"embeddable":true,"href":"https:\/\/blog.ilgiornale.it\/giacalone\/wp-json\/wp\/v2\/media\/79"}],"wp:attachment":[{"href":"https:\/\/blog.ilgiornale.it\/giacalone\/wp-json\/wp\/v2\/media?parent=78"}],"wp:term":[{"taxonomy":"category","embeddable":true,"href":"https:\/\/blog.ilgiornale.it\/giacalone\/wp-json\/wp\/v2\/categories?post=78"},{"taxonomy":"post_tag","embeddable":true,"href":"https:\/\/blog.ilgiornale.it\/giacalone\/wp-json\/wp\/v2\/tags?post=78"}],"curies":[{"name":"wp","href":"https:\/\/api.w.org\/{rel}","templated":true}]}}