{"id":92,"date":"2016-03-09T15:55:22","date_gmt":"2016-03-09T14:55:22","guid":{"rendered":"https:\/\/blog.ilgiornale.it\/giacalone\/?p=92"},"modified":"2016-03-09T16:01:57","modified_gmt":"2016-03-09T15:01:57","slug":"profughi-e-terrorismo-il-pericolo-infiltrazione","status":"publish","type":"post","link":"https:\/\/blog.ilgiornale.it\/giacalone\/2016\/03\/09\/profughi-e-terrorismo-il-pericolo-infiltrazione\/","title":{"rendered":"Profughi e terrorismo, il pericolo infiltrazione"},"content":{"rendered":"<p>Per diverso tempo alcuni giornali, membri delle istituzioni e analisti hanno sistematicamente ribadito che il rischio d&#8217;infiltrazione da parte dei terroristi nel flusso di profughi proveniente da Africa e Medio Oriente era praticamente inesistente e che tale ipotesi non era altro che una strumentalizzazione contro l\u2019accoglienza.<br \/>\nOvviamente chi osava ipotizzare tale eventualit\u00e0 veniva immediatamente bollato come xenofobo, razzista, reazionario e chi pi\u00f9 ne ha pi\u00f9 ne metta. Del resto si va a toccare un tasto delicato considerato che il traffico di profughi, come affermato dallo stesso Buzzi di Mafia Capitale, rende pi\u00f9 della droga.<br \/>\n<a href=\"https:\/\/blog.ilgiornale.it\/giacalone\/files\/2016\/03\/image.jpg\"><img loading=\"lazy\" class=\"alignnone size-medium wp-image-93\" src=\"https:\/\/blog.ilgiornale.it\/giacalone\/files\/2016\/03\/image-300x169.jpg\" alt=\"image\" width=\"300\" height=\"169\" srcset=\"https:\/\/blog.ilgiornale.it\/giacalone\/files\/2016\/03\/image-300x169.jpg 300w, https:\/\/blog.ilgiornale.it\/giacalone\/files\/2016\/03\/image.jpg 960w\" sizes=\"(max-width: 300px) 100vw, 300px\" \/><\/a><br \/>\nUn business milionario non soltanto a livello nazionale con le varie cooperative, i privati, i servizi sociali eccetera, ma anche a livello internazionale, come dimostra l\u2019incontro UE-Turchia di due giorni fa, con Ankara che batte nuovamente cassa per controllare il flusso di profughi provenienti dalla Siria. Un gran bel giro d\u2019affari insomma e guai a chi osa toccarlo.<br \/>\nChi si occupa di sicurezza per\u00f2 non pu\u00f2 certo mettere la testa sotto la sabbia ed escludere a priori un potenziale inserimento di jihadisti che tentano di sfruttare il flusso per colpire l\u2019Europa.<br \/>\nNelle scorse settimane erano gi\u00e0 giunte alcune segnalazioni sul rischio infiltrazione in Albania all\u2019interno di un flusso di 500-1000 profughi che dovrebbero essere trasferiti nel Paese delle Aquile dalla Grecia. Alcuni esperti albanesi hanno affermato che difficilmente si riuscir\u00e0 a verificare e controllare chi entra; un dato di fatto.<br \/>\nLa notizia giunta oggi dell\u2019arresto di un imam somalo di 22 anni ospite in un centro di accoglienza a Campobasso, con l\u2019accusa di premeditare un attentato a Roma e incitare gli altri ospiti del centro a compiere azioni violente in nome del jihad, non fa altro che confermare il rischio infiltrazione.<br \/>\nQuesta volta \u00e8 andata bene, gli apparati di sicurezza si sono mossi egregiamente ed hanno neutralizzato la minaccia. E\u2019 chiaro che monitorare tutti non \u00e8 semplice e pi\u00f9 aumenta il numero di profughi e maggiori diventano le difficolt\u00e0 per quanto riguarda la prevenzione e il controllo.<\/p>\n","protected":false},"excerpt":{"rendered":"<p><p>Per diverso tempo alcuni giornali, membri delle istituzioni e analisti hanno sistematicamente ribadito che il rischio d&#8217;infiltrazione da parte dei terroristi nel flusso di profughi proveniente da Africa e Medio Oriente era praticamente inesistente e che tale ipotesi non era altro che una strumentalizzazione contro l\u2019accoglienza. Ovviamente chi osava ipotizzare tale eventualit\u00e0 veniva immediatamente bollato come xenofobo, razzista, reazionario e chi pi\u00f9 ne ha pi\u00f9 ne metta. Del resto si va a toccare un tasto delicato considerato che il traffico di profughi, come affermato dallo stesso Buzzi di Mafia Capitale, rende pi\u00f9 della droga. Un business milionario non soltanto a [&hellip;]<\/p>\n&nbsp;&nbsp;<div class=\"readmore\"><a href=\"https:\/\/blog.ilgiornale.it\/giacalone\/2016\/03\/09\/profughi-e-terrorismo-il-pericolo-infiltrazione\/\">Continua a leggere...<\/a><\/div><\/p>","protected":false},"author":1073,"featured_media":93,"comment_status":"open","ping_status":"closed","sticky":false,"template":"","format":"standard","meta":[],"categories":[99150,100449,42,100510,100512,100509],"tags":[26366,15,47456,53050,846],"_links":{"self":[{"href":"https:\/\/blog.ilgiornale.it\/giacalone\/wp-json\/wp\/v2\/posts\/92"}],"collection":[{"href":"https:\/\/blog.ilgiornale.it\/giacalone\/wp-json\/wp\/v2\/posts"}],"about":[{"href":"https:\/\/blog.ilgiornale.it\/giacalone\/wp-json\/wp\/v2\/types\/post"}],"author":[{"embeddable":true,"href":"https:\/\/blog.ilgiornale.it\/giacalone\/wp-json\/wp\/v2\/users\/1073"}],"replies":[{"embeddable":true,"href":"https:\/\/blog.ilgiornale.it\/giacalone\/wp-json\/wp\/v2\/comments?post=92"}],"version-history":[{"count":3,"href":"https:\/\/blog.ilgiornale.it\/giacalone\/wp-json\/wp\/v2\/posts\/92\/revisions"}],"predecessor-version":[{"id":96,"href":"https:\/\/blog.ilgiornale.it\/giacalone\/wp-json\/wp\/v2\/posts\/92\/revisions\/96"}],"wp:featuredmedia":[{"embeddable":true,"href":"https:\/\/blog.ilgiornale.it\/giacalone\/wp-json\/wp\/v2\/media\/93"}],"wp:attachment":[{"href":"https:\/\/blog.ilgiornale.it\/giacalone\/wp-json\/wp\/v2\/media?parent=92"}],"wp:term":[{"taxonomy":"category","embeddable":true,"href":"https:\/\/blog.ilgiornale.it\/giacalone\/wp-json\/wp\/v2\/categories?post=92"},{"taxonomy":"post_tag","embeddable":true,"href":"https:\/\/blog.ilgiornale.it\/giacalone\/wp-json\/wp\/v2\/tags?post=92"}],"curies":[{"name":"wp","href":"https:\/\/api.w.org\/{rel}","templated":true}]}}